{"id":687149,"date":"2025-10-05T20:48:54","date_gmt":"2025-10-06T02:48:54","guid":{"rendered":"https:\/\/www.diarioimagen.net\/?p=687149"},"modified":"2025-10-05T20:48:54","modified_gmt":"2025-10-06T02:48:54","slug":"el-prd-seguira-luchando-por-las-causas-justas-lucina-cortes","status":"publish","type":"post","link":"https:\/\/www.diarioimagen.net\/?p=687149","title":{"rendered":"El PRD seguir\u00e1 luchando por las causas justas: Lucina Cort\u00e9s\u00a0"},"content":{"rendered":"<p><img loading=\"lazy\" decoding=\"async\" class=\"alignnone wp-image-687150 size-large\" src=\"https:\/\/www.diarioimagen.net\/wp-content\/uploads\/2025\/10\/BAENA-4-ok-2-460x212.jpg\" alt=\"\" width=\"460\" height=\"212\" srcset=\"https:\/\/www.diarioimagen.net\/wp-content\/uploads\/2025\/10\/BAENA-4-ok-2-460x212.jpg 460w, https:\/\/www.diarioimagen.net\/wp-content\/uploads\/2025\/10\/BAENA-4-ok-2-240x110.jpg 240w, https:\/\/www.diarioimagen.net\/wp-content\/uploads\/2025\/10\/BAENA-4-ok-2-768x353.jpg 768w, https:\/\/www.diarioimagen.net\/wp-content\/uploads\/2025\/10\/BAENA-4-ok-2-1536x707.jpg 1536w, https:\/\/www.diarioimagen.net\/wp-content\/uploads\/2025\/10\/BAENA-4-ok-2-2048x942.jpg 2048w\" sizes=\"auto, (max-width: 460px) 100vw, 460px\" \/><\/p>\n<p>&nbsp;<\/p>\n<p>Naucalpan, M\u00e9x.- Con la colocaci\u00f3n de vinilonas en las casas de militantes, simpatizantes y vecinos, el Partido de la Revoluci\u00f3n Democr\u00e1tica (PRD)\u00a0 asumi\u00f3 la continuidad de su lucha por las causas populares. Lucina Cort\u00e9s Cornejo, dirigente municipal de ese partido en Naucalpan, subray\u00f3 que \u00abel prop\u00f3sito de esta campa\u00f1a es mantener vivo el esp\u00edritu combativo del Partido del Sol Azteca y retomar de nueva cuenta las calles\u00bb, dijo. Destac\u00f3 que la lucha social es leg\u00edtima y siempre hay que estar del lado de quienes buscan una mejor calidad de vida y bienestar en sus comunidades.<\/p>\n<p>&nbsp;<\/p>\n<p>&nbsp;<\/p>\n<p>Puntualiz\u00f3 que es inadmisible abandonar la batalla, cuando los requerimientos en las colonias por falta de agua, seguridad y otros servicios es una urgencia.<\/p>\n<p>&nbsp;<\/p>\n","protected":false},"excerpt":{"rendered":"<p>&nbsp; Naucalpan, M\u00e9x.- Con la colocaci\u00f3n de vinilonas en las casas de militantes, simpatizantes y vecinos, el Partido de la Revoluci\u00f3n Democr\u00e1tica (PRD)\u00a0 asumi\u00f3 la continuidad de su lucha por las causas populares. Lucina Cort\u00e9s Cornejo, dirigente municipal de ese partido en Naucalpan, subray\u00f3 que \u00abel prop\u00f3sito de esta campa\u00f1a es mantener vivo el esp\u00edritu [&hellip;]<\/p>\n","protected":false},"author":14,"featured_media":687150,"comment_status":"open","ping_status":"open","sticky":false,"template":"","format":"standard","meta":{"_monsterinsights_skip_tracking":false,"_monsterinsights_sitenote_active":false,"_monsterinsights_sitenote_note":"","_monsterinsights_sitenote_category":0,"footnotes":""},"categories":[5],"tags":[],"class_list":["post-687149","post","type-post","status-publish","format-standard","has-post-thumbnail","hentry","category-estado-de-mexico"],"_links":{"self":[{"href":"https:\/\/www.diarioimagen.net\/index.php?rest_route=\/wp\/v2\/posts\/687149","targetHints":{"allow":["GET"]}}],"collection":[{"href":"https:\/\/www.diarioimagen.net\/index.php?rest_route=\/wp\/v2\/posts"}],"about":[{"href":"https:\/\/www.diarioimagen.net\/index.php?rest_route=\/wp\/v2\/types\/post"}],"author":[{"embeddable":true,"href":"https:\/\/www.diarioimagen.net\/index.php?rest_route=\/wp\/v2\/users\/14"}],"replies":[{"embeddable":true,"href":"https:\/\/www.diarioimagen.net\/index.php?rest_route=%2Fwp%2Fv2%2Fcomments&post=687149"}],"version-history":[{"count":1,"href":"https:\/\/www.diarioimagen.net\/index.php?rest_route=\/wp\/v2\/posts\/687149\/revisions"}],"predecessor-version":[{"id":687151,"href":"https:\/\/www.diarioimagen.net\/index.php?rest_route=\/wp\/v2\/posts\/687149\/revisions\/687151"}],"wp:featuredmedia":[{"embeddable":true,"href":"https:\/\/www.diarioimagen.net\/index.php?rest_route=\/wp\/v2\/media\/687150"}],"wp:attachment":[{"href":"https:\/\/www.diarioimagen.net\/index.php?rest_route=%2Fwp%2Fv2%2Fmedia&parent=687149"}],"wp:term":[{"taxonomy":"category","embeddable":true,"href":"https:\/\/www.diarioimagen.net\/index.php?rest_route=%2Fwp%2Fv2%2Fcategories&post=687149"},{"taxonomy":"post_tag","embeddable":true,"href":"https:\/\/www.diarioimagen.net\/index.php?rest_route=%2Fwp%2Fv2%2Ftags&post=687149"}],"curies":[{"name":"wp","href":"https:\/\/api.w.org\/{rel}","templated":true}]}}