{"id":687158,"date":"2025-10-05T20:58:14","date_gmt":"2025-10-06T02:58:14","guid":{"rendered":"https:\/\/www.diarioimagen.net\/?p=687158"},"modified":"2025-10-05T20:58:14","modified_gmt":"2025-10-06T02:58:14","slug":"modernizan-escuelas-en-beneficio-de-mas-de-32-mil-estudiantes","status":"publish","type":"post","link":"https:\/\/www.diarioimagen.net\/?p=687158","title":{"rendered":"Modernizan escuelas en beneficio de m\u00e1s de 32 mil estudiantes"},"content":{"rendered":"<ul>\n<li><strong>En Joquicingo, Villa Victoria y Almoloya de Ju\u00e1rez<\/strong><\/li>\n<\/ul>\n<p><strong>\u00a0<\/strong><\/p>\n<div id=\"attachment_687159\" style=\"width: 415px\" class=\"wp-caption alignnone\"><img loading=\"lazy\" decoding=\"async\" aria-describedby=\"caption-attachment-687159\" class=\"wp-image-687159 size-large\" src=\"https:\/\/www.diarioimagen.net\/wp-content\/uploads\/2025\/10\/EDOMEX-2-ok-405x270.jpg\" alt=\"\" width=\"405\" height=\"270\" srcset=\"https:\/\/www.diarioimagen.net\/wp-content\/uploads\/2025\/10\/EDOMEX-2-ok-405x270.jpg 405w, https:\/\/www.diarioimagen.net\/wp-content\/uploads\/2025\/10\/EDOMEX-2-ok-240x160.jpg 240w, https:\/\/www.diarioimagen.net\/wp-content\/uploads\/2025\/10\/EDOMEX-2-ok-768x511.jpg 768w, https:\/\/www.diarioimagen.net\/wp-content\/uploads\/2025\/10\/EDOMEX-2-ok.jpg 1500w\" sizes=\"auto, (max-width: 405px) 100vw, 405px\" \/><p id=\"caption-attachment-687159\" class=\"wp-caption-text\">El titular de la SECTI, Miguel \u00c1ngel Hern\u00e1ndez Espejel, entreg\u00f3 obras de infraestructura educativa, rehabilitaci\u00f3n de planteles, mobiliario y equipamiento en beneficio de m\u00e1s de 32 mil estudiantes de 166 planteles.<\/p><\/div>\n<p>&nbsp;<\/p>\n<p>&nbsp;<\/p>\n<p>Almoloya de Ju\u00e1rez, Estado de M\u00e9xico.\u2013 Con una inversi\u00f3n cercana a 40 millones de pesos, el Gobierno del Estado de M\u00e9xico, encabezado por la Maestra Delfina G\u00f3mez \u00c1lvarez, entreg\u00f3 obras de infraestructura, rehabilitaci\u00f3n de planteles, mobiliario y equipamiento en beneficio de m\u00e1s de 32 mil estudiantes de Joquicingo, Villa Victoria y Almoloya de Ju\u00e1rez.<\/p>\n<p>Durante una gira de trabajo, Miguel \u00c1ngel Hern\u00e1ndez Espejel, Secretario de Educaci\u00f3n, Ciencia, Tecnolog\u00eda e Innovaci\u00f3n, entreg\u00f3 obras de rehabilitaci\u00f3n de sanitarios en la Secundaria Oficial No. 558 \u201cPresidente Adolfo L\u00f3pez Mateos\u201d de Joquicingo con una inversi\u00f3n de un mill\u00f3n 74 mil pesos; tambi\u00e9n otorg\u00f3 mobiliario a 13 escuelas de preescolar, primaria y secundaria, en beneficio de mil 978 estudiantes, con una inversi\u00f3n de 1.3 millones.<\/p>\n<p>En la Telesecundaria Oficial No. 35 \u201cLeyes de Reforma\u201d de Villa Victoria, inaugur\u00f3 la construcci\u00f3n y equipamiento de una sala de c\u00f3mputo, y entreg\u00f3 mobiliario por 14.2 millones de pesos, en beneficio de 62 escuelas, lo que impacta a m\u00e1s de 11 mil 800 alumnas y alumnos.<\/p>\n<p>En la Primaria \u201cNo\u00e9 P\u00e9rez\u201d del mismo municipio, se entregaron obras de rehabilitaci\u00f3n y sustituci\u00f3n de la plaza c\u00edvica, con inversi\u00f3n de 2.6 millones de pesos, y mobiliario por 6.3 millones en beneficio de 5 mil 701 estudiantes de 62 escuelas.<\/p>\n<p>En Almoloya de Ju\u00e1rez, en la Primaria \u201cJuana de Asbaje\u201d, el Secretario entreg\u00f3 la rehabilitaci\u00f3n general del plantel y la construcci\u00f3n de rampas con inversi\u00f3n de 1.4 millones de pesos; adem\u00e1s, mobiliario por 5.6 millones en 44 escuelas, beneficiando a 5 mil 391 estudiantes. Mientras que en la Primaria \u201cLic. Juan Fern\u00e1ndez Albarr\u00e1n\u201d se construy\u00f3 una barda perimetral con 1.4 millones de pesos, y se otorg\u00f3 mobiliario por 5.9 millones en 45 escuelas, en beneficio de 7 mil 851 estudiantes.<\/p>\n<p>En total, estas acciones beneficiaron a 166 escuelas de educaci\u00f3n b\u00e1sica, como parte de la Estrategia Integral para el Bienestar de la Comunidad Escolar 2025-2026.<\/p>\n<p>Estas entregas son parte de la estrategia del Gobierno del Estado de M\u00e9xico, encabezado por la Maestra Delfina G\u00f3mez \u00c1lvarez, que coloca a la educaci\u00f3n en el centro de la transformaci\u00f3n, atendiendo a las comunidades escolares con un gobierno de m\u00e1s territorio y menos escritorio.<\/p>\n<p>&nbsp;<\/p>\n<p>&nbsp;<\/p>\n<p>&nbsp;<\/p>\n<p>&nbsp;<\/p>\n","protected":false},"excerpt":{"rendered":"<p>En Joquicingo, Villa Victoria y Almoloya de Ju\u00e1rez \u00a0 &nbsp; &nbsp; Almoloya de Ju\u00e1rez, Estado de M\u00e9xico.\u2013 Con una inversi\u00f3n cercana a 40 millones de pesos, el Gobierno del Estado de M\u00e9xico, encabezado por la Maestra Delfina G\u00f3mez \u00c1lvarez, entreg\u00f3 obras de infraestructura, rehabilitaci\u00f3n de planteles, mobiliario y equipamiento en beneficio de m\u00e1s de 32 [&hellip;]<\/p>\n","protected":false},"author":14,"featured_media":687159,"comment_status":"open","ping_status":"open","sticky":false,"template":"","format":"standard","meta":{"_monsterinsights_skip_tracking":false,"_monsterinsights_sitenote_active":false,"_monsterinsights_sitenote_note":"","_monsterinsights_sitenote_category":0,"footnotes":""},"categories":[5],"tags":[],"class_list":["post-687158","post","type-post","status-publish","format-standard","has-post-thumbnail","hentry","category-estado-de-mexico"],"_links":{"self":[{"href":"https:\/\/www.diarioimagen.net\/index.php?rest_route=\/wp\/v2\/posts\/687158","targetHints":{"allow":["GET"]}}],"collection":[{"href":"https:\/\/www.diarioimagen.net\/index.php?rest_route=\/wp\/v2\/posts"}],"about":[{"href":"https:\/\/www.diarioimagen.net\/index.php?rest_route=\/wp\/v2\/types\/post"}],"author":[{"embeddable":true,"href":"https:\/\/www.diarioimagen.net\/index.php?rest_route=\/wp\/v2\/users\/14"}],"replies":[{"embeddable":true,"href":"https:\/\/www.diarioimagen.net\/index.php?rest_route=%2Fwp%2Fv2%2Fcomments&post=687158"}],"version-history":[{"count":1,"href":"https:\/\/www.diarioimagen.net\/index.php?rest_route=\/wp\/v2\/posts\/687158\/revisions"}],"predecessor-version":[{"id":687160,"href":"https:\/\/www.diarioimagen.net\/index.php?rest_route=\/wp\/v2\/posts\/687158\/revisions\/687160"}],"wp:featuredmedia":[{"embeddable":true,"href":"https:\/\/www.diarioimagen.net\/index.php?rest_route=\/wp\/v2\/media\/687159"}],"wp:attachment":[{"href":"https:\/\/www.diarioimagen.net\/index.php?rest_route=%2Fwp%2Fv2%2Fmedia&parent=687158"}],"wp:term":[{"taxonomy":"category","embeddable":true,"href":"https:\/\/www.diarioimagen.net\/index.php?rest_route=%2Fwp%2Fv2%2Fcategories&post=687158"},{"taxonomy":"post_tag","embeddable":true,"href":"https:\/\/www.diarioimagen.net\/index.php?rest_route=%2Fwp%2Fv2%2Ftags&post=687158"}],"curies":[{"name":"wp","href":"https:\/\/api.w.org\/{rel}","templated":true}]}}