{"id":687355,"date":"2025-10-06T21:38:10","date_gmt":"2025-10-07T03:38:10","guid":{"rendered":"https:\/\/www.diarioimagen.net\/?p=687355"},"modified":"2025-10-06T21:38:10","modified_gmt":"2025-10-07T03:38:10","slug":"resultados-positivos-del-suteym-bajo-el-liderazgo-de-herminio-cahue-calderon","status":"publish","type":"post","link":"https:\/\/www.diarioimagen.net\/?p=687355","title":{"rendered":"Resultados positivos del SUTEyM bajo  el liderazgo de Herminio Cahue Calder\u00f3n"},"content":{"rendered":"<p>&nbsp;<\/p>\n<ul>\n<li><strong>Destacan Tom\u00e1s Palomares y David Parra gesti\u00f3n<\/strong><\/li>\n<\/ul>\n<p><strong>\u00a0<\/strong><\/p>\n<p><img loading=\"lazy\" decoding=\"async\" class=\"alignnone wp-image-687356 size-large\" src=\"https:\/\/www.diarioimagen.net\/wp-content\/uploads\/2025\/10\/BAENA-1-ok-3-460x259.jpg\" alt=\"\" width=\"460\" height=\"259\" srcset=\"https:\/\/www.diarioimagen.net\/wp-content\/uploads\/2025\/10\/BAENA-1-ok-3-460x259.jpg 460w, https:\/\/www.diarioimagen.net\/wp-content\/uploads\/2025\/10\/BAENA-1-ok-3-240x135.jpg 240w, https:\/\/www.diarioimagen.net\/wp-content\/uploads\/2025\/10\/BAENA-1-ok-3-768x432.jpg 768w, https:\/\/www.diarioimagen.net\/wp-content\/uploads\/2025\/10\/BAENA-1-ok-3-480x270.jpg 480w, https:\/\/www.diarioimagen.net\/wp-content\/uploads\/2025\/10\/BAENA-1-ok-3-235x132.jpg 235w, https:\/\/www.diarioimagen.net\/wp-content\/uploads\/2025\/10\/BAENA-1-ok-3-202x114.jpg 202w, https:\/\/www.diarioimagen.net\/wp-content\/uploads\/2025\/10\/BAENA-1-ok-3-350x196.jpg 350w, https:\/\/www.diarioimagen.net\/wp-content\/uploads\/2025\/10\/BAENA-1-ok-3-220x123.jpg 220w, https:\/\/www.diarioimagen.net\/wp-content\/uploads\/2025\/10\/BAENA-1-ok-3-237x132.jpg 237w, https:\/\/www.diarioimagen.net\/wp-content\/uploads\/2025\/10\/BAENA-1-ok-3.jpg 1500w\" sizes=\"auto, (max-width: 460px) 100vw, 460px\" \/><\/p>\n<p>&nbsp;<\/p>\n<p>Por Arturo Baena<\/p>\n<p>&nbsp;<\/p>\n<p>Valle de M\u00e9xico.- Sin duda alguna que un buen liderazgo se acompa\u00f1a de buenos resultados en favor de sus agremiados. Hoy, el maestro Herminio Cahue Calder\u00f3n demostr\u00f3, durante su segundo informe de labores, que el Sindicato \u00danico de Trabajadores de los Poderes, Municipios e Instituciones Descentralizadas del Estado de M\u00e9xico (SUTEyM) es un sindicato fuerte y unido bajo su tutela.<\/p>\n<p>As\u00ed coincidieron, Tom\u00e1s Palomares y David Parra, secretario general y l\u00edder moral de ese gremio en Naucalpan, al asistir al segundo informe de Herminio Cahue, al frente de ese poderoso sindicato.<\/p>\n<p>Los suteymistas naucalpenses aseguraron que, a 87 a\u00f1os de su vida institucional, esta organizaci\u00f3n se ha consolidado como pieza fundamental de la lucha por los derechos de la clase trabajadora.<\/p>\n<p>Ante un abarrotado auditorio de la Secci\u00f3n 17 del Sindicato Nacional de Trabajadores de la Educaci\u00f3n (SNTE), al que acudieron agremiados de todo el Estado de M\u00e9xico, secretarios seccionales y delegados, Cahue Calder\u00f3n afirm\u00f3 que la unidad ha prevalecido a lo largo del tiempo, como el valor fundamental de los suteymistas.<\/p>\n<p>\u201cSigamos trabajando en el mismo sentido, como uno solo, todos empujando en la misma direcci\u00f3n, eso har\u00e1 que nuestro sindicato se mantenga fortalecido\u201d, dijo David Parra.<\/p>\n<p>Mientras tanto, el doctor Tom\u00e1s Palomares agreg\u00f3 que \u00bb teniendo como premisa esencial la unidad sindical, desde que inici\u00f3 su encomienda como dirigente del SUTEYM, el maestro Herminio Cahue asumi\u00f3 plenamente su responsabilidad de defender los derechos laborales de los suteymistas, tal y como se ha hecho puntualmente\u00bb, reiter\u00f3.<\/p>\n<p>&nbsp;<\/p>\n<p>&nbsp;<\/p>\n<p>&nbsp;<\/p>\n","protected":false},"excerpt":{"rendered":"<p>&nbsp; Destacan Tom\u00e1s Palomares y David Parra gesti\u00f3n \u00a0 &nbsp; Por Arturo Baena &nbsp; Valle de M\u00e9xico.- Sin duda alguna que un buen liderazgo se acompa\u00f1a de buenos resultados en favor de sus agremiados. Hoy, el maestro Herminio Cahue Calder\u00f3n demostr\u00f3, durante su segundo informe de labores, que el Sindicato \u00danico de Trabajadores de los [&hellip;]<\/p>\n","protected":false},"author":14,"featured_media":687356,"comment_status":"open","ping_status":"open","sticky":false,"template":"","format":"standard","meta":{"_monsterinsights_skip_tracking":false,"_monsterinsights_sitenote_active":false,"_monsterinsights_sitenote_note":"","_monsterinsights_sitenote_category":0,"footnotes":""},"categories":[5],"tags":[],"class_list":["post-687355","post","type-post","status-publish","format-standard","has-post-thumbnail","hentry","category-estado-de-mexico"],"_links":{"self":[{"href":"https:\/\/www.diarioimagen.net\/index.php?rest_route=\/wp\/v2\/posts\/687355","targetHints":{"allow":["GET"]}}],"collection":[{"href":"https:\/\/www.diarioimagen.net\/index.php?rest_route=\/wp\/v2\/posts"}],"about":[{"href":"https:\/\/www.diarioimagen.net\/index.php?rest_route=\/wp\/v2\/types\/post"}],"author":[{"embeddable":true,"href":"https:\/\/www.diarioimagen.net\/index.php?rest_route=\/wp\/v2\/users\/14"}],"replies":[{"embeddable":true,"href":"https:\/\/www.diarioimagen.net\/index.php?rest_route=%2Fwp%2Fv2%2Fcomments&post=687355"}],"version-history":[{"count":1,"href":"https:\/\/www.diarioimagen.net\/index.php?rest_route=\/wp\/v2\/posts\/687355\/revisions"}],"predecessor-version":[{"id":687357,"href":"https:\/\/www.diarioimagen.net\/index.php?rest_route=\/wp\/v2\/posts\/687355\/revisions\/687357"}],"wp:featuredmedia":[{"embeddable":true,"href":"https:\/\/www.diarioimagen.net\/index.php?rest_route=\/wp\/v2\/media\/687356"}],"wp:attachment":[{"href":"https:\/\/www.diarioimagen.net\/index.php?rest_route=%2Fwp%2Fv2%2Fmedia&parent=687355"}],"wp:term":[{"taxonomy":"category","embeddable":true,"href":"https:\/\/www.diarioimagen.net\/index.php?rest_route=%2Fwp%2Fv2%2Fcategories&post=687355"},{"taxonomy":"post_tag","embeddable":true,"href":"https:\/\/www.diarioimagen.net\/index.php?rest_route=%2Fwp%2Fv2%2Ftags&post=687355"}],"curies":[{"name":"wp","href":"https:\/\/api.w.org\/{rel}","templated":true}]}}