{"id":687358,"date":"2025-10-06T21:40:33","date_gmt":"2025-10-07T03:40:33","guid":{"rendered":"https:\/\/www.diarioimagen.net\/?p=687358"},"modified":"2025-10-06T21:40:33","modified_gmt":"2025-10-07T03:40:33","slug":"el-pan-impulsa-la-atencion-a-la-salud-emocional-anuar-azar","status":"publish","type":"post","link":"https:\/\/www.diarioimagen.net\/?p=687358","title":{"rendered":"El PAN impulsa la atenci\u00f3n a  la salud emocional: Anuar Azar"},"content":{"rendered":"<ul>\n<li><strong>Brigadas de apoyo a estudiantes<\/strong><\/li>\n<\/ul>\n<p><strong>\u00a0<\/strong><\/p>\n<div id=\"attachment_687359\" style=\"width: 415px\" class=\"wp-caption alignnone\"><img loading=\"lazy\" decoding=\"async\" aria-describedby=\"caption-attachment-687359\" class=\"wp-image-687359 size-large\" src=\"https:\/\/www.diarioimagen.net\/wp-content\/uploads\/2025\/10\/BAENA-2-ok-2-405x270.jpg\" alt=\"\" width=\"405\" height=\"270\" srcset=\"https:\/\/www.diarioimagen.net\/wp-content\/uploads\/2025\/10\/BAENA-2-ok-2-405x270.jpg 405w, https:\/\/www.diarioimagen.net\/wp-content\/uploads\/2025\/10\/BAENA-2-ok-2-240x160.jpg 240w, https:\/\/www.diarioimagen.net\/wp-content\/uploads\/2025\/10\/BAENA-2-ok-2-768x513.jpg 768w, https:\/\/www.diarioimagen.net\/wp-content\/uploads\/2025\/10\/BAENA-2-ok-2.jpg 1500w\" sizes=\"auto, (max-width: 405px) 100vw, 405px\" \/><p id=\"caption-attachment-687359\" class=\"wp-caption-text\">Anuar Azar Figueroa, dirigente del PAN en Edomex, destac\u00f3 la importancia de la salud emocional, particularmente en j\u00f3venes y menores de edad.<\/p><\/div>\n<p>&nbsp;<\/p>\n<p>Por Arturo Baena<\/p>\n<p>&nbsp;<\/p>\n<p>Valle de M\u00e9xico.- Desde luego que Acci\u00f3n Nacional ha propuesto y apoyado iniciativas para mejorar la salud emocional de los mexiquenses, como son las brigadas de atenci\u00f3n psicol\u00f3gica para estudiantes y la promoci\u00f3n de programas de baile como pol\u00edtica de bienestar para reducir estr\u00e9s y depresi\u00f3n.<\/p>\n<p>&nbsp;<\/p>\n<p>As\u00ed lo expres\u00f3 Anuar Azar Figueroa, dirigente del PAN en el Estado de M\u00e9xico, luego de agradecer la participaci\u00f3n en el taller vivencial \u201c\u00a1Soy poder, soy fortaleza!\u201d, impartido por la Secretar\u00eda de Promoci\u00f3n Pol\u00edtica de la Mujer.<\/p>\n<p>&nbsp;<\/p>\n<p>\u201cAgradezco a mi amiga secretaria Ingrid Schemelensky y a todos los integrantes del CDE, por acercar estos espacios tan valiosos. En el PAN Estado de M\u00e9xico visibilizamos y ayudamos a atender la salud emocional de las y los mexiquenses, porque sabemos que el bienestar comienza desde adentro\u201d, dijo.<\/p>\n<p>&nbsp;<\/p>\n<p>El tambi\u00e9n diputado mexiquense, destac\u00f3 que legisladores de ese instituto pol\u00edtico han se\u00f1alado la importancia de la salud emocional, particularmente en j\u00f3venes y menores de edad, abogando por un abordaje integral que involucre a escuelas, instituciones y la comunidad en general.<\/p>\n<p>&nbsp;<\/p>\n<p>Azar Figueroa record\u00f3 que se han realizado y se siguen llevando servicios m\u00e9dicos, nutrici\u00f3n y apoyo a la salud mental a comunidades vulnerables en varios municipios que conforman el Estado de M\u00e9xico.<\/p>\n<p>&nbsp;<\/p>\n<p>\u201cLas y los legisladores del PAN en el Estado de M\u00e9xico han impulsado puntos de acuerdo para implementar acciones que aborden la salud mental de los mexiquenses, dentro de la agenda legislativa\u201d, concluy\u00f3.<\/p>\n<p>&nbsp;<\/p>\n<p>&nbsp;<\/p>\n<p>&nbsp;<\/p>\n","protected":false},"excerpt":{"rendered":"<p>Brigadas de apoyo a estudiantes \u00a0 &nbsp; Por Arturo Baena &nbsp; Valle de M\u00e9xico.- Desde luego que Acci\u00f3n Nacional ha propuesto y apoyado iniciativas para mejorar la salud emocional de los mexiquenses, como son las brigadas de atenci\u00f3n psicol\u00f3gica para estudiantes y la promoci\u00f3n de programas de baile como pol\u00edtica de bienestar para reducir estr\u00e9s [&hellip;]<\/p>\n","protected":false},"author":14,"featured_media":687359,"comment_status":"open","ping_status":"open","sticky":false,"template":"","format":"standard","meta":{"_monsterinsights_skip_tracking":false,"_monsterinsights_sitenote_active":false,"_monsterinsights_sitenote_note":"","_monsterinsights_sitenote_category":0,"footnotes":""},"categories":[5],"tags":[],"class_list":["post-687358","post","type-post","status-publish","format-standard","has-post-thumbnail","hentry","category-estado-de-mexico"],"_links":{"self":[{"href":"https:\/\/www.diarioimagen.net\/index.php?rest_route=\/wp\/v2\/posts\/687358","targetHints":{"allow":["GET"]}}],"collection":[{"href":"https:\/\/www.diarioimagen.net\/index.php?rest_route=\/wp\/v2\/posts"}],"about":[{"href":"https:\/\/www.diarioimagen.net\/index.php?rest_route=\/wp\/v2\/types\/post"}],"author":[{"embeddable":true,"href":"https:\/\/www.diarioimagen.net\/index.php?rest_route=\/wp\/v2\/users\/14"}],"replies":[{"embeddable":true,"href":"https:\/\/www.diarioimagen.net\/index.php?rest_route=%2Fwp%2Fv2%2Fcomments&post=687358"}],"version-history":[{"count":1,"href":"https:\/\/www.diarioimagen.net\/index.php?rest_route=\/wp\/v2\/posts\/687358\/revisions"}],"predecessor-version":[{"id":687360,"href":"https:\/\/www.diarioimagen.net\/index.php?rest_route=\/wp\/v2\/posts\/687358\/revisions\/687360"}],"wp:featuredmedia":[{"embeddable":true,"href":"https:\/\/www.diarioimagen.net\/index.php?rest_route=\/wp\/v2\/media\/687359"}],"wp:attachment":[{"href":"https:\/\/www.diarioimagen.net\/index.php?rest_route=%2Fwp%2Fv2%2Fmedia&parent=687358"}],"wp:term":[{"taxonomy":"category","embeddable":true,"href":"https:\/\/www.diarioimagen.net\/index.php?rest_route=%2Fwp%2Fv2%2Fcategories&post=687358"},{"taxonomy":"post_tag","embeddable":true,"href":"https:\/\/www.diarioimagen.net\/index.php?rest_route=%2Fwp%2Fv2%2Ftags&post=687358"}],"curies":[{"name":"wp","href":"https:\/\/api.w.org\/{rel}","templated":true}]}}