{"id":687386,"date":"2025-10-06T22:36:46","date_gmt":"2025-10-07T04:36:46","guid":{"rendered":"https:\/\/www.diarioimagen.net\/?p=687386"},"modified":"2025-10-06T22:36:46","modified_gmt":"2025-10-07T04:36:46","slug":"la-secretaria-de-turismo-abre-las-puertas-de-punto-mexico-al-eden-tabasqueno","status":"publish","type":"post","link":"https:\/\/www.diarioimagen.net\/?p=687386","title":{"rendered":"La Secretar\u00eda de Turismo  abre las puertas de Punto  M\u00e9xico al Ed\u00e9n tabasque\u00f1o"},"content":{"rendered":"<ul>\n<li><strong>Muestra: Tabasco \u00a1El Ed\u00e9n, tienes que vivirlo!<\/strong><\/li>\n<li><strong>En este mes se da a conocer la riqueza cultural, gastron\u00f3mica y tur\u00edstica de la entidad<\/strong><\/li>\n<\/ul>\n<p>&nbsp;<\/p>\n<p><img loading=\"lazy\" decoding=\"async\" class=\"alignnone wp-image-687387 size-large\" src=\"https:\/\/www.diarioimagen.net\/wp-content\/uploads\/2025\/10\/SECTUR-ok-3-405x270.jpg\" alt=\"\" width=\"405\" height=\"270\" srcset=\"https:\/\/www.diarioimagen.net\/wp-content\/uploads\/2025\/10\/SECTUR-ok-3-405x270.jpg 405w, https:\/\/www.diarioimagen.net\/wp-content\/uploads\/2025\/10\/SECTUR-ok-3-240x160.jpg 240w, https:\/\/www.diarioimagen.net\/wp-content\/uploads\/2025\/10\/SECTUR-ok-3-768x513.jpg 768w, https:\/\/www.diarioimagen.net\/wp-content\/uploads\/2025\/10\/SECTUR-ok-3.jpg 1500w\" sizes=\"auto, (max-width: 405px) 100vw, 405px\" \/><\/p>\n<p>&nbsp;<\/p>\n<p>La secretaria de Turismo del Gobierno de M\u00e9xico, Josefina Rodr\u00edguez Zamora, y el gobernador de Tabasco, Javier May Rodr\u00edguez, inauguraron la muestra gastron\u00f3mica, artesanal, cultural y tur\u00edstica: Tabasco \u00a1El Ed\u00e9n, tienes que vivirlo!<\/p>\n<p>&nbsp;<\/p>\n<p>Durante todo el mes de octubre, esta exposici\u00f3n acercar\u00e1 a visitantes y habitantes de la Ciudad de M\u00e9xico la riqueza natural y el talento de las y los tabasque\u00f1os en Punto M\u00e9xico, espacio de promoci\u00f3n tur\u00edstica ubicado en la planta baja de la Secretar\u00eda de Turismo.<\/p>\n<p>&nbsp;<\/p>\n<p>La titular de la Sectur destac\u00f3 que esta muestra representa una oportunidad para redescubrir a Tabasco como un referente tur\u00edstico, cultural y gastron\u00f3mico de M\u00e9xico, una tierra que sorprende por su riqueza natural y la calidez de su gente.<\/p>\n<p>&nbsp;<\/p>\n<p>\u201cTabasco es un referente tur\u00edstico por la riqueza gastron\u00f3mica, cultural e hist\u00f3rica que posee. La Presidenta lo ha dicho y lo reiteramos: \u00bfpor qu\u00e9 somos l\u00edderes mundiales en turismo?, \u00bfpor qu\u00e9 somos el sexto pa\u00eds m\u00e1s visitado del mundo? Por nuestra cultura, nuestra gastronom\u00eda, la grandeza de nuestra gente, y todo eso lo tiene Tabasco\u201d, manifest\u00f3.<\/p>\n<p>&nbsp;<\/p>\n<p>Se\u00f1al\u00f3 que la exposici\u00f3n re\u00fane m\u00e1s de 7 mil productos locales bajo la marca Origen Tabasco, que certifica la autenticidad y calidad de los art\u00edculos elaborados por artesanas, artesanos, productoras y productores del estado. A\u00f1adi\u00f3 que consumir estos productos es una forma de apoyar la econom\u00eda local, valorar lo hecho en M\u00e9xico y fortalecer el orgullo por nuestras ra\u00edces<\/p>\n<p>&nbsp;<\/p>\n<p>Reconoci\u00f3 el trabajo del gobierno estatal para posicionar a Tabasco como un destino tur\u00edstico integral, que combina naturaleza, historia y desarrollo econ\u00f3mico.<\/p>\n<p>&nbsp;<\/p>\n<p>&nbsp;<\/p>\n<p>&nbsp;<\/p>\n<p>\u201cEl turismo es el sector que une eslabones: genera Prosperidad Compartida, impulsa el fomento artesanal y promueve el desarrollo regional. Tenemos que turistear por nuestro pa\u00eds, conocer Tabasco y maravillarnos con su Ruta del Cacao, sus cascadas, su cultura y su gastronom\u00eda\u201d, afirm\u00f3.<\/p>\n<p>&nbsp;<\/p>\n<p>Por su parte, el gobernador Javier May Rodr\u00edguez celebr\u00f3 la apertura de esta vitrina nacional que, dijo, muestra la grandeza del Ed\u00e9n mexicano: \u201cdesde este espacio impulsado por el Gobierno de M\u00e9xico abrimos las puertas de Tabasco para que visitantes de todas partes descubran la riqueza de nuestra cultura, la fuerza de nuestra historia, los sabores de nuestra gastronom\u00eda y, sobre todo, la calidez de nuestra gente\u201d, expres\u00f3.<\/p>\n<p>&nbsp;<\/p>\n<p>La muestra Tabasco \u00a1El Ed\u00e9n, tienes que vivirlo! estar\u00e1 disponible durante todo octubre en Av. Presidente Masaryk No. 172, esquina con Hegel, colonia Bosques de Chapultepec, alcald\u00eda Miguel Hidalgo, Ciudad de M\u00e9xico, de lunes a s\u00e1bado de 09:00 a 19:00 h.; domingos y d\u00edas festivos de 09:00 a 18:00 h.<\/p>\n<p>&nbsp;<\/p>\n<p>&nbsp;<\/p>\n<p>&nbsp;<\/p>\n<p>&nbsp;<\/p>\n","protected":false},"excerpt":{"rendered":"<p>Muestra: Tabasco \u00a1El Ed\u00e9n, tienes que vivirlo! En este mes se da a conocer la riqueza cultural, gastron\u00f3mica y tur\u00edstica de la entidad &nbsp; &nbsp; La secretaria de Turismo del Gobierno de M\u00e9xico, Josefina Rodr\u00edguez Zamora, y el gobernador de Tabasco, Javier May Rodr\u00edguez, inauguraron la muestra gastron\u00f3mica, artesanal, cultural y tur\u00edstica: Tabasco \u00a1El Ed\u00e9n, [&hellip;]<\/p>\n","protected":false},"author":14,"featured_media":687387,"comment_status":"open","ping_status":"open","sticky":false,"template":"","format":"standard","meta":{"_monsterinsights_skip_tracking":false,"_monsterinsights_sitenote_active":false,"_monsterinsights_sitenote_note":"","_monsterinsights_sitenote_category":0,"footnotes":""},"categories":[11],"tags":[],"class_list":["post-687386","post","type-post","status-publish","format-standard","has-post-thumbnail","hentry","category-turismo"],"_links":{"self":[{"href":"https:\/\/www.diarioimagen.net\/index.php?rest_route=\/wp\/v2\/posts\/687386","targetHints":{"allow":["GET"]}}],"collection":[{"href":"https:\/\/www.diarioimagen.net\/index.php?rest_route=\/wp\/v2\/posts"}],"about":[{"href":"https:\/\/www.diarioimagen.net\/index.php?rest_route=\/wp\/v2\/types\/post"}],"author":[{"embeddable":true,"href":"https:\/\/www.diarioimagen.net\/index.php?rest_route=\/wp\/v2\/users\/14"}],"replies":[{"embeddable":true,"href":"https:\/\/www.diarioimagen.net\/index.php?rest_route=%2Fwp%2Fv2%2Fcomments&post=687386"}],"version-history":[{"count":1,"href":"https:\/\/www.diarioimagen.net\/index.php?rest_route=\/wp\/v2\/posts\/687386\/revisions"}],"predecessor-version":[{"id":687388,"href":"https:\/\/www.diarioimagen.net\/index.php?rest_route=\/wp\/v2\/posts\/687386\/revisions\/687388"}],"wp:featuredmedia":[{"embeddable":true,"href":"https:\/\/www.diarioimagen.net\/index.php?rest_route=\/wp\/v2\/media\/687387"}],"wp:attachment":[{"href":"https:\/\/www.diarioimagen.net\/index.php?rest_route=%2Fwp%2Fv2%2Fmedia&parent=687386"}],"wp:term":[{"taxonomy":"category","embeddable":true,"href":"https:\/\/www.diarioimagen.net\/index.php?rest_route=%2Fwp%2Fv2%2Fcategories&post=687386"},{"taxonomy":"post_tag","embeddable":true,"href":"https:\/\/www.diarioimagen.net\/index.php?rest_route=%2Fwp%2Fv2%2Ftags&post=687386"}],"curies":[{"name":"wp","href":"https:\/\/api.w.org\/{rel}","templated":true}]}}