{"id":687592,"date":"2025-10-07T21:16:10","date_gmt":"2025-10-08T03:16:10","guid":{"rendered":"https:\/\/www.diarioimagen.net\/?p=687592"},"modified":"2025-10-07T21:16:10","modified_gmt":"2025-10-08T03:16:10","slug":"aumento-de-35-a-50-el-abasto-de-agua-potable-por-la-red-en-ecatepec","status":"publish","type":"post","link":"https:\/\/www.diarioimagen.net\/?p=687592","title":{"rendered":"Aument\u00f3 de 35 a 50% el abasto de  agua potable por la red en Ecatepec"},"content":{"rendered":"<p>&nbsp;<\/p>\n<ul>\n<li><strong>Inversi\u00f3n de 700 mdp en materia h\u00eddrica<\/strong><\/li>\n<\/ul>\n<div id=\"attachment_687593\" style=\"width: 411px\" class=\"wp-caption alignnone\"><img loading=\"lazy\" decoding=\"async\" aria-describedby=\"caption-attachment-687593\" class=\"wp-image-687593 size-large\" src=\"https:\/\/www.diarioimagen.net\/wp-content\/uploads\/2025\/10\/BAENA-3-ok-4-401x270.jpg\" alt=\"\" width=\"401\" height=\"270\" srcset=\"https:\/\/www.diarioimagen.net\/wp-content\/uploads\/2025\/10\/BAENA-3-ok-4-401x270.jpg 401w, https:\/\/www.diarioimagen.net\/wp-content\/uploads\/2025\/10\/BAENA-3-ok-4-240x162.jpg 240w, https:\/\/www.diarioimagen.net\/wp-content\/uploads\/2025\/10\/BAENA-3-ok-4-768x517.jpg 768w, https:\/\/www.diarioimagen.net\/wp-content\/uploads\/2025\/10\/BAENA-3-ok-4.jpg 1500w\" sizes=\"auto, (max-width: 401px) 100vw, 401px\" \/><p id=\"caption-attachment-687593\" class=\"wp-caption-text\">La alcaldesa Azucena Cisneros Coss inform\u00f3 que el suministro de agua potable por la red en Ecatepec pas\u00f3 de 35 por ciento, al inicio de la actual administraci\u00f3n, a 50 por ciento, actualmente.<\/p><\/div>\n<p><strong>\u00a0<\/strong><\/p>\n<p>&nbsp;<\/p>\n<p>Ecatepec, M\u00e9x.- El suministro de agua potable por la red en Ecatepec pas\u00f3 de 35 por ciento, al inicio de la actual administraci\u00f3n, a 50 por ciento, actualmente, debido a diversas acciones y la inversi\u00f3n de 700 millones de pesos en materia h\u00eddrica de recursos federales, estatales y municipales, inform\u00f3 la alcaldesa Azucena Cisneros Coss.<\/p>\n<p>&nbsp;<\/p>\n<p>En la conferencia de prensa semanal, la presidenta municipal mencion\u00f3 que con dicho incremento el organismo de agua (Sapase) dej\u00f3 de realizar 100 mil viajes de pipas, toda vez que el agua era utilizada como bot\u00edn pol\u00edtico y la pasada administraci\u00f3n local rentaba hasta 200 veh\u00edculos de este tipo para abastecer a las comunidades.<\/p>\n<p>&nbsp;<\/p>\n<p>Afirm\u00f3 que m\u00e1s de 275 mil vecinos de la Quinta Zona de Ecatepec ya reciben agua por la red y cerraron m\u00e1s de 50 puntos de huachicoleo.<\/p>\n<p>&nbsp;<\/p>\n<p>\u201cPasamos de un gobierno que lucraba pol\u00edtica y econ\u00f3micamente con las pipas a un gobierno que est\u00e1 invirtiendo mucho dinero en infraestructura. Otro anuncio importante es que hemos logrado cerrar m\u00e1s de 50 puntos de huachicoleo, eso es Cambio con Honestidad\u201d, reiter\u00f3.<\/p>\n<p><strong>\u00a0<\/strong><\/p>\n<p>&nbsp;<\/p>\n<p><strong>\u00a0<\/strong><\/p>\n","protected":false},"excerpt":{"rendered":"<p>&nbsp; Inversi\u00f3n de 700 mdp en materia h\u00eddrica \u00a0 &nbsp; Ecatepec, M\u00e9x.- El suministro de agua potable por la red en Ecatepec pas\u00f3 de 35 por ciento, al inicio de la actual administraci\u00f3n, a 50 por ciento, actualmente, debido a diversas acciones y la inversi\u00f3n de 700 millones de pesos en materia h\u00eddrica de recursos [&hellip;]<\/p>\n","protected":false},"author":14,"featured_media":687593,"comment_status":"open","ping_status":"open","sticky":false,"template":"","format":"standard","meta":{"_monsterinsights_skip_tracking":false,"_monsterinsights_sitenote_active":false,"_monsterinsights_sitenote_note":"","_monsterinsights_sitenote_category":0,"footnotes":""},"categories":[5],"tags":[],"class_list":["post-687592","post","type-post","status-publish","format-standard","has-post-thumbnail","hentry","category-estado-de-mexico"],"_links":{"self":[{"href":"https:\/\/www.diarioimagen.net\/index.php?rest_route=\/wp\/v2\/posts\/687592","targetHints":{"allow":["GET"]}}],"collection":[{"href":"https:\/\/www.diarioimagen.net\/index.php?rest_route=\/wp\/v2\/posts"}],"about":[{"href":"https:\/\/www.diarioimagen.net\/index.php?rest_route=\/wp\/v2\/types\/post"}],"author":[{"embeddable":true,"href":"https:\/\/www.diarioimagen.net\/index.php?rest_route=\/wp\/v2\/users\/14"}],"replies":[{"embeddable":true,"href":"https:\/\/www.diarioimagen.net\/index.php?rest_route=%2Fwp%2Fv2%2Fcomments&post=687592"}],"version-history":[{"count":1,"href":"https:\/\/www.diarioimagen.net\/index.php?rest_route=\/wp\/v2\/posts\/687592\/revisions"}],"predecessor-version":[{"id":687594,"href":"https:\/\/www.diarioimagen.net\/index.php?rest_route=\/wp\/v2\/posts\/687592\/revisions\/687594"}],"wp:featuredmedia":[{"embeddable":true,"href":"https:\/\/www.diarioimagen.net\/index.php?rest_route=\/wp\/v2\/media\/687593"}],"wp:attachment":[{"href":"https:\/\/www.diarioimagen.net\/index.php?rest_route=%2Fwp%2Fv2%2Fmedia&parent=687592"}],"wp:term":[{"taxonomy":"category","embeddable":true,"href":"https:\/\/www.diarioimagen.net\/index.php?rest_route=%2Fwp%2Fv2%2Fcategories&post=687592"},{"taxonomy":"post_tag","embeddable":true,"href":"https:\/\/www.diarioimagen.net\/index.php?rest_route=%2Fwp%2Fv2%2Ftags&post=687592"}],"curies":[{"name":"wp","href":"https:\/\/api.w.org\/{rel}","templated":true}]}}