{"id":687773,"date":"2025-10-08T20:24:12","date_gmt":"2025-10-09T02:24:12","guid":{"rendered":"https:\/\/www.diarioimagen.net\/?p=687773"},"modified":"2025-10-08T20:24:12","modified_gmt":"2025-10-09T02:24:12","slug":"alianza-coparmex-tlalnepantla-genera-empleos-raciel-perez","status":"publish","type":"post","link":"https:\/\/www.diarioimagen.net\/?p=687773","title":{"rendered":"Alianza Coparmex-Tlalnepantla  genera empleos: Raciel P\u00e9rez"},"content":{"rendered":"<ul>\n<li><strong>Nuevas oportunidades de desarrollo<\/strong><\/li>\n<\/ul>\n<div id=\"attachment_687774\" style=\"width: 400px\" class=\"wp-caption alignnone\"><img loading=\"lazy\" decoding=\"async\" aria-describedby=\"caption-attachment-687774\" class=\"wp-image-687774 size-large\" src=\"https:\/\/www.diarioimagen.net\/wp-content\/uploads\/2025\/10\/BAENA-2-ok-4-390x270.jpg\" alt=\"\" width=\"390\" height=\"270\" srcset=\"https:\/\/www.diarioimagen.net\/wp-content\/uploads\/2025\/10\/BAENA-2-ok-4-390x270.jpg 390w, https:\/\/www.diarioimagen.net\/wp-content\/uploads\/2025\/10\/BAENA-2-ok-4-240x166.jpg 240w, https:\/\/www.diarioimagen.net\/wp-content\/uploads\/2025\/10\/BAENA-2-ok-4-768x531.jpg 768w, https:\/\/www.diarioimagen.net\/wp-content\/uploads\/2025\/10\/BAENA-2-ok-4.jpg 1500w\" sizes=\"auto, (max-width: 390px) 100vw, 390px\" \/><p id=\"caption-attachment-687774\" class=\"wp-caption-text\">Raciel P\u00e9rez Cruz firm\u00f3 un convenio con Coparmex Metropolitano para la apertura de nuevas oportunidades de desarrollo y fortalecer la competitividad econ\u00f3mica<\/p><\/div>\n<p>&nbsp;<\/p>\n<p>&nbsp;<\/p>\n<p>Tlalnepantla, M\u00e9x.- Generar una mayor vinculaci\u00f3n entre el sector empresarial, impulsar programas de capacitaci\u00f3n y profesionalizaci\u00f3n, atraer inversiones para la apertura de nuevas oportunidades de desarrollo y fortalecer la competitividad econ\u00f3mica de Tlalnepantla, el gobierno municipal firm\u00f3 un convenio con Coparmex Metropolitano.<\/p>\n<p>&nbsp;<\/p>\n<p>Durante el encuentro con el sector empresarial, el presidente municipal Raciel P\u00e9rez Cruz reconoci\u00f3 a los m\u00e1s de 200 afiliados que integran la Confederaci\u00f3n Patronal de la Rep\u00fablica Mexicana (Coparmex), \u201cNosotros entendemos que ustedes son los que arriesgan, generan empleos y atraen inversiones, por eso estamos generando las condiciones b\u00e1sicas que brinden certeza a sus negocios y empresas\u201d.<\/p>\n<p>&nbsp;<\/p>\n<p>El alcalde apunt\u00f3 que a un a\u00f1o del inicio de la administraci\u00f3n de la primera mujer presidenta de M\u00e9xico, Claudia Sheinbaum Pardo, el pa\u00eds enfrenta momentos decisivos, con lo que se abren nuevas expectativas y retos para el sector empresarial que es un pilar esencial para el desarrollo de las comunidades a nivel nacional.<\/p>\n<p>&nbsp;<\/p>\n<p>Al hablar de seguridad y corrupci\u00f3n, P\u00e9rez Cruz precis\u00f3 que se redoblan esfuerzos en todas las dependencias del Ayuntamiento para erradicar las malas pr\u00e1cticas, prueba de ello son los 96 elementos dados de baja en la Comisar\u00eda General de Proximidad y Seguridad Ciudadana por no brindar el servicio que las y los habitantes demandan.<\/p>\n<p>&nbsp;<\/p>\n<p>Jos\u00e9 Alfonso Ramos Cardona, presidente de Coparmex Metropolitano Estado de M\u00e9xico, enfatiz\u00f3 que \u201ctenemos la convicci\u00f3n de que el desarrollo econ\u00f3mico es una herramienta m\u00e1s eficaz para mejorar la vida de nuestra comunidad. Creemos en un Estado de M\u00e9xico donde la innovaci\u00f3n, la capacitaci\u00f3n y la vinculaci\u00f3n empresarial sean los motores que fortalezcan nuestra competitividad y nos permitan enfrentar los retos del presente con visi\u00f3n de futuro\u201d.<\/p>\n<p>&nbsp;<\/p>\n<p>&nbsp;<\/p>\n","protected":false},"excerpt":{"rendered":"<p>Nuevas oportunidades de desarrollo &nbsp; &nbsp; Tlalnepantla, M\u00e9x.- Generar una mayor vinculaci\u00f3n entre el sector empresarial, impulsar programas de capacitaci\u00f3n y profesionalizaci\u00f3n, atraer inversiones para la apertura de nuevas oportunidades de desarrollo y fortalecer la competitividad econ\u00f3mica de Tlalnepantla, el gobierno municipal firm\u00f3 un convenio con Coparmex Metropolitano. &nbsp; Durante el encuentro con el sector [&hellip;]<\/p>\n","protected":false},"author":14,"featured_media":687774,"comment_status":"open","ping_status":"open","sticky":false,"template":"","format":"standard","meta":{"_monsterinsights_skip_tracking":false,"_monsterinsights_sitenote_active":false,"_monsterinsights_sitenote_note":"","_monsterinsights_sitenote_category":0,"footnotes":""},"categories":[5],"tags":[],"class_list":["post-687773","post","type-post","status-publish","format-standard","has-post-thumbnail","hentry","category-estado-de-mexico"],"_links":{"self":[{"href":"https:\/\/www.diarioimagen.net\/index.php?rest_route=\/wp\/v2\/posts\/687773","targetHints":{"allow":["GET"]}}],"collection":[{"href":"https:\/\/www.diarioimagen.net\/index.php?rest_route=\/wp\/v2\/posts"}],"about":[{"href":"https:\/\/www.diarioimagen.net\/index.php?rest_route=\/wp\/v2\/types\/post"}],"author":[{"embeddable":true,"href":"https:\/\/www.diarioimagen.net\/index.php?rest_route=\/wp\/v2\/users\/14"}],"replies":[{"embeddable":true,"href":"https:\/\/www.diarioimagen.net\/index.php?rest_route=%2Fwp%2Fv2%2Fcomments&post=687773"}],"version-history":[{"count":1,"href":"https:\/\/www.diarioimagen.net\/index.php?rest_route=\/wp\/v2\/posts\/687773\/revisions"}],"predecessor-version":[{"id":687775,"href":"https:\/\/www.diarioimagen.net\/index.php?rest_route=\/wp\/v2\/posts\/687773\/revisions\/687775"}],"wp:featuredmedia":[{"embeddable":true,"href":"https:\/\/www.diarioimagen.net\/index.php?rest_route=\/wp\/v2\/media\/687774"}],"wp:attachment":[{"href":"https:\/\/www.diarioimagen.net\/index.php?rest_route=%2Fwp%2Fv2%2Fmedia&parent=687773"}],"wp:term":[{"taxonomy":"category","embeddable":true,"href":"https:\/\/www.diarioimagen.net\/index.php?rest_route=%2Fwp%2Fv2%2Fcategories&post=687773"},{"taxonomy":"post_tag","embeddable":true,"href":"https:\/\/www.diarioimagen.net\/index.php?rest_route=%2Fwp%2Fv2%2Ftags&post=687773"}],"curies":[{"name":"wp","href":"https:\/\/api.w.org\/{rel}","templated":true}]}}