{"id":687779,"date":"2025-10-08T20:31:01","date_gmt":"2025-10-09T02:31:01","guid":{"rendered":"https:\/\/www.diarioimagen.net\/?p=687779"},"modified":"2025-10-08T20:31:01","modified_gmt":"2025-10-09T02:31:01","slug":"este-domingo-la-carrera-ayudar-nos-mueve-de-la-cruz-roja","status":"publish","type":"post","link":"https:\/\/www.diarioimagen.net\/?p=687779","title":{"rendered":"Este domingo, la carrera \u201cAyudar nos mueve\u201d de la\u00a0 Cruz Roja"},"content":{"rendered":"<p>&nbsp;<\/p>\n<p><img loading=\"lazy\" decoding=\"async\" class=\"alignnone wp-image-687780 size-large\" src=\"https:\/\/www.diarioimagen.net\/wp-content\/uploads\/2025\/10\/BAENA-4-ok-5-405x270.jpg\" alt=\"\" width=\"405\" height=\"270\" srcset=\"https:\/\/www.diarioimagen.net\/wp-content\/uploads\/2025\/10\/BAENA-4-ok-5-405x270.jpg 405w, https:\/\/www.diarioimagen.net\/wp-content\/uploads\/2025\/10\/BAENA-4-ok-5-240x160.jpg 240w, https:\/\/www.diarioimagen.net\/wp-content\/uploads\/2025\/10\/BAENA-4-ok-5-768x513.jpg 768w, https:\/\/www.diarioimagen.net\/wp-content\/uploads\/2025\/10\/BAENA-4-ok-5.jpg 1500w\" sizes=\"auto, (max-width: 405px) 100vw, 405px\" \/><\/p>\n<p>Toluca M\u00e9x.- Todo se encuentra listo para que el pr\u00f3ximo domingo 12 de octubre se lleve a cabo la d\u00e9cima segunda edici\u00f3n de la tradicional carrera \u201cAyudar nos mueve\u201d de la Cruz Roja Toluca, que se llevar\u00e1 a cabo en bicicletas en distancia de 20 kil\u00f3metros; caminata, trote o carrera en 5 y 10 kil\u00f3metros, y en carreras infantiles de 200, 400 y 800 metros para menores de 6 a 14 a\u00f1os. Se espera la participaci\u00f3n de mil personas, entre quienes se entregar\u00e1n trofeos a los tres primeros lugares de cada una de las categor\u00edas, adem\u00e1s de importantes obsequios de los patrocinadores y un atractivo kit a todos los que se registren y compitan con n\u00famero oficial, el cual incluir\u00e1 medalla conmemorativa, playera estilo Dry Fit, Buff, sistema de cronometraje con chip y certificado de tiempo oficial por internet.<\/p>\n<p>&nbsp;<\/p>\n<p>&nbsp;<\/p>\n<p>&nbsp;<\/p>\n<p>La salida para la carrera en bicicletas ser\u00e1 en punto de las 06:30 horas; para hacer el recorrido a pie en 5 y 10 kil\u00f3metros se dar\u00e1 el banderazo de salida a las 08:00 horas, y las carreras infantiles iniciar\u00e1n a las 09:30 de la ma\u00f1ana, frente a las instalaciones de Cruz Roja Toluca en la avenida Jes\u00fas Carranza casi esquina con Paseo Tollocan.<\/p>\n","protected":false},"excerpt":{"rendered":"<p>&nbsp; Toluca M\u00e9x.- Todo se encuentra listo para que el pr\u00f3ximo domingo 12 de octubre se lleve a cabo la d\u00e9cima segunda edici\u00f3n de la tradicional carrera \u201cAyudar nos mueve\u201d de la Cruz Roja Toluca, que se llevar\u00e1 a cabo en bicicletas en distancia de 20 kil\u00f3metros; caminata, trote o carrera en 5 y 10 [&hellip;]<\/p>\n","protected":false},"author":14,"featured_media":687780,"comment_status":"open","ping_status":"open","sticky":false,"template":"","format":"standard","meta":{"_monsterinsights_skip_tracking":false,"_monsterinsights_sitenote_active":false,"_monsterinsights_sitenote_note":"","_monsterinsights_sitenote_category":0,"footnotes":""},"categories":[5],"tags":[],"class_list":["post-687779","post","type-post","status-publish","format-standard","has-post-thumbnail","hentry","category-estado-de-mexico"],"_links":{"self":[{"href":"https:\/\/www.diarioimagen.net\/index.php?rest_route=\/wp\/v2\/posts\/687779","targetHints":{"allow":["GET"]}}],"collection":[{"href":"https:\/\/www.diarioimagen.net\/index.php?rest_route=\/wp\/v2\/posts"}],"about":[{"href":"https:\/\/www.diarioimagen.net\/index.php?rest_route=\/wp\/v2\/types\/post"}],"author":[{"embeddable":true,"href":"https:\/\/www.diarioimagen.net\/index.php?rest_route=\/wp\/v2\/users\/14"}],"replies":[{"embeddable":true,"href":"https:\/\/www.diarioimagen.net\/index.php?rest_route=%2Fwp%2Fv2%2Fcomments&post=687779"}],"version-history":[{"count":1,"href":"https:\/\/www.diarioimagen.net\/index.php?rest_route=\/wp\/v2\/posts\/687779\/revisions"}],"predecessor-version":[{"id":687781,"href":"https:\/\/www.diarioimagen.net\/index.php?rest_route=\/wp\/v2\/posts\/687779\/revisions\/687781"}],"wp:featuredmedia":[{"embeddable":true,"href":"https:\/\/www.diarioimagen.net\/index.php?rest_route=\/wp\/v2\/media\/687780"}],"wp:attachment":[{"href":"https:\/\/www.diarioimagen.net\/index.php?rest_route=%2Fwp%2Fv2%2Fmedia&parent=687779"}],"wp:term":[{"taxonomy":"category","embeddable":true,"href":"https:\/\/www.diarioimagen.net\/index.php?rest_route=%2Fwp%2Fv2%2Fcategories&post=687779"},{"taxonomy":"post_tag","embeddable":true,"href":"https:\/\/www.diarioimagen.net\/index.php?rest_route=%2Fwp%2Fv2%2Ftags&post=687779"}],"curies":[{"name":"wp","href":"https:\/\/api.w.org\/{rel}","templated":true}]}}