{"id":687794,"date":"2025-10-08T21:03:05","date_gmt":"2025-10-09T03:03:05","guid":{"rendered":"https:\/\/www.diarioimagen.net\/?p=687794"},"modified":"2025-10-08T21:03:05","modified_gmt":"2025-10-09T03:03:05","slug":"reconocen-labor-del-teem-en-favor-de-la-vida-democratica","status":"publish","type":"post","link":"https:\/\/www.diarioimagen.net\/?p=687794","title":{"rendered":") Reconocen labor del TEEM en favor de la vida democr\u00e1tica"},"content":{"rendered":"<ul>\n<li><strong>Informe de la Magistrada Presidenta Martha Patricia Tovar<\/strong><\/li>\n<\/ul>\n<p><img loading=\"lazy\" decoding=\"async\" class=\"alignnone wp-image-687795 size-large\" src=\"https:\/\/www.diarioimagen.net\/wp-content\/uploads\/2025\/10\/EDOMEX-2-ok-2-405x270.jpg\" alt=\"\" width=\"405\" height=\"270\" srcset=\"https:\/\/www.diarioimagen.net\/wp-content\/uploads\/2025\/10\/EDOMEX-2-ok-2-405x270.jpg 405w, https:\/\/www.diarioimagen.net\/wp-content\/uploads\/2025\/10\/EDOMEX-2-ok-2-240x160.jpg 240w, https:\/\/www.diarioimagen.net\/wp-content\/uploads\/2025\/10\/EDOMEX-2-ok-2-768x511.jpg 768w, https:\/\/www.diarioimagen.net\/wp-content\/uploads\/2025\/10\/EDOMEX-2-ok-2.jpg 1500w\" sizes=\"auto, (max-width: 405px) 100vw, 405px\" \/><\/p>\n<p>&nbsp;<\/p>\n<p>Toluca, Estado de M\u00e9xico.\u2013 La gobernadora Delfina G\u00f3mez \u00c1lvarez reconoci\u00f3 el trabajo del Tribunal Electoral del Estado de M\u00e9xico (TEEM) en favor de la vida democr\u00e1tica de las y los mexiquenses, as\u00ed como el liderazgo de su Magistrada Presidenta, Martha Patricia Tovar Pescador, quien present\u00f3 su Segundo Informe de Actividades y Conclusi\u00f3n de Presidencia 2023-2025.<\/p>\n<p>\u201cMi agradecimiento a todas y todos los que integran este Tribunal. El trabajo no lo hace una sola persona, sino la suma del esfuerzo, el compromiso y la vocaci\u00f3n de quienes forman parte de este gran equipo\u201d, expres\u00f3 la Gobernadora Delfina G\u00f3mez.<\/p>\n<p>Durante su informe, Martha Patricia Tovar Pescador subray\u00f3 que en el periodo 2023-2025 el TEEM enfrent\u00f3 un hecho hist\u00f3rico con la elecci\u00f3n de integrantes del Poder Judicial, sentando bases para futuros procesos. Asimismo, inform\u00f3 que el Tribunal se consolid\u00f3 como un espacio laboral libre de discriminaci\u00f3n y con igualdad sustantiva, al obtener la Insignia Naranja otorgada por la Secretar\u00eda de las Mujeres, la Secretar\u00eda del Trabajo y la Secretar\u00eda de Desarrollo Econ\u00f3mico del Estado de M\u00e9xico.<\/p>\n<p>Finalmente, la Gobernadora Delfina G\u00f3mez exhort\u00f3 a las y los integrantes del TEEM a seguir trabajando con compromiso y convicci\u00f3n en la defensa de los derechos pol\u00edtico-electorales de la ciudadan\u00eda para fortalecer la confianza en las instituciones democr\u00e1ticas del Estado de M\u00e9xico.<\/p>\n<p><strong>\u00a0<\/strong><\/p>\n<p>&nbsp;<\/p>\n<p>&nbsp;<\/p>\n","protected":false},"excerpt":{"rendered":"<p>Informe de la Magistrada Presidenta Martha Patricia Tovar &nbsp; Toluca, Estado de M\u00e9xico.\u2013 La gobernadora Delfina G\u00f3mez \u00c1lvarez reconoci\u00f3 el trabajo del Tribunal Electoral del Estado de M\u00e9xico (TEEM) en favor de la vida democr\u00e1tica de las y los mexiquenses, as\u00ed como el liderazgo de su Magistrada Presidenta, Martha Patricia Tovar Pescador, quien present\u00f3 su [&hellip;]<\/p>\n","protected":false},"author":14,"featured_media":687795,"comment_status":"open","ping_status":"open","sticky":false,"template":"","format":"standard","meta":{"_monsterinsights_skip_tracking":false,"_monsterinsights_sitenote_active":false,"_monsterinsights_sitenote_note":"","_monsterinsights_sitenote_category":0,"footnotes":""},"categories":[5],"tags":[],"class_list":["post-687794","post","type-post","status-publish","format-standard","has-post-thumbnail","hentry","category-estado-de-mexico"],"_links":{"self":[{"href":"https:\/\/www.diarioimagen.net\/index.php?rest_route=\/wp\/v2\/posts\/687794","targetHints":{"allow":["GET"]}}],"collection":[{"href":"https:\/\/www.diarioimagen.net\/index.php?rest_route=\/wp\/v2\/posts"}],"about":[{"href":"https:\/\/www.diarioimagen.net\/index.php?rest_route=\/wp\/v2\/types\/post"}],"author":[{"embeddable":true,"href":"https:\/\/www.diarioimagen.net\/index.php?rest_route=\/wp\/v2\/users\/14"}],"replies":[{"embeddable":true,"href":"https:\/\/www.diarioimagen.net\/index.php?rest_route=%2Fwp%2Fv2%2Fcomments&post=687794"}],"version-history":[{"count":1,"href":"https:\/\/www.diarioimagen.net\/index.php?rest_route=\/wp\/v2\/posts\/687794\/revisions"}],"predecessor-version":[{"id":687796,"href":"https:\/\/www.diarioimagen.net\/index.php?rest_route=\/wp\/v2\/posts\/687794\/revisions\/687796"}],"wp:featuredmedia":[{"embeddable":true,"href":"https:\/\/www.diarioimagen.net\/index.php?rest_route=\/wp\/v2\/media\/687795"}],"wp:attachment":[{"href":"https:\/\/www.diarioimagen.net\/index.php?rest_route=%2Fwp%2Fv2%2Fmedia&parent=687794"}],"wp:term":[{"taxonomy":"category","embeddable":true,"href":"https:\/\/www.diarioimagen.net\/index.php?rest_route=%2Fwp%2Fv2%2Fcategories&post=687794"},{"taxonomy":"post_tag","embeddable":true,"href":"https:\/\/www.diarioimagen.net\/index.php?rest_route=%2Fwp%2Fv2%2Ftags&post=687794"}],"curies":[{"name":"wp","href":"https:\/\/api.w.org\/{rel}","templated":true}]}}