{"id":687844,"date":"2025-10-08T21:15:06","date_gmt":"2025-10-09T03:15:06","guid":{"rendered":"https:\/\/www.diarioimagen.net\/?p=687844"},"modified":"2025-10-08T21:15:06","modified_gmt":"2025-10-09T03:15:06","slug":"invita-sectur-a-disfrutar-el-dia-de-muertos-en-oaxaca-con-la-fiesta-mas-viva-de-todas","status":"publish","type":"post","link":"https:\/\/www.diarioimagen.net\/?p=687844","title":{"rendered":"Invita Sectur a disfrutar el  D\u00eda de Muertos en Oaxaca con  \u201cLa fiesta m\u00e1s viva de todas\u201d"},"content":{"rendered":"<ul>\n<li><strong>De los destinos m\u00e1s emblem\u00e1ticos<\/strong><\/li>\n<li><strong>Se espera la llegada de miles de visitantes nacionales e internacionales en el estado, con una derrama econ\u00f3mica superior a 380 mdp<\/strong><\/li>\n<\/ul>\n<p><strong>\u00a0<\/strong><\/p>\n<div id=\"attachment_687845\" style=\"width: 415px\" class=\"wp-caption alignnone\"><img loading=\"lazy\" decoding=\"async\" aria-describedby=\"caption-attachment-687845\" class=\"wp-image-687845 size-large\" src=\"https:\/\/www.diarioimagen.net\/wp-content\/uploads\/2025\/10\/SECTUR-ok-5-405x270.jpg\" alt=\"\" width=\"405\" height=\"270\" srcset=\"https:\/\/www.diarioimagen.net\/wp-content\/uploads\/2025\/10\/SECTUR-ok-5-405x270.jpg 405w, https:\/\/www.diarioimagen.net\/wp-content\/uploads\/2025\/10\/SECTUR-ok-5-240x160.jpg 240w, https:\/\/www.diarioimagen.net\/wp-content\/uploads\/2025\/10\/SECTUR-ok-5-768x513.jpg 768w, https:\/\/www.diarioimagen.net\/wp-content\/uploads\/2025\/10\/SECTUR-ok-5.jpg 1500w\" sizes=\"auto, (max-width: 405px) 100vw, 405px\" \/><p id=\"caption-attachment-687845\" class=\"wp-caption-text\">La secretaria de Turismo federal, Josefina Rodr\u00edguez Zamora, particip\u00f3 en la conferencia de prensa encabezada por el gobernador Salom\u00f3n Jara Cruz, donde se present\u00f3 la agenda cultural de \u201cLa fiesta m\u00e1s viva de todas\u201d.<\/p><\/div>\n<p>&nbsp;<\/p>\n<p>La secretaria de Turismo del Gobierno de M\u00e9xico, Josefina Rodr\u00edguez Zamora, particip\u00f3 en la conferencia de prensa encabezada por el gobernador Salom\u00f3n Jara Cruz, donde se present\u00f3 la agenda cultural de \u201cLa fiesta m\u00e1s viva de todas\u201d, con la que Oaxaca celebrar\u00e1 el D\u00eda de Muertos del 25 de octubre al 4 de noviembre.<\/p>\n<p>&nbsp;<\/p>\n<p>Durante el anuncio, realizado desde el Complejo Cultural Los Pinos, la titular de Sectur destac\u00f3 que el D\u00eda de Muertos es una de las expresiones culturales m\u00e1s significativas del pa\u00eds y un motivo de orgullo nacional. Invit\u00f3 a las y los mexicanos a elaborar su propia lista de experiencias tur\u00edsticas imperdibles dentro del territorio nacional, recordando que viajar por M\u00e9xico \u201cnos abre la mente, nos conecta con nuestras ra\u00edces y nos permite valorar nuestra diversidad cultural\u201d.<\/p>\n<p>&nbsp;<\/p>\n<p>\u201cOaxaca tiene que ser el escaparate que conozcamos todos los mexicanos; es el crisol de las culturas, una belleza que nos permite escuchar 16 lenguas y sus variantes. Como mexicanos debemos llegar a Oaxaca para vivirlo, disfrutar su gastronom\u00eda, su cocina de humo y su cultura, que se expresa de manera especial en la Guelaguetza, un imperdible de la vida\u201d, manifest\u00f3.<\/p>\n<p>&nbsp;<\/p>\n<p>Resalt\u00f3 la relevancia de que Oaxaca presente m\u00e1s de 140 actividades culturales y gastron\u00f3micas en el marco de la celebraci\u00f3n del D\u00eda de Muertos, que, adem\u00e1s de enaltecer sus tradiciones, se transforman en aut\u00e9nticas experiencias tur\u00edsticas. Esta amplia programaci\u00f3n, dijo, refleja el esfuerzo por diversificar la oferta tur\u00edstica del estado, integrando a la capital, sus municipios, Pueblos M\u00e1gicos y destinos de playa como Huatulco y Puerto Escondido, que hoy se consolidan como escenarios que muestran la esencia de M\u00e9xico a sus visitantes.<\/p>\n<p>&nbsp;<\/p>\n<p>Precis\u00f3 que, durante la celebraci\u00f3n se espera la llegada de miles de\u00a0 visitantes nacionales e internacionales, lo que generar\u00e1 una derrama econ\u00f3mica superior a los 380 millones de pesos en el estado, impulsando el consumo local, el trabajo artesanal y la Prosperidad Compartida para las comunidades oaxaque\u00f1as.<\/p>\n<p>&nbsp;<\/p>\n<p>Asimismo, record\u00f3 que en 2024 los eventos en el marco del D\u00eda de Muertos captaron a m\u00e1s de 3 millones de turistas, lo que gener\u00f3 una derrama econ\u00f3mica de m\u00e1s de 26 mil millones de pesos, cifra que este a\u00f1o se prev\u00e9 superar entre un 5 y 6 por ciento.<\/p>\n<p>&nbsp;<\/p>\n<p>La titular de la Secretar\u00eda de Turismo resalt\u00f3 que el D\u00eda de Muertos es \u201cuno de los mayores s\u00edmbolos de identidad mexicana, una celebraci\u00f3n que transforma la visi\u00f3n de la muerte en una fiesta llena de color, alegr\u00eda, sabores y tradici\u00f3n\u201d.<\/p>\n<p>&nbsp;<\/p>\n<p>\u201cHoy vivimos un M\u00e9xico que est\u00e1 de moda, pero tambi\u00e9n, un Oaxaca que est\u00e1 de moda. As\u00ed que hagamos nuestro check list de experiencias que queremos conocer en este D\u00eda de Muertos en nuestro pa\u00eds y vamos Oaxaca, el crisol de las culturas\u201d, a\u00f1adi\u00f3.<\/p>\n<p>&nbsp;<\/p>\n<p>De igual forma, anunci\u00f3 que el estado formar\u00e1 parte de la estrategia de promoci\u00f3n internacional de M\u00e9xico, participando en la Feria Internacional de Turismo (FITUR) 2026 en Madrid, donde M\u00e9xico ser\u00e1 Pa\u00eds Invitado.<\/p>\n<p>&nbsp;<\/p>\n<p>En su oportunidad el gobernador Salom\u00f3n Jara Cruz expres\u00f3 su satisfacci\u00f3n por compartir con el pa\u00eds las actividades que distinguen a Oaxaca durante el D\u00eda de Muertos, una de las celebraciones m\u00e1s emblem\u00e1ticas y queridas por las y los oaxaque\u00f1os.<\/p>\n<p>&nbsp;<\/p>\n<p>Subray\u00f3 que esta festividad es una oportunidad para mostrar c\u00f3mo el pueblo de Oaxaca vive con orgullo, devoci\u00f3n y alegr\u00eda una tradici\u00f3n que honra la memoria, las ra\u00edces y la identidad. Invit\u00f3 a visitantes nacionales e internacionales a sumarse a esta experiencia \u00fanica, a recorrer sus panteones y altares, disfrutar de su gastronom\u00eda, m\u00fasica y comparsas, y ser parte de \u201cla fiesta m\u00e1s viva de todas\u201d.<\/p>\n<p>&nbsp;<\/p>\n<p>Las actividades de \u201cLa fiesta m\u00e1s viva de todas\u201d podr\u00e1n consultarse en las p\u00e1ginas oficiales del Gobierno de Oaxaca, as\u00ed como en las redes sociales de la Secretar\u00eda de Turismo del Gobierno de M\u00e9xico. Cabe destacar que el 95 por ciento de los eventos son gratuitos y estar\u00e1n abiertos a todo p\u00fablico.<\/p>\n<p>&nbsp;<\/p>\n<p>Durante el anuncio se cont\u00f3 con la participaci\u00f3n de funcionarios del estado de Oaxaca, como la secretaria de Turismo, Saimy Pineda Velasco; el secretario de Desarrollo Econ\u00f3mico, Ra\u00fal Ruiz Robles; el director del Instituto de Lenguas Originarias, Victor Cata; el director del Instituto del Deporte, Arturo de Jes\u00fas Ch\u00e1vez Ram\u00edrez; el subsecretario de Instituciones Musicales y Servicios Culturales de la Secretar\u00eda de las Culturas y Artes, Camilo Mart\u00ednez Ortiz, y la secretaria de Interculturalidad, Pueblos y Comunidades Ind\u00edgenas y Afromexicanas de Oaxaca, Juana Hern\u00e1ndez L\u00f3pez.<\/p>\n<p>&nbsp;<\/p>\n<p><strong>\u00a0<\/strong><\/p>\n<p>&nbsp;<\/p>\n<p>&nbsp;<\/p>\n","protected":false},"excerpt":{"rendered":"<p>De los destinos m\u00e1s emblem\u00e1ticos Se espera la llegada de miles de visitantes nacionales e internacionales en el estado, con una derrama econ\u00f3mica superior a 380 mdp \u00a0 &nbsp; La secretaria de Turismo del Gobierno de M\u00e9xico, Josefina Rodr\u00edguez Zamora, particip\u00f3 en la conferencia de prensa encabezada por el gobernador Salom\u00f3n Jara Cruz, donde se [&hellip;]<\/p>\n","protected":false},"author":14,"featured_media":687845,"comment_status":"open","ping_status":"open","sticky":false,"template":"","format":"standard","meta":{"_monsterinsights_skip_tracking":false,"_monsterinsights_sitenote_active":false,"_monsterinsights_sitenote_note":"","_monsterinsights_sitenote_category":0,"footnotes":""},"categories":[11],"tags":[],"class_list":["post-687844","post","type-post","status-publish","format-standard","has-post-thumbnail","hentry","category-turismo"],"_links":{"self":[{"href":"https:\/\/www.diarioimagen.net\/index.php?rest_route=\/wp\/v2\/posts\/687844","targetHints":{"allow":["GET"]}}],"collection":[{"href":"https:\/\/www.diarioimagen.net\/index.php?rest_route=\/wp\/v2\/posts"}],"about":[{"href":"https:\/\/www.diarioimagen.net\/index.php?rest_route=\/wp\/v2\/types\/post"}],"author":[{"embeddable":true,"href":"https:\/\/www.diarioimagen.net\/index.php?rest_route=\/wp\/v2\/users\/14"}],"replies":[{"embeddable":true,"href":"https:\/\/www.diarioimagen.net\/index.php?rest_route=%2Fwp%2Fv2%2Fcomments&post=687844"}],"version-history":[{"count":1,"href":"https:\/\/www.diarioimagen.net\/index.php?rest_route=\/wp\/v2\/posts\/687844\/revisions"}],"predecessor-version":[{"id":687846,"href":"https:\/\/www.diarioimagen.net\/index.php?rest_route=\/wp\/v2\/posts\/687844\/revisions\/687846"}],"wp:featuredmedia":[{"embeddable":true,"href":"https:\/\/www.diarioimagen.net\/index.php?rest_route=\/wp\/v2\/media\/687845"}],"wp:attachment":[{"href":"https:\/\/www.diarioimagen.net\/index.php?rest_route=%2Fwp%2Fv2%2Fmedia&parent=687844"}],"wp:term":[{"taxonomy":"category","embeddable":true,"href":"https:\/\/www.diarioimagen.net\/index.php?rest_route=%2Fwp%2Fv2%2Fcategories&post=687844"},{"taxonomy":"post_tag","embeddable":true,"href":"https:\/\/www.diarioimagen.net\/index.php?rest_route=%2Fwp%2Fv2%2Ftags&post=687844"}],"curies":[{"name":"wp","href":"https:\/\/api.w.org\/{rel}","templated":true}]}}