{"id":687865,"date":"2025-10-08T21:25:08","date_gmt":"2025-10-09T03:25:08","guid":{"rendered":"https:\/\/www.diarioimagen.net\/?p=687865"},"modified":"2025-10-08T21:25:08","modified_gmt":"2025-10-09T03:25:08","slug":"fin-de-t-mec-e-incursiones-militares-contra-carteles-muy-cerca","status":"publish","type":"post","link":"https:\/\/www.diarioimagen.net\/?p=687865","title":{"rendered":"Fin de T-MEC e incursiones  militares contra c\u00e1rteles, muy cerca"},"content":{"rendered":"<p><strong>\u00a0<\/strong><\/p>\n<p><strong>TRAS LA PUERTA DEL PODER <\/strong><strong>Roberto Vizca\u00edno <\/strong><\/p>\n<p>&nbsp;<\/p>\n<p><strong>\u00a0<\/strong><\/p>\n<p><strong>\u00a0<\/strong><\/p>\n<p><strong>\u00a0<\/strong><\/p>\n<p>&nbsp;<\/p>\n<p><strong><em>En reconocimiento al periodista Carlos Ferreyra,\u00a0<\/em><\/strong><strong><em>quien se nos adelant\u00f3 ayer.<\/em><\/strong><\/p>\n<p><strong>\u00a0<\/strong><\/p>\n<p>&nbsp;<\/p>\n<p>Si algo ense\u00f1a la vida, es que no hay plazo que no se cumpla. Otra ense\u00f1anza esencial es que todos debemos atender los hechos por sobre los dichos.<\/p>\n<p>Si entendemos esto, podemos decir que la presidenta\u00a0<strong>Claudia Sheinbaum<\/strong>\u00a0y el pa\u00eds entero podr\u00eda estar ya muy cerca de dos posibilidades anunciadas ya al extremo por el presidente de los Estados Unidos:<\/p>\n<p>1)\u00a0\u00a0 \u00a0De que el presidente\u00a0<strong>Donald Trump<\/strong>\u00a0va directo a cancelar el T-MEC para dar paso a un acuerdo bilateral EU-M\u00e9xico, que los que saben de esto afirman no ser\u00eda ya tan ben\u00e9fico como el T-MEC negociado por el neoliberal mayor llamado\u00a0<strong>Carlos Salinas de Gortari<\/strong>\u00a0y;<\/p>\n<p>2)\u00a0\u00a0 \u00a0Que por m\u00e1s que la presidenta\u00a0<strong>Claudia Sheinbaum<\/strong>\u00a0insista que la soberan\u00eda de M\u00e9xico es inviolable (por EU, \u00bfpor qui\u00e9n m\u00e1s?), podr\u00edamos ya estar ante los primeros ataques militares, ahora s\u00ed, del gobierno de\u00a0<strong>Trump<\/strong>\u00a0a c\u00e1rteles del narco dentro de su territorio.<\/p>\n<p>En ambos casos hay hechos desde Estados Unidos que advierten que todo va a lo antes se\u00f1alado.<\/p>\n<p>A fines de este mes, por el 28 o 29, se cumplen los 90 d\u00edas que concedi\u00f3\u00a0<strong>Trump,<\/strong>\u00a0a fines de julio, a la presidenta\u00a0<strong>Sheinbaum<\/strong>\u00a0para ajustar sus acciones gubernamentales y programas contra el fentanilo y el flujo de otras drogas, y cumplir con las exigencias que ha planteado Washington.<\/p>\n<p>Hace apenas unos d\u00edas el propio mandatario ha vuelto a decir que pues s\u00ed, que la mandataria mexicana es muy aplicada y muy guapa, pero que todav\u00eda le falta un buen para satisfacer lo requerido para una buena certificaci\u00f3n antidrogas y antiaranceles.<\/p>\n<p>Y mientras\u00a0<strong>Trump<\/strong>\u00a0dec\u00eda esto, informaba a su Congreso, y de paso a su pa\u00eds y al mundo entero, que EU estaba\u00a0<strong>en guerra militar<\/strong>\u00a0abierta contra c\u00e1rteles de la droga, y que su Departamento de Justicia ya hab\u00eda promovido ante el Capitolio los instrumentos legales para justificar ataques militares letales, directos, contra estos grupos donde se encuentren.<\/p>\n<p>Ac\u00e1, en M\u00e9xico, gobierno y medios tomaron ese aviso como si M\u00e9xico no tuviera nada que ver con eso cuando aqu\u00ed est\u00e1n y operan los grandes c\u00e1rteles a los que el gobierno de\u00a0<strong>Trump<\/strong>\u00a0ha designado como terroristas y a los cuales ha jurado exterminar.<\/p>\n<p>Con su insistencia en se\u00f1alar que la soberan\u00eda de M\u00e9xico es inviolable, la presidenta\u00a0<strong>Sheinbaum<\/strong>\u00a0ha generado una percepci\u00f3n medi\u00e1tica y social absurda de que con eso se conjura cualquier posibilidad de ataques militares de EU a c\u00e1rteles en M\u00e9xico. Nada m\u00e1s tonto que eso.<\/p>\n<p>Los ataques con misiles a supuestas narco-embarcaciones venezolanas en el Caribe por EU dejan en claro que\u00a0<strong>Trump\u00a0<\/strong>no toma en cuenta soberan\u00eda alguna para cumplir con sus objetivos.<\/p>\n<p>Ciertamente, respecto de M\u00e9xico, el presidente estadounidense ha aplicado otra estrategia: militarizar en extremo su frontera sur, retirar visas a pol\u00edticos, ordenar a su Departamento del Tesoro sanciones a empresas y bancos considerados como lavadores y operadores de d\u00f3lares en favor del narco y amenazar con aranceles para que sea el propio gobierno de la presidenta\u00a0<strong>Sheinbaum<\/strong>\u00a0el que endurezca sus acciones contra los c\u00e1rteles.<\/p>\n<p>Los resultados de esta estrategia los dio a conocer estos d\u00edas el propio secretario de Seguridad,\u00a0<strong>Omar Garc\u00eda<\/strong> <strong>Harfuch,<\/strong> quien inform\u00f3 que en lo que va de este a\u00f1o -justo desde que asumi\u00f3\u00a0<strong>Trump<\/strong>\u00a0la presidencia de EU el 24 de enero- se han localizado y destruido unos 160 narcolaboratorios de fentanilo y aprehendido a unos 4 mil 500 generadores de violencia.<\/p>\n<p>Es decir, se ha revertido lo\u00a0<em>de abrazos no balazos,<\/em>\u00a0cosa que se aseguraba nunca m\u00e1s iba a ocurrir, y se ha confirmado que s\u00ed hab\u00eda narcolaboratorios de fentanilo en M\u00e9xico como lo aseguraba\u00a0<strong>Trump<\/strong>.<\/p>\n<p>Con la aprobaci\u00f3n del Congreso de EU al dictamen de\u00a0<strong>Trump<\/strong>, los narcos no son ya delincuentes, sino \u201c<strong>combatientes<\/strong>\u201d de grupos que atentan a la seguridad nacional de EU, lo que hace necesario destruirlos.<\/p>\n<p>Lo del fin del T-MEC ya es cosa decidida por\u00a0<strong>Trump<\/strong>. Aun cuando se renegocie, ya no ser\u00e1 el mismo tratado. Muchas de las plantas industriales norteamericanas en M\u00e9xico, habr\u00e1n emigrado o simplemente cerrado en los siguientes dos a\u00f1os. Ya algunas lo han hecho.<\/p>\n<p>&nbsp;<\/p>\n<p><strong>De la Fuente a senadores<\/strong>:<\/p>\n<p>&nbsp;<\/p>\n<p>&nbsp;<\/p>\n<p>En su comparecencia de ayer, dentro de la Glosa al primer informe presidencial de Claudia Sheinbaum, el secretario de Relaciones Exteriores, Juan Ram\u00f3n de la Fuente, dijo ayer a senadores que la relaci\u00f3n construida con Washington \u201cest\u00e1 funcionando\u2026 en los hechos est\u00e1 funcionando\u201d.<\/p>\n<p>Sin un encuentro cara a cara a\u00fan, con negociaciones s\u00f3lo por tel\u00e9fono, agreg\u00f3 que la presidenta\u00a0<strong>Sheinbaum<\/strong>\u00a0ha logrado mantener todo en los l\u00edmites de la equidad y el respeto y a los aranceles lejos de ser aplicados.<\/p>\n<p>\u201cMantenemos los di\u00e1logos que son necesarios para ir creando las condiciones que nos permitan avanzar al respecto\u2026 Tenemos (ahora) que avanzar en la revisi\u00f3n del Tratado de M\u00e9xico, Estados Unidos y Canad\u00e1, y simult\u00e1neamente diversificar nuestras relaciones con otras regiones y con otros pa\u00edses, y eso es justamente lo que nos ha instruido la presidenta\u201d. agreg\u00f3.<\/p>\n<p>Es decir, ah\u00ed la llevamos\u2026<\/p>\n<p>&nbsp;<\/p>\n<p>Twitter: @_Vizcaino \/ Facebook<\/p>\n<p>\/\u00a0<a href=\"https:\/\/www.facebook.com\/rvizcainoa\">https:\/\/www.facebook.com\/rvizcainoa<\/a><\/p>\n<p>&nbsp;<\/p>\n","protected":false},"excerpt":{"rendered":"<p>\u00a0 TRAS LA PUERTA DEL PODER Roberto Vizca\u00edno &nbsp; \u00a0 \u00a0 \u00a0 &nbsp; En reconocimiento al periodista Carlos Ferreyra,\u00a0quien se nos adelant\u00f3 ayer. \u00a0 &nbsp; Si algo ense\u00f1a la vida, es que no hay plazo que no se cumpla. Otra ense\u00f1anza esencial es que todos debemos atender los hechos por sobre los dichos. Si entendemos [&hellip;]<\/p>\n","protected":false},"author":14,"featured_media":0,"comment_status":"open","ping_status":"open","sticky":false,"template":"","format":"standard","meta":{"_monsterinsights_skip_tracking":false,"_monsterinsights_sitenote_active":false,"_monsterinsights_sitenote_note":"","_monsterinsights_sitenote_category":0,"footnotes":""},"categories":[4,136],"tags":[],"class_list":["post-687865","post","type-post","status-publish","format-standard","hentry","category-opinion","category-roberto-vizcaino-opinion"],"_links":{"self":[{"href":"https:\/\/www.diarioimagen.net\/index.php?rest_route=\/wp\/v2\/posts\/687865","targetHints":{"allow":["GET"]}}],"collection":[{"href":"https:\/\/www.diarioimagen.net\/index.php?rest_route=\/wp\/v2\/posts"}],"about":[{"href":"https:\/\/www.diarioimagen.net\/index.php?rest_route=\/wp\/v2\/types\/post"}],"author":[{"embeddable":true,"href":"https:\/\/www.diarioimagen.net\/index.php?rest_route=\/wp\/v2\/users\/14"}],"replies":[{"embeddable":true,"href":"https:\/\/www.diarioimagen.net\/index.php?rest_route=%2Fwp%2Fv2%2Fcomments&post=687865"}],"version-history":[{"count":1,"href":"https:\/\/www.diarioimagen.net\/index.php?rest_route=\/wp\/v2\/posts\/687865\/revisions"}],"predecessor-version":[{"id":687866,"href":"https:\/\/www.diarioimagen.net\/index.php?rest_route=\/wp\/v2\/posts\/687865\/revisions\/687866"}],"wp:attachment":[{"href":"https:\/\/www.diarioimagen.net\/index.php?rest_route=%2Fwp%2Fv2%2Fmedia&parent=687865"}],"wp:term":[{"taxonomy":"category","embeddable":true,"href":"https:\/\/www.diarioimagen.net\/index.php?rest_route=%2Fwp%2Fv2%2Fcategories&post=687865"},{"taxonomy":"post_tag","embeddable":true,"href":"https:\/\/www.diarioimagen.net\/index.php?rest_route=%2Fwp%2Fv2%2Ftags&post=687865"}],"curies":[{"name":"wp","href":"https:\/\/api.w.org\/{rel}","templated":true}]}}