{"id":687962,"date":"2025-10-09T21:10:31","date_gmt":"2025-10-10T03:10:31","guid":{"rendered":"https:\/\/www.diarioimagen.net\/?p=687962"},"modified":"2025-10-09T21:10:31","modified_gmt":"2025-10-10T03:10:31","slug":"se-suma-naucalpan-a-estrategia-cera-en-favor-de-los-animales","status":"publish","type":"post","link":"https:\/\/www.diarioimagen.net\/?p=687962","title":{"rendered":"Se suma Naucalpan a Estrategia  CERA, en favor de los animales"},"content":{"rendered":"<ul>\n<li><strong>Compromisos hacia los seres sintientes<\/strong><\/li>\n<\/ul>\n<div id=\"attachment_687963\" style=\"width: 401px\" class=\"wp-caption alignnone\"><img loading=\"lazy\" decoding=\"async\" aria-describedby=\"caption-attachment-687963\" class=\"wp-image-687963 size-large\" src=\"https:\/\/www.diarioimagen.net\/wp-content\/uploads\/2025\/10\/BAENA-3-ok-6-391x270.jpg\" alt=\"\" width=\"391\" height=\"270\" srcset=\"https:\/\/www.diarioimagen.net\/wp-content\/uploads\/2025\/10\/BAENA-3-ok-6-391x270.jpg 391w, https:\/\/www.diarioimagen.net\/wp-content\/uploads\/2025\/10\/BAENA-3-ok-6-240x166.jpg 240w, https:\/\/www.diarioimagen.net\/wp-content\/uploads\/2025\/10\/BAENA-3-ok-6-768x531.jpg 768w, https:\/\/www.diarioimagen.net\/wp-content\/uploads\/2025\/10\/BAENA-3-ok-6.jpg 1500w\" sizes=\"auto, (max-width: 391px) 100vw, 391px\" \/><p id=\"caption-attachment-687963\" class=\"wp-caption-text\">Isaac Montoya M\u00e1rquez firm\u00f3, junto con la gobernadora Delfina G\u00f3mez \u00c1lvarez, el convenio de la Estrategia CERA, un compromiso por la vida y la justicia a favor de los derechos de los seres sintientes.<\/p><\/div>\n<p>&nbsp;<\/p>\n<p>Naucalpan, M\u00e9x.-\u00a0 El presidente municipal Isaac Montoya M\u00e1rquez, firm\u00f3 junto con la gobernadora del Estado de M\u00e9xico, Delfina G\u00f3mez \u00c1lvarez, el convenio de la Estrategia CERA (Captura, Esteriliza, Educa, Resguarda, Retorna, Adopta) un compromiso integral por la vida y la justicia a favor de los derechos de los seres sintientes.<\/p>\n<p>&nbsp;<\/p>\n<p>El alcalde acudi\u00f3 al Palacio de Gobierno del Estado de M\u00e9xico, donde se realiz\u00f3 la firma del convenio CERA, en un evento presidido por la maestra Delfina G\u00f3mez, como un paso m\u00e1s en las acciones que se llevan a cabo para el cuidado y bienestar animal en Naucalpan.<\/p>\n<p>&nbsp;<\/p>\n<p>En el evento se subray\u00f3 que, se trata del inicio para construir una cultura de bienestar hacia estos seres que ya se les considera como integrantes de las familias que dan momentos de paz y alegr\u00eda al interior de los hogares. Adem\u00e1s, se trata de un asunto de salud p\u00fablica que tiene como uno de sus fines principales disminuir la poblaci\u00f3n de animales en situaci\u00f3n de calle.<\/p>\n<p>&nbsp;<\/p>\n<p>En este sentido, el gobierno de Naucalpan como parte de las estrategias de cuidados hacia la comunidad canina y felina, coadyuva en los avances del Centro de Bienestar Animal que busca ofrecer condiciones y cuidados dignos en el municipio para los seres sintientes.<\/p>\n<p>&nbsp;<\/p>\n<p>Aunado a ello, de manera responsable se realizan campa\u00f1as de adopci\u00f3n, para que la comunidad canina y felina en condici\u00f3n de calle, encuentren una familia, que les otorgue mejores condiciones de h\u00e1bitat y cuidados.<\/p>\n<p>&nbsp;<\/p>\n<p>&nbsp;<\/p>\n","protected":false},"excerpt":{"rendered":"<p>Compromisos hacia los seres sintientes &nbsp; Naucalpan, M\u00e9x.-\u00a0 El presidente municipal Isaac Montoya M\u00e1rquez, firm\u00f3 junto con la gobernadora del Estado de M\u00e9xico, Delfina G\u00f3mez \u00c1lvarez, el convenio de la Estrategia CERA (Captura, Esteriliza, Educa, Resguarda, Retorna, Adopta) un compromiso integral por la vida y la justicia a favor de los derechos de los seres [&hellip;]<\/p>\n","protected":false},"author":14,"featured_media":687963,"comment_status":"open","ping_status":"open","sticky":false,"template":"","format":"standard","meta":{"_monsterinsights_skip_tracking":false,"_monsterinsights_sitenote_active":false,"_monsterinsights_sitenote_note":"","_monsterinsights_sitenote_category":0,"footnotes":""},"categories":[5],"tags":[],"class_list":["post-687962","post","type-post","status-publish","format-standard","has-post-thumbnail","hentry","category-estado-de-mexico"],"_links":{"self":[{"href":"https:\/\/www.diarioimagen.net\/index.php?rest_route=\/wp\/v2\/posts\/687962","targetHints":{"allow":["GET"]}}],"collection":[{"href":"https:\/\/www.diarioimagen.net\/index.php?rest_route=\/wp\/v2\/posts"}],"about":[{"href":"https:\/\/www.diarioimagen.net\/index.php?rest_route=\/wp\/v2\/types\/post"}],"author":[{"embeddable":true,"href":"https:\/\/www.diarioimagen.net\/index.php?rest_route=\/wp\/v2\/users\/14"}],"replies":[{"embeddable":true,"href":"https:\/\/www.diarioimagen.net\/index.php?rest_route=%2Fwp%2Fv2%2Fcomments&post=687962"}],"version-history":[{"count":1,"href":"https:\/\/www.diarioimagen.net\/index.php?rest_route=\/wp\/v2\/posts\/687962\/revisions"}],"predecessor-version":[{"id":687964,"href":"https:\/\/www.diarioimagen.net\/index.php?rest_route=\/wp\/v2\/posts\/687962\/revisions\/687964"}],"wp:featuredmedia":[{"embeddable":true,"href":"https:\/\/www.diarioimagen.net\/index.php?rest_route=\/wp\/v2\/media\/687963"}],"wp:attachment":[{"href":"https:\/\/www.diarioimagen.net\/index.php?rest_route=%2Fwp%2Fv2%2Fmedia&parent=687962"}],"wp:term":[{"taxonomy":"category","embeddable":true,"href":"https:\/\/www.diarioimagen.net\/index.php?rest_route=%2Fwp%2Fv2%2Fcategories&post=687962"},{"taxonomy":"post_tag","embeddable":true,"href":"https:\/\/www.diarioimagen.net\/index.php?rest_route=%2Fwp%2Fv2%2Ftags&post=687962"}],"curies":[{"name":"wp","href":"https:\/\/api.w.org\/{rel}","templated":true}]}}