{"id":687965,"date":"2025-10-09T21:11:48","date_gmt":"2025-10-10T03:11:48","guid":{"rendered":"https:\/\/www.diarioimagen.net\/?p=687965"},"modified":"2025-10-09T21:11:48","modified_gmt":"2025-10-10T03:11:48","slug":"mas-de-42-mil-maestras-y-maestros-cuentan-ya-con-la-credencial-sindical","status":"publish","type":"post","link":"https:\/\/www.diarioimagen.net\/?p=687965","title":{"rendered":"M\u00e1s de 42 mil maestras y maestros cuentan ya con la credencial sindical"},"content":{"rendered":"<div id=\"attachment_687966\" style=\"width: 415px\" class=\"wp-caption alignnone\"><img loading=\"lazy\" decoding=\"async\" aria-describedby=\"caption-attachment-687966\" class=\"wp-image-687966 size-large\" src=\"https:\/\/www.diarioimagen.net\/wp-content\/uploads\/2025\/10\/BAENA-4-ok-6-405x270.jpg\" alt=\"\" width=\"405\" height=\"270\" srcset=\"https:\/\/www.diarioimagen.net\/wp-content\/uploads\/2025\/10\/BAENA-4-ok-6-405x270.jpg 405w, https:\/\/www.diarioimagen.net\/wp-content\/uploads\/2025\/10\/BAENA-4-ok-6-240x160.jpg 240w, https:\/\/www.diarioimagen.net\/wp-content\/uploads\/2025\/10\/BAENA-4-ok-6-768x511.jpg 768w, https:\/\/www.diarioimagen.net\/wp-content\/uploads\/2025\/10\/BAENA-4-ok-6.jpg 1500w\" sizes=\"auto, (max-width: 405px) 100vw, 405px\" \/><p id=\"caption-attachment-687966\" class=\"wp-caption-text\">M\u00e1s de 42 mil maestras y maestros cuentan ya con la credencial sindical<\/p><\/div>\n<p><strong>\u00a0<\/strong><\/p>\n<p>Toluca, Mex.- A poco m\u00e1s de dos meses de haber concluido la instalaci\u00f3n de los 14 m\u00f3dulos permanentes de credencializaci\u00f3n, el Sindicato de Maestros al Servicio del Estado de M\u00e9xico (SMSEM), que encabeza el secretario general, Jenaro Mart\u00ednez Reyes, ha expedido 42 mil 893 identificaciones a maestras y maestros del Subsistema Educativo Estatal. De ese total, 5 mil 524 corresponden a profesoras y profesores pensionados. Las regiones con mayor n\u00famero de tr\u00e1mites son la 7, con 5 mil 385; la 14, con 5 mil 146; y la 10, con 4 mil 186.<\/p>\n<p>&nbsp;<\/p>\n<p>Las sedes operan en todo el Estado de M\u00e9xico y acercan a la membres\u00eda la emisi\u00f3n, renovaci\u00f3n o reposici\u00f3n del documento que les permite acceder a m\u00faltiples apoyos, programas, tr\u00e1mites y servicios gestionados por la organizaci\u00f3n sindical para lograr el bienestar del magisterio en la entidad.<\/p>\n","protected":false},"excerpt":{"rendered":"<p>\u00a0 Toluca, Mex.- A poco m\u00e1s de dos meses de haber concluido la instalaci\u00f3n de los 14 m\u00f3dulos permanentes de credencializaci\u00f3n, el Sindicato de Maestros al Servicio del Estado de M\u00e9xico (SMSEM), que encabeza el secretario general, Jenaro Mart\u00ednez Reyes, ha expedido 42 mil 893 identificaciones a maestras y maestros del Subsistema Educativo Estatal. De [&hellip;]<\/p>\n","protected":false},"author":14,"featured_media":687966,"comment_status":"open","ping_status":"open","sticky":false,"template":"","format":"standard","meta":{"_monsterinsights_skip_tracking":false,"_monsterinsights_sitenote_active":false,"_monsterinsights_sitenote_note":"","_monsterinsights_sitenote_category":0,"footnotes":""},"categories":[5],"tags":[],"class_list":["post-687965","post","type-post","status-publish","format-standard","has-post-thumbnail","hentry","category-estado-de-mexico"],"_links":{"self":[{"href":"https:\/\/www.diarioimagen.net\/index.php?rest_route=\/wp\/v2\/posts\/687965","targetHints":{"allow":["GET"]}}],"collection":[{"href":"https:\/\/www.diarioimagen.net\/index.php?rest_route=\/wp\/v2\/posts"}],"about":[{"href":"https:\/\/www.diarioimagen.net\/index.php?rest_route=\/wp\/v2\/types\/post"}],"author":[{"embeddable":true,"href":"https:\/\/www.diarioimagen.net\/index.php?rest_route=\/wp\/v2\/users\/14"}],"replies":[{"embeddable":true,"href":"https:\/\/www.diarioimagen.net\/index.php?rest_route=%2Fwp%2Fv2%2Fcomments&post=687965"}],"version-history":[{"count":1,"href":"https:\/\/www.diarioimagen.net\/index.php?rest_route=\/wp\/v2\/posts\/687965\/revisions"}],"predecessor-version":[{"id":687967,"href":"https:\/\/www.diarioimagen.net\/index.php?rest_route=\/wp\/v2\/posts\/687965\/revisions\/687967"}],"wp:featuredmedia":[{"embeddable":true,"href":"https:\/\/www.diarioimagen.net\/index.php?rest_route=\/wp\/v2\/media\/687966"}],"wp:attachment":[{"href":"https:\/\/www.diarioimagen.net\/index.php?rest_route=%2Fwp%2Fv2%2Fmedia&parent=687965"}],"wp:term":[{"taxonomy":"category","embeddable":true,"href":"https:\/\/www.diarioimagen.net\/index.php?rest_route=%2Fwp%2Fv2%2Fcategories&post=687965"},{"taxonomy":"post_tag","embeddable":true,"href":"https:\/\/www.diarioimagen.net\/index.php?rest_route=%2Fwp%2Fv2%2Ftags&post=687965"}],"curies":[{"name":"wp","href":"https:\/\/api.w.org\/{rel}","templated":true}]}}