{"id":687977,"date":"2025-10-09T21:21:21","date_gmt":"2025-10-10T03:21:21","guid":{"rendered":"https:\/\/www.diarioimagen.net\/?p=687977"},"modified":"2025-10-09T21:21:21","modified_gmt":"2025-10-10T03:21:21","slug":"gobierno-del-estado-de-mexico-inicia-la-estrategia-cera","status":"publish","type":"post","link":"https:\/\/www.diarioimagen.net\/?p=687977","title":{"rendered":"Gobierno del Estado de M\u00e9xico inicia la Estrategia CERA"},"content":{"rendered":"<p>&nbsp;<\/p>\n<ul>\n<li><strong>Paso hist\u00f3rico para que animales callejeros tengan hogar<\/strong><\/li>\n<\/ul>\n<div id=\"attachment_687978\" style=\"width: 415px\" class=\"wp-caption alignnone\"><img loading=\"lazy\" decoding=\"async\" aria-describedby=\"caption-attachment-687978\" class=\"wp-image-687978 size-large\" src=\"https:\/\/www.diarioimagen.net\/wp-content\/uploads\/2025\/10\/EDOMEX-2-ok-3-405x270.jpg\" alt=\"\" width=\"405\" height=\"270\" srcset=\"https:\/\/www.diarioimagen.net\/wp-content\/uploads\/2025\/10\/EDOMEX-2-ok-3-405x270.jpg 405w, https:\/\/www.diarioimagen.net\/wp-content\/uploads\/2025\/10\/EDOMEX-2-ok-3-240x160.jpg 240w, https:\/\/www.diarioimagen.net\/wp-content\/uploads\/2025\/10\/EDOMEX-2-ok-3-768x511.jpg 768w, https:\/\/www.diarioimagen.net\/wp-content\/uploads\/2025\/10\/EDOMEX-2-ok-3.jpg 1500w\" sizes=\"auto, (max-width: 405px) 100vw, 405px\" \/><p id=\"caption-attachment-687978\" class=\"wp-caption-text\">Delfina G\u00f3mez \u00c1lvarez encabez\u00f3 la firma del convenio que pone en marcha la Estrategia CERA (Captura, Esteriliza, Educa, Resguarda y Adopta), un modelo integral que promueve la tutela responsable, el control \u00e9tico de la poblaci\u00f3n canina y felina.<\/p><\/div>\n<p>Toluca, Estado de M\u00e9xico.\u2013 La gobernadora Delfina G\u00f3mez \u00c1lvarez encabez\u00f3 la firma del convenio que pone en marcha la Estrategia CERA (Captura, Esteriliza, Educa, Resguarda y Adopta), un modelo integral que promueve la tutela responsable, el control \u00e9tico de la poblaci\u00f3n canina y felina, y una nueva cultura de respeto hacia los seres sintientes.<\/p>\n<p>\u201cProteger a los animalitos comunitarios requiere de la suma de voluntades y del trabajo en equipo entre la sociedad, los gobiernos municipales y el gobierno estatal. Solo as\u00ed podremos cambiar la vida de miles de michis y lomitos\u201d, expres\u00f3 la Gobernadora Delfina G\u00f3mez \u00c1lvarez.<\/p>\n<p>Durante la primera etapa de esta estrategia, once municipios \u2013Amecameca, Chiautla, Chicoloapan, Chimalhuac\u00e1n, Naucalpan, Nezahualc\u00f3yotl, Tejupilco, Tlalnepantla, Valle de Chalco, Villa de Allende y Texcoco\u2013 firmaron el convenio que permitir\u00e1 implementar brigadas de atenci\u00f3n, captura y esterilizaci\u00f3n, acompa\u00f1adas por campa\u00f1as de educaci\u00f3n y adopci\u00f3n responsable. Asimismo, la Mandataria estatal anunci\u00f3 que el programa se ampliar\u00e1 gradualmente a los 125 municipios mexiquenses, fortaleciendo con ello la salud p\u00fablica, el bienestar social y la protecci\u00f3n de los animales en todo el territorio estatal.<\/p>\n<p>\u201cEl trabajo que estamos realizando en favor de los seres sintientes es solo el inicio de un largo camino para construir una cultura de bienestar de estos compa\u00f1eros leales que nos brindan amor, alegr\u00eda y consuelo\u201d, afirm\u00f3 G\u00f3mez \u00c1lvarez.<\/p>\n<p>Con el respaldo de instituciones como la Universidad Aut\u00f3noma del Estado de M\u00e9xico, la Fiscal\u00eda General de Justicia del Estado de M\u00e9xico, el C5, y diversas asociaciones protectoras de animales, el Gobierno estatal impulsa, con la Estrategia CERA, una pol\u00edtica p\u00fablica de bienestar animal sin precedentes en la entidad. Como parte de esta jornada, la Gobernadora entreg\u00f3 500 bultos de alimento a 41 asociaciones protectoras que brindan cuidado y apoyo a quienes no tienen voz<\/p>\n<p>&nbsp;<\/p>\n<p>&nbsp;<\/p>\n<p>&nbsp;<\/p>\n<p>&nbsp;<\/p>\n","protected":false},"excerpt":{"rendered":"<p>&nbsp; Paso hist\u00f3rico para que animales callejeros tengan hogar Toluca, Estado de M\u00e9xico.\u2013 La gobernadora Delfina G\u00f3mez \u00c1lvarez encabez\u00f3 la firma del convenio que pone en marcha la Estrategia CERA (Captura, Esteriliza, Educa, Resguarda y Adopta), un modelo integral que promueve la tutela responsable, el control \u00e9tico de la poblaci\u00f3n canina y felina, y una [&hellip;]<\/p>\n","protected":false},"author":14,"featured_media":687978,"comment_status":"open","ping_status":"open","sticky":false,"template":"","format":"standard","meta":{"_monsterinsights_skip_tracking":false,"_monsterinsights_sitenote_active":false,"_monsterinsights_sitenote_note":"","_monsterinsights_sitenote_category":0,"footnotes":""},"categories":[5],"tags":[],"class_list":["post-687977","post","type-post","status-publish","format-standard","has-post-thumbnail","hentry","category-estado-de-mexico"],"_links":{"self":[{"href":"https:\/\/www.diarioimagen.net\/index.php?rest_route=\/wp\/v2\/posts\/687977","targetHints":{"allow":["GET"]}}],"collection":[{"href":"https:\/\/www.diarioimagen.net\/index.php?rest_route=\/wp\/v2\/posts"}],"about":[{"href":"https:\/\/www.diarioimagen.net\/index.php?rest_route=\/wp\/v2\/types\/post"}],"author":[{"embeddable":true,"href":"https:\/\/www.diarioimagen.net\/index.php?rest_route=\/wp\/v2\/users\/14"}],"replies":[{"embeddable":true,"href":"https:\/\/www.diarioimagen.net\/index.php?rest_route=%2Fwp%2Fv2%2Fcomments&post=687977"}],"version-history":[{"count":1,"href":"https:\/\/www.diarioimagen.net\/index.php?rest_route=\/wp\/v2\/posts\/687977\/revisions"}],"predecessor-version":[{"id":687979,"href":"https:\/\/www.diarioimagen.net\/index.php?rest_route=\/wp\/v2\/posts\/687977\/revisions\/687979"}],"wp:featuredmedia":[{"embeddable":true,"href":"https:\/\/www.diarioimagen.net\/index.php?rest_route=\/wp\/v2\/media\/687978"}],"wp:attachment":[{"href":"https:\/\/www.diarioimagen.net\/index.php?rest_route=%2Fwp%2Fv2%2Fmedia&parent=687977"}],"wp:term":[{"taxonomy":"category","embeddable":true,"href":"https:\/\/www.diarioimagen.net\/index.php?rest_route=%2Fwp%2Fv2%2Fcategories&post=687977"},{"taxonomy":"post_tag","embeddable":true,"href":"https:\/\/www.diarioimagen.net\/index.php?rest_route=%2Fwp%2Fv2%2Ftags&post=687977"}],"curies":[{"name":"wp","href":"https:\/\/api.w.org\/{rel}","templated":true}]}}