{"id":688050,"date":"2025-10-09T21:51:44","date_gmt":"2025-10-10T03:51:44","guid":{"rendered":"https:\/\/www.diarioimagen.net\/?p=688050"},"modified":"2025-10-09T21:51:44","modified_gmt":"2025-10-10T03:51:44","slug":"la-irritacion-de-la-presidenta-sheinbaum-y-la-anecdota-del-general-lazaro-cardenas","status":"publish","type":"post","link":"https:\/\/www.diarioimagen.net\/?p=688050","title":{"rendered":"La irritaci\u00f3n de la presidenta Sheinbaum  y la an\u00e9cdota del general L\u00e1zaro C\u00e1rdenas"},"content":{"rendered":"<p>&nbsp;<\/p>\n<p><strong>\u00a0<\/strong><\/p>\n<p><strong>TRAS LA PUERTA DEL PODER. Roberto Vizca\u00edno<\/strong><\/p>\n<p><strong>\u00a0<\/strong><\/p>\n<p>&nbsp;<\/p>\n<p><strong>\u00a0<\/strong><\/p>\n<p>Muchos fueron las inteligentes, ingeniosas y fundadas reacciones a la abierta irritaci\u00f3n mostrada de nuevo esta semana por la presidenta <strong>Claudia Sheinbaum<\/strong>\u00a0a los reportes period\u00edsticos que exhiben diariamente al M\u00e9xico convulsionado y sumido en la violencia y la muerte que ella gobierna.<\/p>\n<p>Su malestar hacia los medios no es para nada nuevo ni ajeno a otros muchos vividos por otros mandatarios.<\/p>\n<p>Es una constante que desde el poder se cuestione a los medios informativos por difundir hechos extraordinarios basados las m\u00e1s de las veces en muerte y violencia, en la exhibici\u00f3n de lo m\u00e1s oscuro de la condici\u00f3n humana -traiciones, corruptelas, hurtos, deshonestidad \u00e9tica y pol\u00edtica de la clase dominante, ya sea p\u00fablica o privada- y por no privilegiar los casos del buen comportamiento y logros de sus gobiernos.<\/p>\n<p>No es este el espacio para darle a la mandataria una clase ni taller de comprensi\u00f3n de los medios informativos. Ya tiene muchos a\u00f1os en las tareas p\u00fablicas como para saberlo.<\/p>\n<p>De todas las reacciones en los medios informativos a causa de su irritaci\u00f3n hacia los medios informativos, a que tuve acceso, me quedo con una de mi amigo el historiador y periodista\u00a0<strong>H\u00e9ctor Aguilar Cam\u00edn<\/strong>\u00a0que retomo y se las comparto \u2013a ella si es que alguna vez le llega a sus ojos esta columna, y a todos quienes pudieran y quisieran leerme ahora\u2013, y que a su vez la escuch\u00f3 hace a\u00f1os del periodista <strong>Francisco Mart\u00ednez de la Vega<\/strong>\u00a0y que narra una an\u00e9cdota del general\u00a0<strong>L\u00e1zaro C\u00e1rdenas<\/strong>.<\/p>\n<p>En su Presidencia, el general\u00a0<strong>C\u00e1rdenas<\/strong>\u00a0era testigo del constante malestar e irritaci\u00f3n de uno de sus colaboradores cercanos, quien se quejaba con \u00e9l, de art\u00edculos en su contra publicados por un diario de la \u00e9poca.<\/p>\n<p>\u201cHarto, un d\u00eda le pide consejo al Presidente y \u00e9ste le pregunta qu\u00e9 tanto lo alteran los textos del medio y el general colaborador le dice que en extremo\u2026<\/p>\n<p>\u2014\u00bfY de a de veras le molestan mucho esas noticias? \u2014le pregunt\u00f3 el presidente\u00a0<strong>C\u00e1rdenas<\/strong>.<\/p>\n<p>\u2014Mucho, mi general. \u00bfQu\u00e9 me aconseja?<\/p>\n<p>\u2014Pues si le molestan tanto esas noticias, general,\u00a0<strong><em>lo que le aconsejo es que no las lea\u00a0<\/em><\/strong>\u2014respondi\u00f3\u00a0<strong>C\u00e1rdenas\u201d<\/strong>.<\/p>\n<p>Por ello,\u00a0<strong>H\u00e9ctor<\/strong>\u00a0le sugiere a la mandataria \u201cque no haga corajes con la prensa. (porque) La prensa no tiene remedio\u201d.<\/p>\n<p>Creo que esta an\u00e9cdota es tan contundente que no hay nada que agregar. Menos a\u00fan cuando ella est\u00e1 convencida que esos medios y periodistas, no los leen ni cinco personas.<\/p>\n<p>Bueno, s\u00ed, quiz\u00e1 una sola cosa habr\u00eda que agregar: s\u00e9 que ella concluir\u00e1, se ir\u00e1, y los medios y sus periodistas, fot\u00f3grafos, analistas, editorialistas, etc, permaneceremos para continuar con la narrativa de este momento. La historia de este sexenio la contaremos nosotros como ahora contamos la de AMLO y todos los que lo antecedieron. Esa es una realidad que no podr\u00e1 modificar ni ella ni nadie.<\/p>\n<p>&nbsp;<\/p>\n<p><strong>Con sus decisiones, noro\u00f1a reta a Sheinbaum y a LA 4T\u00a0<\/strong><\/p>\n<p>&nbsp;<\/p>\n<p>Toda paciencia se acaba cuando el ego y la estupidez, la ausencia de neuronas, de qui\u00e9n la reta es mayor que la tolerancia de qui\u00e9n -o qui\u00e9nes- lo sufren.<\/p>\n<p>Eso est\u00e1 por ocurrir en el caso de este esperpento llamado\u00a0<strong>Gerardo Fern\u00e1ndez Noro\u00f1a<\/strong>.<\/p>\n<p>Engolosinado por continuar con la irresistible atracci\u00f3n medi\u00e1tica y los beneficios que le daba ser presidente del Senado, se ha inventado tareas absurdas y participado en conferencias de prensa cada vez m\u00e1s absurdas y estrafalarias.<\/p>\n<p>La m\u00e1s reciente, de apenas anteayer, con motivo de su costosa gira en avi\u00f3n particular por Coahuila, financiada con recursos hasta ahora no explicables, para asistir a un par de eventos sin la menor trascendencia, ni justificables pol\u00edticamente hablando si hubieran sido en un barrio marginal de Iztapalapa en que haci\u00e9ndose el chistoso dijo que se lo hab\u00eda regalado el empresario\u00a0<strong>Ricardo Salinas Pliego<\/strong>\u00a0y que hab\u00eda sido aprobado por la presidenta\u00a0<strong>Claudia Sheinbaum<\/strong>.<\/p>\n<p>Ni lo uno ni lo otro. Y al decirlo, mostr\u00f3 que su estupidez ya involucra a terceros que no debe tocar. Al menos la presidenta\u00a0<strong>Sheinbaum<\/strong>\u00a0ya mostr\u00f3 una irritaci\u00f3n hacia el que podr\u00eda significar el primer s\u00edntoma de estar rebasando su paciencia. Y que el coletazo presidencial podr\u00eda venir pronto.<\/p>\n<p>Hoy esta actitud y hechos irracionales, y abiertamente tontos de\u00a0<strong>Noro\u00f1a,<\/strong>\u00a0ya cayeron en la mesa de su coordinador, el senador\u00a0<strong>Ad\u00e1n Augusto L\u00f3pez,<\/strong>\u00a0quien tiene de por s\u00ed un entorno muy complicado como para todav\u00eda andar metiendo en cintura a un personaje como <strong>Noro\u00f1a<\/strong>.<\/p>\n<p>No nos extra\u00f1emos que para acabar pronto, sea designado delegado de Conagua en Tapachula, Chiapas, o encargado de controlar el gusano barrenador en Campeche, al mando de su amiga, la, igualmente extravagante, gobernadora Layda Sansores.<\/p>\n<p>Por ah\u00ed anda ya la respuesta que requiere su ausencia de prudencia y neuronas.<\/p>\n<p>&nbsp;<\/p>\n<p>&nbsp;<\/p>\n<p>Twitter: @_Vizcaino \/ Facebook<\/p>\n<p>\/\u00a0<a href=\"https:\/\/www.facebook.com\/rvizcainoa\">https:\/\/www.facebook.com\/rvizcainoa<\/a><\/p>\n<p>&nbsp;<\/p>\n","protected":false},"excerpt":{"rendered":"<p>&nbsp; \u00a0 TRAS LA PUERTA DEL PODER. Roberto Vizca\u00edno \u00a0 &nbsp; \u00a0 Muchos fueron las inteligentes, ingeniosas y fundadas reacciones a la abierta irritaci\u00f3n mostrada de nuevo esta semana por la presidenta Claudia Sheinbaum\u00a0a los reportes period\u00edsticos que exhiben diariamente al M\u00e9xico convulsionado y sumido en la violencia y la muerte que ella gobierna. Su [&hellip;]<\/p>\n","protected":false},"author":14,"featured_media":0,"comment_status":"open","ping_status":"open","sticky":false,"template":"","format":"standard","meta":{"_monsterinsights_skip_tracking":false,"_monsterinsights_sitenote_active":false,"_monsterinsights_sitenote_note":"","_monsterinsights_sitenote_category":0,"footnotes":""},"categories":[4,136],"tags":[],"class_list":["post-688050","post","type-post","status-publish","format-standard","hentry","category-opinion","category-roberto-vizcaino-opinion"],"_links":{"self":[{"href":"https:\/\/www.diarioimagen.net\/index.php?rest_route=\/wp\/v2\/posts\/688050","targetHints":{"allow":["GET"]}}],"collection":[{"href":"https:\/\/www.diarioimagen.net\/index.php?rest_route=\/wp\/v2\/posts"}],"about":[{"href":"https:\/\/www.diarioimagen.net\/index.php?rest_route=\/wp\/v2\/types\/post"}],"author":[{"embeddable":true,"href":"https:\/\/www.diarioimagen.net\/index.php?rest_route=\/wp\/v2\/users\/14"}],"replies":[{"embeddable":true,"href":"https:\/\/www.diarioimagen.net\/index.php?rest_route=%2Fwp%2Fv2%2Fcomments&post=688050"}],"version-history":[{"count":1,"href":"https:\/\/www.diarioimagen.net\/index.php?rest_route=\/wp\/v2\/posts\/688050\/revisions"}],"predecessor-version":[{"id":688051,"href":"https:\/\/www.diarioimagen.net\/index.php?rest_route=\/wp\/v2\/posts\/688050\/revisions\/688051"}],"wp:attachment":[{"href":"https:\/\/www.diarioimagen.net\/index.php?rest_route=%2Fwp%2Fv2%2Fmedia&parent=688050"}],"wp:term":[{"taxonomy":"category","embeddable":true,"href":"https:\/\/www.diarioimagen.net\/index.php?rest_route=%2Fwp%2Fv2%2Fcategories&post=688050"},{"taxonomy":"post_tag","embeddable":true,"href":"https:\/\/www.diarioimagen.net\/index.php?rest_route=%2Fwp%2Fv2%2Ftags&post=688050"}],"curies":[{"name":"wp","href":"https:\/\/api.w.org\/{rel}","templated":true}]}}