{"id":688143,"date":"2025-10-12T20:30:37","date_gmt":"2025-10-13T02:30:37","guid":{"rendered":"https:\/\/www.diarioimagen.net\/?p=688143"},"modified":"2025-10-12T20:30:37","modified_gmt":"2025-10-13T02:30:37","slug":"la-unidad-de-priistas-derrotara-a-las-adversidades-cristina-ruiz","status":"publish","type":"post","link":"https:\/\/www.diarioimagen.net\/?p=688143","title":{"rendered":"La unidad de priistas derrotar\u00e1  a las adversidades: Cristina Ruiz"},"content":{"rendered":"<p>&nbsp;<\/p>\n<ul>\n<li><strong>Gira de trabajo por Jocotitl\u00e1n<\/strong><\/li>\n<\/ul>\n<p><strong>\u00a0<\/strong><\/p>\n<p><img loading=\"lazy\" decoding=\"async\" class=\"alignnone wp-image-688144 size-large\" src=\"https:\/\/www.diarioimagen.net\/wp-content\/uploads\/2025\/10\/BAENA-2-ok-5-427x270.jpg\" alt=\"\" width=\"427\" height=\"270\" srcset=\"https:\/\/www.diarioimagen.net\/wp-content\/uploads\/2025\/10\/BAENA-2-ok-5-427x270.jpg 427w, https:\/\/www.diarioimagen.net\/wp-content\/uploads\/2025\/10\/BAENA-2-ok-5-240x152.jpg 240w, https:\/\/www.diarioimagen.net\/wp-content\/uploads\/2025\/10\/BAENA-2-ok-5-768x485.jpg 768w, https:\/\/www.diarioimagen.net\/wp-content\/uploads\/2025\/10\/BAENA-2-ok-5-1536x970.jpg 1536w, https:\/\/www.diarioimagen.net\/wp-content\/uploads\/2025\/10\/BAENA-2-ok-5-2048x1294.jpg 2048w\" sizes=\"auto, (max-width: 427px) 100vw, 427px\" \/><\/p>\n<p>Toluca, M\u00e9x.- Al dejar en claro que el priismo mexiquense camina el territorio para defender al pa\u00eds del autoritarismo y hacer conciencia ciudadana sobre el riesgo que existe por tener un gobierno que destruye todo lo que sirve, la presidenta del Comit\u00e9 Directivo Estatal (CDE), Cristina Ruiz Sandoval, destac\u00f3 la importancia de estar unidos en los tiempos de gran adversidad para la Patria.<\/p>\n<p>&nbsp;<\/p>\n<p>En gira de trabajo por Jocotitl\u00e1n, donde tuvo un encuentro con la militancia e inaugur\u00f3 el comit\u00e9 municipal, la tambi\u00e9n senadora dijo que los priistas enfrentan los desaf\u00edos que significa ser oposici\u00f3n al actual r\u00e9gimen y se prepara, permanentemente, para darle viabilidad a las estructuras municipales y seccionales que le dan vida al partido todos los d\u00edas.<\/p>\n<p>&nbsp;<\/p>\n<p>Acompa\u00f1ada de liderazgos priistas del municipio como el ex diputado federal Gustavo C\u00e1rdenas Monroy y los ex presidentes municipales Iv\u00e1n Esquer Gonz\u00e1lez y Jes\u00fas Monroy Monroy, as\u00ed como los diputados El\u00edas Rescala Jim\u00e9nez y Lety Mej\u00eda Garc\u00eda, la lideresa priista sostuvo que los priistas no se rajan ni son desertores y siguen en la lucha hasta el final.<\/p>\n<p>&nbsp;<\/p>\n<p>\u201cSiempre vemos con respeto al priismo del Estado de M\u00e9xico y vamos hasta donde tope con amor al partido; en las buenas y en las malas nosotros jalamos parejo; estamos unidos en estos tiempos de lucha para defender al partido; el PRI ha hecho los mejores gobiernos, no se equivoquen los que dicen todo lo contrario; hay un gran priismo que camina el territorio\u201d, afirm\u00f3.<\/p>\n<p>&nbsp;<\/p>\n<p>En torno a la tragedia que vive la naci\u00f3n, Ruiz Sandoval resalt\u00f3 que Morena destruye a su paso todo lo que el PRI hizo durante muchos a\u00f1os, como los centros de salud, el Seguro Popular y el sistema de vacunaci\u00f3n, as\u00ed como el mantenimiento en carreteras o los espacios educativos, por eso \u201chay que sacar este r\u00e9gimen dictatorial del Estado de M\u00e9xico y del pa\u00eds porque no le hace bien a M\u00e9xico\u201d.<\/p>\n<p>&nbsp;<\/p>\n<p>Puntualiz\u00f3 que la lucha es por las nuevas generaciones, pues \u201cel mayor deseo es que tengan un mejor lugar y les vaya bien, aqu\u00ed nos jugamos el futuro del pa\u00eds, no podemos claudicar ni quedarnos callados porque no es opci\u00f3n; vamos a llegar a cada rinc\u00f3n del Estado con los priistas que sumar\u00e1n fuerza en las calles, en todos los municipios, con gesti\u00f3n para la salud y todo lo que se necesite\u201d.<\/p>\n<p>&nbsp;<\/p>\n<p><strong>\u00a0<\/strong><\/p>\n<p>&nbsp;<\/p>\n","protected":false},"excerpt":{"rendered":"<p>&nbsp; Gira de trabajo por Jocotitl\u00e1n \u00a0 Toluca, M\u00e9x.- Al dejar en claro que el priismo mexiquense camina el territorio para defender al pa\u00eds del autoritarismo y hacer conciencia ciudadana sobre el riesgo que existe por tener un gobierno que destruye todo lo que sirve, la presidenta del Comit\u00e9 Directivo Estatal (CDE), Cristina Ruiz Sandoval, [&hellip;]<\/p>\n","protected":false},"author":14,"featured_media":688144,"comment_status":"open","ping_status":"open","sticky":false,"template":"","format":"standard","meta":{"_monsterinsights_skip_tracking":false,"_monsterinsights_sitenote_active":false,"_monsterinsights_sitenote_note":"","_monsterinsights_sitenote_category":0,"footnotes":""},"categories":[5],"tags":[],"class_list":["post-688143","post","type-post","status-publish","format-standard","has-post-thumbnail","hentry","category-estado-de-mexico"],"_links":{"self":[{"href":"https:\/\/www.diarioimagen.net\/index.php?rest_route=\/wp\/v2\/posts\/688143","targetHints":{"allow":["GET"]}}],"collection":[{"href":"https:\/\/www.diarioimagen.net\/index.php?rest_route=\/wp\/v2\/posts"}],"about":[{"href":"https:\/\/www.diarioimagen.net\/index.php?rest_route=\/wp\/v2\/types\/post"}],"author":[{"embeddable":true,"href":"https:\/\/www.diarioimagen.net\/index.php?rest_route=\/wp\/v2\/users\/14"}],"replies":[{"embeddable":true,"href":"https:\/\/www.diarioimagen.net\/index.php?rest_route=%2Fwp%2Fv2%2Fcomments&post=688143"}],"version-history":[{"count":1,"href":"https:\/\/www.diarioimagen.net\/index.php?rest_route=\/wp\/v2\/posts\/688143\/revisions"}],"predecessor-version":[{"id":688145,"href":"https:\/\/www.diarioimagen.net\/index.php?rest_route=\/wp\/v2\/posts\/688143\/revisions\/688145"}],"wp:featuredmedia":[{"embeddable":true,"href":"https:\/\/www.diarioimagen.net\/index.php?rest_route=\/wp\/v2\/media\/688144"}],"wp:attachment":[{"href":"https:\/\/www.diarioimagen.net\/index.php?rest_route=%2Fwp%2Fv2%2Fmedia&parent=688143"}],"wp:term":[{"taxonomy":"category","embeddable":true,"href":"https:\/\/www.diarioimagen.net\/index.php?rest_route=%2Fwp%2Fv2%2Fcategories&post=688143"},{"taxonomy":"post_tag","embeddable":true,"href":"https:\/\/www.diarioimagen.net\/index.php?rest_route=%2Fwp%2Fv2%2Ftags&post=688143"}],"curies":[{"name":"wp","href":"https:\/\/api.w.org\/{rel}","templated":true}]}}