{"id":688149,"date":"2025-10-12T20:34:11","date_gmt":"2025-10-13T02:34:11","guid":{"rendered":"https:\/\/www.diarioimagen.net\/?p=688149"},"modified":"2025-10-12T20:34:11","modified_gmt":"2025-10-13T02:34:11","slug":"nadie-detendra-la-unidad-de-los-suteymistas-asegura-el-dirigente-tomas-palomares-parra","status":"publish","type":"post","link":"https:\/\/www.diarioimagen.net\/?p=688149","title":{"rendered":"Nadie detendr\u00e1 la unidad de los suteymistas,  asegura el dirigente Tom\u00e1s Palomares Parra"},"content":{"rendered":"<p>&nbsp;<\/p>\n<ul>\n<li><strong>Se reincorpora a sus labores<\/strong><\/li>\n<\/ul>\n<div id=\"attachment_688150\" style=\"width: 368px\" class=\"wp-caption alignnone\"><img loading=\"lazy\" decoding=\"async\" aria-describedby=\"caption-attachment-688150\" class=\"wp-image-688150 size-large\" src=\"https:\/\/www.diarioimagen.net\/wp-content\/uploads\/2025\/10\/BAENA-1-ok-7-358x270.jpg\" alt=\"\" width=\"358\" height=\"270\" srcset=\"https:\/\/www.diarioimagen.net\/wp-content\/uploads\/2025\/10\/BAENA-1-ok-7-358x270.jpg 358w, https:\/\/www.diarioimagen.net\/wp-content\/uploads\/2025\/10\/BAENA-1-ok-7-240x181.jpg 240w, https:\/\/www.diarioimagen.net\/wp-content\/uploads\/2025\/10\/BAENA-1-ok-7-768x579.jpg 768w, https:\/\/www.diarioimagen.net\/wp-content\/uploads\/2025\/10\/BAENA-1-ok-7-1536x1157.jpg 1536w, https:\/\/www.diarioimagen.net\/wp-content\/uploads\/2025\/10\/BAENA-1-ok-7-2048x1543.jpg 2048w\" sizes=\"auto, (max-width: 358px) 100vw, 358px\" \/><p id=\"caption-attachment-688150\" class=\"wp-caption-text\">Seguimos adelante para mantener la fortaleza y unidad del SUTEyM en Naucalpan, expres\u00f3 el doctor en Derecho y dirigente de ese gremio sindical, Tom\u00e1s Palomares Parra, al reincorporarse a sus labores cotidianas.<\/p><\/div>\n<p>&nbsp;<\/p>\n<p>&nbsp;<\/p>\n<p>Por Arturo Baena<\/p>\n<p>&nbsp;<\/p>\n<p>Naucalpan, M\u00e9x.- En todo momento y bajo cualquier circunstancia, por muy fuerte o dolorosa que \u00e9sta sea, seguiremos trabajando de la mano de las y los compa\u00f1eros suteymistas. Seguimos adelante para mantener la fortaleza y unidad del SUTEyM aqu\u00ed en Naucalpan.<\/p>\n<p>&nbsp;<\/p>\n<p>As\u00ed lo expres\u00f3 el doctor en Derecho y dirigente de ese gremio sindical, Tom\u00e1s Palomares Parra, al reincorporarse a sus labores cotidianas. \u201cNada ni nadie podr\u00e1 vulnerar las conquistas y la unidad que prevalece al interior de nuestro gremio. Somos una gran familia\u201d, dijo.<\/p>\n<p>&nbsp;<\/p>\n<p>El tambi\u00e9n secretario de Exterior en el SUTEyM estatal, record\u00f3 que durante su administraci\u00f3n se ha privilegiado el di\u00e1logo, la negociaci\u00f3n con argumentos y la b\u00fasqueda del bien colectivo. \u201cLos trabajadores y su dirigencia somos un solo equipo que tiene como misi\u00f3n servir a los naucalpenses\u201d, reafirm\u00f3.<\/p>\n<p>&nbsp;<\/p>\n<p>Palomares Parra puntualiz\u00f3 que \u201caqu\u00ed estamos con m\u00e1s \u00e1nimos que nunca para servir a los compa\u00f1eros a quienes agradezco su apoyo y oraciones por mi salud\u201d, abund\u00f3.<\/p>\n<p>&nbsp;<\/p>\n<p>Por otra parte, el dirigente sindical, refrend\u00f3 su compromiso: \u201cMantendremos un contacto directo con la clase trabajadora y coadyuvar con la administraci\u00f3n que encabeza el alcalde Isaac Montoya, aqu\u00ed en Naucalpan\u201d, concluy\u00f3.<\/p>\n<p>&nbsp;<\/p>\n<p><strong>\u00a0<\/strong><\/p>\n<p>&nbsp;<\/p>\n","protected":false},"excerpt":{"rendered":"<p>&nbsp; Se reincorpora a sus labores &nbsp; &nbsp; Por Arturo Baena &nbsp; Naucalpan, M\u00e9x.- En todo momento y bajo cualquier circunstancia, por muy fuerte o dolorosa que \u00e9sta sea, seguiremos trabajando de la mano de las y los compa\u00f1eros suteymistas. Seguimos adelante para mantener la fortaleza y unidad del SUTEyM aqu\u00ed en Naucalpan. &nbsp; As\u00ed [&hellip;]<\/p>\n","protected":false},"author":14,"featured_media":688150,"comment_status":"open","ping_status":"open","sticky":false,"template":"","format":"standard","meta":{"_monsterinsights_skip_tracking":false,"_monsterinsights_sitenote_active":false,"_monsterinsights_sitenote_note":"","_monsterinsights_sitenote_category":0,"footnotes":""},"categories":[5],"tags":[],"class_list":["post-688149","post","type-post","status-publish","format-standard","has-post-thumbnail","hentry","category-estado-de-mexico"],"_links":{"self":[{"href":"https:\/\/www.diarioimagen.net\/index.php?rest_route=\/wp\/v2\/posts\/688149","targetHints":{"allow":["GET"]}}],"collection":[{"href":"https:\/\/www.diarioimagen.net\/index.php?rest_route=\/wp\/v2\/posts"}],"about":[{"href":"https:\/\/www.diarioimagen.net\/index.php?rest_route=\/wp\/v2\/types\/post"}],"author":[{"embeddable":true,"href":"https:\/\/www.diarioimagen.net\/index.php?rest_route=\/wp\/v2\/users\/14"}],"replies":[{"embeddable":true,"href":"https:\/\/www.diarioimagen.net\/index.php?rest_route=%2Fwp%2Fv2%2Fcomments&post=688149"}],"version-history":[{"count":1,"href":"https:\/\/www.diarioimagen.net\/index.php?rest_route=\/wp\/v2\/posts\/688149\/revisions"}],"predecessor-version":[{"id":688151,"href":"https:\/\/www.diarioimagen.net\/index.php?rest_route=\/wp\/v2\/posts\/688149\/revisions\/688151"}],"wp:featuredmedia":[{"embeddable":true,"href":"https:\/\/www.diarioimagen.net\/index.php?rest_route=\/wp\/v2\/media\/688150"}],"wp:attachment":[{"href":"https:\/\/www.diarioimagen.net\/index.php?rest_route=%2Fwp%2Fv2%2Fmedia&parent=688149"}],"wp:term":[{"taxonomy":"category","embeddable":true,"href":"https:\/\/www.diarioimagen.net\/index.php?rest_route=%2Fwp%2Fv2%2Fcategories&post=688149"},{"taxonomy":"post_tag","embeddable":true,"href":"https:\/\/www.diarioimagen.net\/index.php?rest_route=%2Fwp%2Fv2%2Ftags&post=688149"}],"curies":[{"name":"wp","href":"https:\/\/api.w.org\/{rel}","templated":true}]}}