{"id":688497,"date":"2025-10-13T22:12:04","date_gmt":"2025-10-14T04:12:04","guid":{"rendered":"https:\/\/www.diarioimagen.net\/?p=688497"},"modified":"2025-10-13T22:12:04","modified_gmt":"2025-10-14T04:12:04","slug":"el-servicio-de-urgencias-referente-en-atencion-prehospitalaria-y-rescate","status":"publish","type":"post","link":"https:\/\/www.diarioimagen.net\/?p=688497","title":{"rendered":"El Servicio de Urgencias, referente  en atenci\u00f3n prehospitalaria y rescate"},"content":{"rendered":"<ul>\n<li><strong>Conmemora el 49 aniversario del SUEM<\/strong><\/li>\n<li><strong>Refrenda su compromiso con la vida y el servicio p\u00fablico a favor de la poblaci\u00f3n mexiquense<\/strong><\/li>\n<\/ul>\n<div id=\"attachment_688498\" style=\"width: 415px\" class=\"wp-caption alignnone\"><img loading=\"lazy\" decoding=\"async\" aria-describedby=\"caption-attachment-688498\" class=\"wp-image-688498 size-large\" src=\"https:\/\/www.diarioimagen.net\/wp-content\/uploads\/2025\/10\/EDOMEX-1-OK-7-405x270.jpg\" alt=\"\" width=\"405\" height=\"270\" srcset=\"https:\/\/www.diarioimagen.net\/wp-content\/uploads\/2025\/10\/EDOMEX-1-OK-7-405x270.jpg 405w, https:\/\/www.diarioimagen.net\/wp-content\/uploads\/2025\/10\/EDOMEX-1-OK-7-240x160.jpg 240w, https:\/\/www.diarioimagen.net\/wp-content\/uploads\/2025\/10\/EDOMEX-1-OK-7-768x512.jpg 768w, https:\/\/www.diarioimagen.net\/wp-content\/uploads\/2025\/10\/EDOMEX-1-OK-7.jpg 1500w\" sizes=\"auto, (max-width: 405px) 100vw, 405px\" \/><p id=\"caption-attachment-688498\" class=\"wp-caption-text\">Con personal altamente capacitado y profundo sentido humano, el SUEM forma parte fundamental de la protecci\u00f3n civil y del sistema de salud estatal.<\/p><\/div>\n<p>&nbsp;<\/p>\n<p>Toluca, Estado de M\u00e9xico.\u2013 Desde su creaci\u00f3n, el Servicio de Urgencias del Estado de M\u00e9xico (SUEM) se ha consolidado como una instituci\u00f3n esencial en la atenci\u00f3n m\u00e9dica prehospitalaria, el rescate y la respuesta ante emergencias. Con personal altamente capacitado y profundo sentido humano, el SUEM forma parte fundamental de la protecci\u00f3n civil y del sistema de salud estatal.<\/p>\n<p>Con motivo de su 49 aniversario, el Gobierno del Estado de M\u00e9xico, encabezado por la Maestra Delfina G\u00f3mez \u00c1lvarez, a trav\u00e9s de la Secretar\u00eda de Salud, reconoce la trayectoria del SUEM y la dedicaci\u00f3n del personal operativo, t\u00e9cnico y administrativo que brinda atenci\u00f3n a la poblaci\u00f3n las 24 horas del d\u00eda, los 365 d\u00edas del a\u00f1o.<\/p>\n<p>El Subdirector del SUEM, Ricardo Rodr\u00edguez de la Cuadra, inform\u00f3 que la instituci\u00f3n dispone de 247 elementos altamente calificados, quienes en lo que va del a\u00f1o han atendido a 15 mil 700 personas, reflejo de su eficiencia operativa y del compromiso permanente de su equipo.<\/p>\n<p>Asimismo, la dependencia cuenta con 136 unidades, entre ambulancias y camiones de rescate, de las cuales, 31 son de reciente incorporaci\u00f3n, lo que fortalece la capacidad de respuesta inmediata mediante la coordinaci\u00f3n interinstitucional impulsada durante la actual administraci\u00f3n.<\/p>\n<p>El servicio mantiene seis bases operativas en Toluca, Ecatepec, Atlacomulco, Villa Victoria, Huixquilucan e Ixtapan de la Sal, y opera con unidades especializadas en rescate acu\u00e1tico, urbano, vertical y con apoyo K9, lo que le permite atender emergencias en todo tipo de terreno y condiciones.<\/p>\n<p>Adem\u00e1s, el SUEM integr\u00f3 a su equipo tres caninos de raza pastor belga malinois, que actualmente se encuentran en proceso de recibir nombre. La Secretar\u00eda de Salud invita a la poblaci\u00f3n a participar en esta elecci\u00f3n a trav\u00e9s de sus redes sociales oficiales.<\/p>\n<p>&nbsp;<\/p>\n<p><strong>Otorga el Issemym m\u00e1s de 9 mil atenciones integrales en salud mental <\/strong><\/p>\n<p>&nbsp;<\/p>\n<p>De enero a septiembre de este a\u00f1o, el Gobierno de la Maestra Delfina G\u00f3mez, a trav\u00e9s del Instituto de Seguridad Social del Estado de M\u00e9xico y Municipios (Issemym) otorg\u00f3 9 mil 853 atenciones integrales en salud mental a trav\u00e9s del Hospital Regional Toluca, mediante sus \u00e1reas de psicolog\u00eda, psiquiatr\u00eda y medicina general.<\/p>\n<p>En el marco por el D\u00eda Mundial de la Salud Mental, que se conmemora el 10 de octubre, Germ\u00e1n Benito Bern\u00e1ldez Jaimes, jefe de Ense\u00f1anza e Investigaci\u00f3n de la Coordinaci\u00f3n de Salud Mental de este nosocomio, inform\u00f3 que los principales diagn\u00f3sticos registrados corresponden a trastornos de ansiedad y del estado de \u00e1nimo, relacionados con el estr\u00e9s, con problemas familiares y laborales; burnout, insomnio, d\u00e9ficit de atenci\u00f3n y esquizofrenia, entre otros.<\/p>\n<p>Los grupos de edad que con mayor frecuencia acuden a la consulta se encuentran entre los 40 y 49 a\u00f1os, seguidos de personas de 15 a 19 y de 50 a 64 a\u00f1os. No obstante, se ha detectado que la poblaci\u00f3n joven recurre en menor medida a la atenci\u00f3n especializada, lo que dificulta la detecci\u00f3n temprana de posibles trastornos emocionales.<\/p>\n<p>&nbsp;<\/p>\n<p>&nbsp;<\/p>\n<p>&nbsp;<\/p>\n","protected":false},"excerpt":{"rendered":"<p>Conmemora el 49 aniversario del SUEM Refrenda su compromiso con la vida y el servicio p\u00fablico a favor de la poblaci\u00f3n mexiquense &nbsp; Toluca, Estado de M\u00e9xico.\u2013 Desde su creaci\u00f3n, el Servicio de Urgencias del Estado de M\u00e9xico (SUEM) se ha consolidado como una instituci\u00f3n esencial en la atenci\u00f3n m\u00e9dica prehospitalaria, el rescate y la [&hellip;]<\/p>\n","protected":false},"author":14,"featured_media":688498,"comment_status":"open","ping_status":"open","sticky":false,"template":"","format":"standard","meta":{"_monsterinsights_skip_tracking":false,"_monsterinsights_sitenote_active":false,"_monsterinsights_sitenote_note":"","_monsterinsights_sitenote_category":0,"footnotes":""},"categories":[5],"tags":[],"class_list":["post-688497","post","type-post","status-publish","format-standard","has-post-thumbnail","hentry","category-estado-de-mexico"],"_links":{"self":[{"href":"https:\/\/www.diarioimagen.net\/index.php?rest_route=\/wp\/v2\/posts\/688497","targetHints":{"allow":["GET"]}}],"collection":[{"href":"https:\/\/www.diarioimagen.net\/index.php?rest_route=\/wp\/v2\/posts"}],"about":[{"href":"https:\/\/www.diarioimagen.net\/index.php?rest_route=\/wp\/v2\/types\/post"}],"author":[{"embeddable":true,"href":"https:\/\/www.diarioimagen.net\/index.php?rest_route=\/wp\/v2\/users\/14"}],"replies":[{"embeddable":true,"href":"https:\/\/www.diarioimagen.net\/index.php?rest_route=%2Fwp%2Fv2%2Fcomments&post=688497"}],"version-history":[{"count":1,"href":"https:\/\/www.diarioimagen.net\/index.php?rest_route=\/wp\/v2\/posts\/688497\/revisions"}],"predecessor-version":[{"id":688499,"href":"https:\/\/www.diarioimagen.net\/index.php?rest_route=\/wp\/v2\/posts\/688497\/revisions\/688499"}],"wp:featuredmedia":[{"embeddable":true,"href":"https:\/\/www.diarioimagen.net\/index.php?rest_route=\/wp\/v2\/media\/688498"}],"wp:attachment":[{"href":"https:\/\/www.diarioimagen.net\/index.php?rest_route=%2Fwp%2Fv2%2Fmedia&parent=688497"}],"wp:term":[{"taxonomy":"category","embeddable":true,"href":"https:\/\/www.diarioimagen.net\/index.php?rest_route=%2Fwp%2Fv2%2Fcategories&post=688497"},{"taxonomy":"post_tag","embeddable":true,"href":"https:\/\/www.diarioimagen.net\/index.php?rest_route=%2Fwp%2Fv2%2Ftags&post=688497"}],"curies":[{"name":"wp","href":"https:\/\/api.w.org\/{rel}","templated":true}]}}