{"id":688503,"date":"2025-10-13T22:14:50","date_gmt":"2025-10-14T04:14:50","guid":{"rendered":"https:\/\/www.diarioimagen.net\/?p=688503"},"modified":"2025-10-16T19:31:35","modified_gmt":"2025-10-17T01:31:35","slug":"karen-espriu-recibe-el-microfono-de-oro-por-su-virtuosismo-en-frida-kahlo-el-musical","status":"publish","type":"post","link":"https:\/\/www.diarioimagen.net\/?p=688503","title":{"rendered":"Karen Espri\u00fa recibe el Micr\u00f3fono de Oro por su virtuosismo en \u201cFrida Kahlo, el Musical\u201d"},"content":{"rendered":"<ul>\n<li><strong>Por parte de la Asociaci\u00f3n Nacional de Locutores de M\u00e9xico <\/strong><\/li>\n<li><strong>Una obra que celebra el legado de la pintora mexicana con m\u00fasica original <\/strong><\/li>\n<\/ul>\n<div id=\"attachment_688504\" style=\"width: 470px\" class=\"wp-caption alignnone\"><img loading=\"lazy\" decoding=\"async\" aria-describedby=\"caption-attachment-688504\" class=\"wp-image-688504 size-large\" src=\"https:\/\/www.diarioimagen.net\/wp-content\/uploads\/2025\/10\/FRIDA01-460x259.jpeg\" alt=\"\" width=\"460\" height=\"259\" srcset=\"https:\/\/www.diarioimagen.net\/wp-content\/uploads\/2025\/10\/FRIDA01-460x259.jpeg 460w, https:\/\/www.diarioimagen.net\/wp-content\/uploads\/2025\/10\/FRIDA01-240x135.jpeg 240w, https:\/\/www.diarioimagen.net\/wp-content\/uploads\/2025\/10\/FRIDA01-768x432.jpeg 768w, https:\/\/www.diarioimagen.net\/wp-content\/uploads\/2025\/10\/FRIDA01-1536x864.jpeg 1536w, https:\/\/www.diarioimagen.net\/wp-content\/uploads\/2025\/10\/FRIDA01-2048x1151.jpeg 2048w, https:\/\/www.diarioimagen.net\/wp-content\/uploads\/2025\/10\/FRIDA01-480x270.jpeg 480w, https:\/\/www.diarioimagen.net\/wp-content\/uploads\/2025\/10\/FRIDA01-235x132.jpeg 235w, https:\/\/www.diarioimagen.net\/wp-content\/uploads\/2025\/10\/FRIDA01-202x114.jpeg 202w, https:\/\/www.diarioimagen.net\/wp-content\/uploads\/2025\/10\/FRIDA01-350x196.jpeg 350w, https:\/\/www.diarioimagen.net\/wp-content\/uploads\/2025\/10\/FRIDA01-220x123.jpeg 220w, https:\/\/www.diarioimagen.net\/wp-content\/uploads\/2025\/10\/FRIDA01-237x132.jpeg 237w\" sizes=\"auto, (max-width: 460px) 100vw, 460px\" \/><p id=\"caption-attachment-688504\" class=\"wp-caption-text\">La actriz, cantante, compositora y bailarina Karen Espri\u00fa fue galardonada con el Micr\u00f3fono de Oro.<\/p><\/div>\n<p>En una noche cargada de emoci\u00f3n y reconocimiento art\u00edstico, la actriz, cantante, compositora y bailarina Karen Espri\u00fa fue galardonada con el Micr\u00f3fono de Oro por su interpretaci\u00f3n protag\u00f3nica en \u201cFrida Kahlo, el Musical: La vida de un \u00edcono\u201d, obra que se presenta con \u00e9xito en el Teatro Centenario Coyoac\u00e1n.<\/p>\n<p>&nbsp;<\/p>\n<p>El premio, otorgado por la Asociaci\u00f3n Nacional de Locutores de M\u00e9xico, reconoce su trayectoria multifac\u00e9tica y su destacada actuaci\u00f3n en una producci\u00f3n que ha sido aclamada por el p\u00fablico y la cr\u00edtica.<\/p>\n<p>&nbsp;<\/p>\n<p>La entrega del galard\u00f3n se realiz\u00f3 al t\u00e9rmino de la primera funci\u00f3n de la temporada. En representaci\u00f3n de la presidenta de la asociaci\u00f3n, Rosal\u00eda Bua\u00fan S\u00e1nchez, la directora de la misma, Jadira Armend\u00e1riz subi\u00f3 al escenario para elogiar a Espri\u00fa: \u201cHan logrado una obra extraordinaria, darle voz a esta mujer y llevarla m\u00e1s all\u00e1 de sus pinturas. Tu trayectoria no es cualquier cosa, eres multifac\u00e9tica y tienes una formaci\u00f3n incre\u00edble: bailarina, cantante, compositora, comunicadora\u2026 adem\u00e1s hermosa y talentosa\u201d, expres\u00f3 ante un p\u00fablico visiblemente conmovido.<\/p>\n<p>&nbsp;<\/p>\n<p>Karen Espri\u00fa, quien adem\u00e1s compuso la m\u00fasica original del musical, recibi\u00f3 el reconocimiento con humildad y gratitud: \u201cGracias, yo lo recibo no solo por m\u00ed, sino en nombre de todos mis compa\u00f1eros y del mismo Gerry (Gerardo Quiroz Acosta). Esto es un trabajo conjunto, todos nos hemos rifado en este escenario y fuera de \u00e9l, por eso creo que este premio lo merecemos todos juntos\u201d, declar\u00f3.<\/p>\n<p>&nbsp;<\/p>\n<p>La obra, dirigida y producida por Gerardo Quiroz Acosta, ofrece un recorrido \u00edntimo por la vida de Frida Kahlo, desde 1918 hasta 1954, explorando sus momentos m\u00e1s significativos, sus dolores, pasiones y el legado que dej\u00f3 como una de las artistas m\u00e1s influyentes de Latinoam\u00e9rica. La puesta en escena se convierte en un lienzo vivo que refleja los colores, emociones y contradicciones de Frida, con una banda sonora que fusiona g\u00e9neros como mariachi, bolero, huapango y tango.<\/p>\n<p>&nbsp;<\/p>\n<p>El elenco incluye tambi\u00e9n a Frida Moreno \u201cMomo\u201d, Karina Amin Lozano y Ale Monterde, quienes acompa\u00f1an a Espri\u00fa en esta traves\u00eda esc\u00e9nica. La obra tiene una duraci\u00f3n aproximada de 90 minutos y est\u00e1 clasificada para adolescentes y adultos.<\/p>\n<p>&nbsp;<\/p>\n<p>Pr\u00f3ximas funci\u00f3nes especiales como parte de su gira alternando con cdmx :<\/p>\n<p>Mi\u00e9rcoles 22 Octubre<br \/>\nFestival Atz\u00e1n<br \/>\n18:hrs<br \/>\nFunci\u00f3n especial Telet\u00f3n<br \/>\nDomingo 26 de Octubre<br \/>\n18:hrs.<\/p>\n<p>&nbsp;<\/p>\n<p>Con esta distinci\u00f3n, Karen Espri\u00fa se consolida como una figura clave en el teatro musical contempor\u00e1neo mexicano, y \u201cFrida Kahlo, el Musical\u201d se posiciona como una de las producciones m\u00e1s relevantes del a\u00f1o, celebrando no solo el arte de Frida, sino tambi\u00e9n el talento colectivo que la revive sobre el escenario.<\/p>\n<p>&nbsp;<\/p>\n<p>&nbsp;<\/p>\n","protected":false},"excerpt":{"rendered":"<p>Por parte de la Asociaci\u00f3n Nacional de Locutores de M\u00e9xico Una obra que celebra el legado de la pintora mexicana con m\u00fasica original En una noche cargada de emoci\u00f3n y reconocimiento art\u00edstico, la actriz, cantante, compositora y bailarina Karen Espri\u00fa fue galardonada con el Micr\u00f3fono de Oro por su interpretaci\u00f3n protag\u00f3nica en \u201cFrida Kahlo, el [&hellip;]<\/p>\n","protected":false},"author":14,"featured_media":688504,"comment_status":"open","ping_status":"open","sticky":false,"template":"","format":"standard","meta":{"_monsterinsights_skip_tracking":false,"_monsterinsights_sitenote_active":false,"_monsterinsights_sitenote_note":"","_monsterinsights_sitenote_category":0,"footnotes":""},"categories":[12],"tags":[],"class_list":["post-688503","post","type-post","status-publish","format-standard","has-post-thumbnail","hentry","category-espectaculos"],"_links":{"self":[{"href":"https:\/\/www.diarioimagen.net\/index.php?rest_route=\/wp\/v2\/posts\/688503","targetHints":{"allow":["GET"]}}],"collection":[{"href":"https:\/\/www.diarioimagen.net\/index.php?rest_route=\/wp\/v2\/posts"}],"about":[{"href":"https:\/\/www.diarioimagen.net\/index.php?rest_route=\/wp\/v2\/types\/post"}],"author":[{"embeddable":true,"href":"https:\/\/www.diarioimagen.net\/index.php?rest_route=\/wp\/v2\/users\/14"}],"replies":[{"embeddable":true,"href":"https:\/\/www.diarioimagen.net\/index.php?rest_route=%2Fwp%2Fv2%2Fcomments&post=688503"}],"version-history":[{"count":3,"href":"https:\/\/www.diarioimagen.net\/index.php?rest_route=\/wp\/v2\/posts\/688503\/revisions"}],"predecessor-version":[{"id":688998,"href":"https:\/\/www.diarioimagen.net\/index.php?rest_route=\/wp\/v2\/posts\/688503\/revisions\/688998"}],"wp:featuredmedia":[{"embeddable":true,"href":"https:\/\/www.diarioimagen.net\/index.php?rest_route=\/wp\/v2\/media\/688504"}],"wp:attachment":[{"href":"https:\/\/www.diarioimagen.net\/index.php?rest_route=%2Fwp%2Fv2%2Fmedia&parent=688503"}],"wp:term":[{"taxonomy":"category","embeddable":true,"href":"https:\/\/www.diarioimagen.net\/index.php?rest_route=%2Fwp%2Fv2%2Fcategories&post=688503"},{"taxonomy":"post_tag","embeddable":true,"href":"https:\/\/www.diarioimagen.net\/index.php?rest_route=%2Fwp%2Fv2%2Ftags&post=688503"}],"curies":[{"name":"wp","href":"https:\/\/api.w.org\/{rel}","templated":true}]}}