{"id":688582,"date":"2025-10-14T21:48:21","date_gmt":"2025-10-15T03:48:21","guid":{"rendered":"https:\/\/www.diarioimagen.net\/?p=688582"},"modified":"2025-10-14T21:48:21","modified_gmt":"2025-10-15T03:48:21","slug":"vamos-a-encender-de-nuevo-las-llamas-del-corredor-azul-anuar-azar-figueroa","status":"publish","type":"post","link":"https:\/\/www.diarioimagen.net\/?p=688582","title":{"rendered":"Vamos a encender de nuevo las llamas  del \u201ccorredor azul\u201d: Anuar Azar Figueroa"},"content":{"rendered":"<p>&nbsp;<\/p>\n<p><strong>Elige Consejo Estatal 2025\u20132028<\/strong><\/p>\n<p>&nbsp;<\/p>\n<p><strong>\u00a0<\/strong><\/p>\n<div id=\"attachment_688583\" style=\"width: 416px\" class=\"wp-caption alignnone\"><img loading=\"lazy\" decoding=\"async\" aria-describedby=\"caption-attachment-688583\" class=\"wp-image-688583 size-large\" src=\"https:\/\/www.diarioimagen.net\/wp-content\/uploads\/2025\/10\/BAENA-1-ok-9-406x270.jpg\" alt=\"\" width=\"406\" height=\"270\" srcset=\"https:\/\/www.diarioimagen.net\/wp-content\/uploads\/2025\/10\/BAENA-1-ok-9-406x270.jpg 406w, https:\/\/www.diarioimagen.net\/wp-content\/uploads\/2025\/10\/BAENA-1-ok-9-240x160.jpg 240w, https:\/\/www.diarioimagen.net\/wp-content\/uploads\/2025\/10\/BAENA-1-ok-9-768x510.jpg 768w, https:\/\/www.diarioimagen.net\/wp-content\/uploads\/2025\/10\/BAENA-1-ok-9.jpg 1500w\" sizes=\"auto, (max-width: 406px) 100vw, 406px\" \/><p id=\"caption-attachment-688583\" class=\"wp-caption-text\">Anuar Azar Figueroa convoc\u00f3 a la militancia panista mexiquense a \u201cencender de nuevo las llamas del corredor azul\u201d y fortalecer la presencia del PAN en Edomex.<\/p><\/div>\n<p>&nbsp;<\/p>\n<p>Por Arturo Baena<\/p>\n<p>&nbsp;<\/p>\n<p>Toluca, M\u00e9x.- El Partido Acci\u00f3n Nacional (PAN) mexiquense celebr\u00f3 su XXVIII Asamblea Estatal, donde se eligi\u00f3 al Consejo Estatal 2025\u20132028, reafirmando su compromiso con la renovaci\u00f3n y fortalecimiento interno del partido a trav\u00e9s de una fuerza pol\u00edtica moderna, cercana a la ciudadan\u00eda y con visi\u00f3n de futuro.<\/p>\n<p>&nbsp;<\/p>\n<p>Afirm\u00f3 lo anterior Anuar Azar Figueroa, dirigente estatal de ese instituto pol\u00edtico, que durante el ejercicio se eligieron 100 integrantes del Consejo Estatal y 20 propuestas de consejeros nacionales, que ser\u00e1n ratificados en la pr\u00f3xima Asamblea Nacional.<\/p>\n<p>&nbsp;<\/p>\n<p>Ante m\u00e1s de dos mil 150 delegados numerarios provenientes de 121 delegaciones, Azar Figueroa destac\u00f3 que la democracia es el espacio donde florecen el di\u00e1logo y la unidad, como se demostr\u00f3 en la asamblea y en las cuales se eligieron 211 candidatos al Consejo Estatal y 57 candidatos al Consejo Nacional.<\/p>\n<p>&nbsp;<\/p>\n<p>\u201cLa fuerza del PAN est\u00e1 en cada uno de nosotros, en la militancia, en nuestras victorias, pero sobre todo en nuestra m\u00edstica humanista, porque el PAN es el verdadero partido humanista de M\u00e9xico\u201d, se\u00f1al\u00f3 el dirigente.<\/p>\n<p>&nbsp;<\/p>\n<p>Enfatiz\u00f3 que el panismo mexiquense \u201cha resistido con dignidad, con trabajo y prontitud\u201d y convoc\u00f3 a su militancia a \u201cencender de nuevo las llamas del corredor azul\u201d y fortalecer la presencia de Acci\u00f3n Nacional en todo el Estado de M\u00e9xico.<\/p>\n<p>&nbsp;<\/p>\n<p>&nbsp;<\/p>\n<p><strong>\u00a0<\/strong><\/p>\n<p><strong>\u00a0<\/strong><\/p>\n","protected":false},"excerpt":{"rendered":"<p>&nbsp; Elige Consejo Estatal 2025\u20132028 &nbsp; \u00a0 &nbsp; Por Arturo Baena &nbsp; Toluca, M\u00e9x.- El Partido Acci\u00f3n Nacional (PAN) mexiquense celebr\u00f3 su XXVIII Asamblea Estatal, donde se eligi\u00f3 al Consejo Estatal 2025\u20132028, reafirmando su compromiso con la renovaci\u00f3n y fortalecimiento interno del partido a trav\u00e9s de una fuerza pol\u00edtica moderna, cercana a la ciudadan\u00eda y [&hellip;]<\/p>\n","protected":false},"author":14,"featured_media":688583,"comment_status":"open","ping_status":"open","sticky":false,"template":"","format":"standard","meta":{"_monsterinsights_skip_tracking":false,"_monsterinsights_sitenote_active":false,"_monsterinsights_sitenote_note":"","_monsterinsights_sitenote_category":0,"footnotes":""},"categories":[5],"tags":[],"class_list":["post-688582","post","type-post","status-publish","format-standard","has-post-thumbnail","hentry","category-estado-de-mexico"],"_links":{"self":[{"href":"https:\/\/www.diarioimagen.net\/index.php?rest_route=\/wp\/v2\/posts\/688582","targetHints":{"allow":["GET"]}}],"collection":[{"href":"https:\/\/www.diarioimagen.net\/index.php?rest_route=\/wp\/v2\/posts"}],"about":[{"href":"https:\/\/www.diarioimagen.net\/index.php?rest_route=\/wp\/v2\/types\/post"}],"author":[{"embeddable":true,"href":"https:\/\/www.diarioimagen.net\/index.php?rest_route=\/wp\/v2\/users\/14"}],"replies":[{"embeddable":true,"href":"https:\/\/www.diarioimagen.net\/index.php?rest_route=%2Fwp%2Fv2%2Fcomments&post=688582"}],"version-history":[{"count":1,"href":"https:\/\/www.diarioimagen.net\/index.php?rest_route=\/wp\/v2\/posts\/688582\/revisions"}],"predecessor-version":[{"id":688584,"href":"https:\/\/www.diarioimagen.net\/index.php?rest_route=\/wp\/v2\/posts\/688582\/revisions\/688584"}],"wp:featuredmedia":[{"embeddable":true,"href":"https:\/\/www.diarioimagen.net\/index.php?rest_route=\/wp\/v2\/media\/688583"}],"wp:attachment":[{"href":"https:\/\/www.diarioimagen.net\/index.php?rest_route=%2Fwp%2Fv2%2Fmedia&parent=688582"}],"wp:term":[{"taxonomy":"category","embeddable":true,"href":"https:\/\/www.diarioimagen.net\/index.php?rest_route=%2Fwp%2Fv2%2Fcategories&post=688582"},{"taxonomy":"post_tag","embeddable":true,"href":"https:\/\/www.diarioimagen.net\/index.php?rest_route=%2Fwp%2Fv2%2Ftags&post=688582"}],"curies":[{"name":"wp","href":"https:\/\/api.w.org\/{rel}","templated":true}]}}