{"id":688649,"date":"2025-10-14T22:12:56","date_gmt":"2025-10-15T04:12:56","guid":{"rendered":"https:\/\/www.diarioimagen.net\/?p=688649"},"modified":"2025-10-14T22:12:56","modified_gmt":"2025-10-15T04:12:56","slug":"con-recursos-historicos-se-garantiza-la-educacion-en-edomex-simon-mondragon","status":"publish","type":"post","link":"https:\/\/www.diarioimagen.net\/?p=688649","title":{"rendered":"Con recursos hist\u00f3ricos se garantiza la  educaci\u00f3n en Edomex: Sim\u00f3n Mondrag\u00f3n"},"content":{"rendered":"<ul>\n<li><strong>Infraestructura, equipamiento y becas<\/strong><\/li>\n<\/ul>\n<div id=\"attachment_688650\" style=\"width: 274px\" class=\"wp-caption alignnone\"><img loading=\"lazy\" decoding=\"async\" aria-describedby=\"caption-attachment-688650\" class=\"wp-image-688650 size-large\" src=\"https:\/\/www.diarioimagen.net\/wp-content\/uploads\/2025\/10\/BAENA-2-ok-7-264x270.jpg\" alt=\"\" width=\"264\" height=\"270\" srcset=\"https:\/\/www.diarioimagen.net\/wp-content\/uploads\/2025\/10\/BAENA-2-ok-7-264x270.jpg 264w, https:\/\/www.diarioimagen.net\/wp-content\/uploads\/2025\/10\/BAENA-2-ok-7-235x240.jpg 235w, https:\/\/www.diarioimagen.net\/wp-content\/uploads\/2025\/10\/BAENA-2-ok-7-768x786.jpg 768w, https:\/\/www.diarioimagen.net\/wp-content\/uploads\/2025\/10\/BAENA-2-ok-7-1502x1536.jpg 1502w, https:\/\/www.diarioimagen.net\/wp-content\/uploads\/2025\/10\/BAENA-2-ok-7-2002x2048.jpg 2002w, https:\/\/www.diarioimagen.net\/wp-content\/uploads\/2025\/10\/BAENA-2-ok-7-50x50.jpg 50w\" sizes=\"auto, (max-width: 264px) 100vw, 264px\" \/><p id=\"caption-attachment-688650\" class=\"wp-caption-text\">Sim\u00f3n Mondrag\u00f3n Bernal, director general de Educaci\u00f3n Media Superior del Estado de M\u00e9xico, se\u00f1al\u00f3 que la educaci\u00f3n es la principal herramienta para el futuro.<\/p><\/div>\n<p>&nbsp;<\/p>\n<p>&nbsp;<\/p>\n<p>Por Arturo Baena<\/p>\n<p>&nbsp;<\/p>\n<p>Valle de M\u00e9xico.- \u201cDesde luego que los gobiernos federal y estatal, que encabezan la presidenta Claudia Sheinbaum y la gobernadora Delfina G\u00f3mez, se preocupan y ocupan por mantener una educaci\u00f3n eficiente y de calidad para el desarrollo de los educandos y del pa\u00eds\u201d.<\/p>\n<p>&nbsp;<\/p>\n<p>Expres\u00f3 lo anterior Sim\u00f3n Mondrag\u00f3n Bernal, director general de Educaci\u00f3n Media Superior del Estado de M\u00e9xico, luego de reiterar que \u201cla educaci\u00f3n es la principal herramienta para el futuro, porque potencia las oportunidades individuales y el progreso social\u201d.<\/p>\n<p>&nbsp;<\/p>\n<p>Mondrag\u00f3n Bernal record\u00f3 que el gobierno de la maestra Delfina G\u00f3mez destin\u00f3 recursos hist\u00f3ricos para garantizar el derecho a la educaci\u00f3n a estudiantes y docentes y se han canalizado m\u00e1s de 3 mil 600 millones de pesos a infraestructura, equipamiento y becas, adem\u00e1s se continuaron con las acciones de justicia laboral para el magisterio.<\/p>\n<p>&nbsp;<\/p>\n<p>\u201cEn infraestructura y equipamiento educativo se construyeron y ampliaron 513 espacios escolares, como aulas, laboratorios, talleres, comedores y bibliotecas, con una inversi\u00f3n de 825 millones de pesos, en beneficio de m\u00e1s de 173 mil estudiantes y docentes, reforzando as\u00ed el apoyo a la educaci\u00f3n en la entidad mexiquense\u201d, reiter\u00f3.<\/p>\n<p>&nbsp;<\/p>\n<p>El funcionario puntualiz\u00f3 que la educaci\u00f3n en el Estado de M\u00e9xico est\u00e1 garantizada legalmente a trav\u00e9s de leyes que aseguran su acceso p\u00fablico y gratuito, adem\u00e1s de que existen programas y estrategias para promover la inclusi\u00f3n, equidad y calidad en todos los niveles educativos.<\/p>\n<p>&nbsp;<\/p>\n<p>\u201cEl gobierno ha implementado acciones como la eliminaci\u00f3n de ex\u00e1menes de admisi\u00f3n para media superior, la mejora de infraestructuras escolares, programas de capacitaci\u00f3n docente, y el Modelo Dual que vincula la educaci\u00f3n con el sector laboral\u201d, concluy\u00f3.<\/p>\n<p>&nbsp;<\/p>\n<p>&nbsp;<\/p>\n<p>&nbsp;<\/p>\n","protected":false},"excerpt":{"rendered":"<p>Infraestructura, equipamiento y becas &nbsp; &nbsp; Por Arturo Baena &nbsp; Valle de M\u00e9xico.- \u201cDesde luego que los gobiernos federal y estatal, que encabezan la presidenta Claudia Sheinbaum y la gobernadora Delfina G\u00f3mez, se preocupan y ocupan por mantener una educaci\u00f3n eficiente y de calidad para el desarrollo de los educandos y del pa\u00eds\u201d. &nbsp; Expres\u00f3 [&hellip;]<\/p>\n","protected":false},"author":14,"featured_media":0,"comment_status":"open","ping_status":"open","sticky":false,"template":"","format":"standard","meta":{"_monsterinsights_skip_tracking":false,"_monsterinsights_sitenote_active":false,"_monsterinsights_sitenote_note":"","_monsterinsights_sitenote_category":0,"footnotes":""},"categories":[5],"tags":[],"class_list":["post-688649","post","type-post","status-publish","format-standard","hentry","category-estado-de-mexico"],"_links":{"self":[{"href":"https:\/\/www.diarioimagen.net\/index.php?rest_route=\/wp\/v2\/posts\/688649","targetHints":{"allow":["GET"]}}],"collection":[{"href":"https:\/\/www.diarioimagen.net\/index.php?rest_route=\/wp\/v2\/posts"}],"about":[{"href":"https:\/\/www.diarioimagen.net\/index.php?rest_route=\/wp\/v2\/types\/post"}],"author":[{"embeddable":true,"href":"https:\/\/www.diarioimagen.net\/index.php?rest_route=\/wp\/v2\/users\/14"}],"replies":[{"embeddable":true,"href":"https:\/\/www.diarioimagen.net\/index.php?rest_route=%2Fwp%2Fv2%2Fcomments&post=688649"}],"version-history":[{"count":1,"href":"https:\/\/www.diarioimagen.net\/index.php?rest_route=\/wp\/v2\/posts\/688649\/revisions"}],"predecessor-version":[{"id":688651,"href":"https:\/\/www.diarioimagen.net\/index.php?rest_route=\/wp\/v2\/posts\/688649\/revisions\/688651"}],"wp:attachment":[{"href":"https:\/\/www.diarioimagen.net\/index.php?rest_route=%2Fwp%2Fv2%2Fmedia&parent=688649"}],"wp:term":[{"taxonomy":"category","embeddable":true,"href":"https:\/\/www.diarioimagen.net\/index.php?rest_route=%2Fwp%2Fv2%2Fcategories&post=688649"},{"taxonomy":"post_tag","embeddable":true,"href":"https:\/\/www.diarioimagen.net\/index.php?rest_route=%2Fwp%2Fv2%2Ftags&post=688649"}],"curies":[{"name":"wp","href":"https:\/\/api.w.org\/{rel}","templated":true}]}}