{"id":688652,"date":"2025-10-14T22:14:48","date_gmt":"2025-10-15T04:14:48","guid":{"rendered":"https:\/\/www.diarioimagen.net\/?p=688652"},"modified":"2025-10-14T22:14:48","modified_gmt":"2025-10-15T04:14:48","slug":"naucalpan-firma-convenio-con-el-tribunal-de-justicia-administrativa","status":"publish","type":"post","link":"https:\/\/www.diarioimagen.net\/?p=688652","title":{"rendered":"Naucalpan firma convenio con el  Tribunal de Justicia Administrativa"},"content":{"rendered":"<ul>\n<li><strong>Se fomenta una gesti\u00f3n m\u00e1s eficiente y transparente <\/strong><\/li>\n<\/ul>\n<p>&nbsp;<\/p>\n<div id=\"attachment_688653\" style=\"width: 415px\" class=\"wp-caption alignnone\"><img loading=\"lazy\" decoding=\"async\" aria-describedby=\"caption-attachment-688653\" class=\"wp-image-688653 size-large\" src=\"https:\/\/www.diarioimagen.net\/wp-content\/uploads\/2025\/10\/BAENA-3-ok-9-405x270.jpg\" alt=\"\" width=\"405\" height=\"270\" srcset=\"https:\/\/www.diarioimagen.net\/wp-content\/uploads\/2025\/10\/BAENA-3-ok-9-405x270.jpg 405w, https:\/\/www.diarioimagen.net\/wp-content\/uploads\/2025\/10\/BAENA-3-ok-9-240x160.jpg 240w, https:\/\/www.diarioimagen.net\/wp-content\/uploads\/2025\/10\/BAENA-3-ok-9-768x513.jpg 768w, https:\/\/www.diarioimagen.net\/wp-content\/uploads\/2025\/10\/BAENA-3-ok-9.jpg 1500w\" sizes=\"auto, (max-width: 405px) 100vw, 405px\" \/><p id=\"caption-attachment-688653\" class=\"wp-caption-text\">El alcalde Isaac Montoya y el magistrado presidente del Tribunal de Justicia Administrativa del Estado de M\u00e9xico, Gerardo Becker Ania, firmaron un convenio de colaboraci\u00f3n.<\/p><\/div>\n<p>Naucalpan, M\u00e9x.- El presidente Municipal, Isaac Montoya M\u00e1rquez y el magistrado presidente del Tribunal de Justicia Administrativa del Estado de M\u00e9xico, Gerardo Becker Ania, encabezaron la Firma de un Convenio de Colaboraci\u00f3n entre este Tribunal y el Ayuntamiento de Naucalpan. A su vez, el alcalde destac\u00f3 que esta participaci\u00f3n representa mucho m\u00e1s que la uni\u00f3n entre instituciones: simboliza el encuentro entre el derecho y la justicia social, entre la norma y la vocaci\u00f3n de servicio.<\/p>\n<p>&nbsp;<\/p>\n<p>Refiri\u00f3 que a trav\u00e9s de las acciones que derivan de este convenio, como la capacitaci\u00f3n de servidoras y servidores p\u00fablicos, el intercambio de informaci\u00f3n, la asesor\u00eda t\u00e9cnica y el desarrollo de estrategias preventivas, se fomenta una administraci\u00f3n m\u00e1s eficiente, m\u00e1s transparente y honesta.<\/p>\n<p>&nbsp;<\/p>\n<p>En el patio central del Palacio Municipal, en presencia de servidores p\u00fablicos municipales, as\u00ed como de la Fiscal Regional de Naucalpan, Jannet S\u00e1nchez Monroy; de la Jueza de Distrito del Juzgado Octavo en el Estado de M\u00e9xico con residencia en Naucalpan de Ju\u00e1rez, Claudia Gabriela Villeda Mej\u00eda, y de la Presidenta de la Sala Auxiliar de Tlalnepantla del Tribunal Estatal de Conciliaci\u00f3n y Arbitraje del Estado de M\u00e9xico, Janet Minutti Rodr\u00edguez, el alcalde se\u00f1al\u00f3 \u201cbuscamos no solo homologar criterios jur\u00eddicos, sino construir una nueva cultura de la legalidad, \u00e9tica p\u00fablica y rendici\u00f3n de cuentas\u201d.<\/p>\n<p>&nbsp;<\/p>\n<p>Adem\u00e1s, se destac\u00f3 que este convenio tiene como objetivo fortalecer el trabajo conjunto entre el Tribunal de Justicia Administrativa y el gobierno municipal a trav\u00e9s de actividades que promuevan la capacitaci\u00f3n, la actualizaci\u00f3n con programas, cursos, foros y espacios de di\u00e1logo sobre justicia, derechos humanos, derecho administrativo y temas afines.<\/p>\n<p>&nbsp;<\/p>\n<p>Por su parte, el magistrado presidente del Tribunal de Justicia Administrativa del Estado de M\u00e9xico, apunt\u00f3 que Naucalpan es uno de los primeros municipios con el que se tiene colaboraci\u00f3n acad\u00e9mica, y que ello muestra el inter\u00e9s por transmitir conocimientos y colaborar de manera institucional.<\/p>\n<p>&nbsp;<\/p>\n<p>Subray\u00f3 que el Tribunal de Justicia Administrativa cuenta con reconocimiento del Gobierno de M\u00e9xico, la Secretar\u00eda de Educaci\u00f3n con el est\u00e1ndar de competencia del Conocer (Consejo Nacional de Normalizaci\u00f3n \u2028y Certificaci\u00f3n de Competencias Laborales).<\/p>\n<p>&nbsp;<\/p>\n<p>Por \u00faltimo, agreg\u00f3 que hoy en d\u00eda, la capacitaci\u00f3n ya no es opcional, es una obligaci\u00f3n que requiere de un servicio p\u00fablico cercano a la ciudadan\u00eda y tambi\u00e9n requiere de resultados con servidoras y servidores p\u00fablicos con altos niveles de desempe\u00f1o profesional.<\/p>\n<p>&nbsp;<\/p>\n<p>&nbsp;<\/p>\n<p>&nbsp;<\/p>\n","protected":false},"excerpt":{"rendered":"<p>Se fomenta una gesti\u00f3n m\u00e1s eficiente y transparente &nbsp; Naucalpan, M\u00e9x.- El presidente Municipal, Isaac Montoya M\u00e1rquez y el magistrado presidente del Tribunal de Justicia Administrativa del Estado de M\u00e9xico, Gerardo Becker Ania, encabezaron la Firma de un Convenio de Colaboraci\u00f3n entre este Tribunal y el Ayuntamiento de Naucalpan. A su vez, el alcalde destac\u00f3 [&hellip;]<\/p>\n","protected":false},"author":14,"featured_media":688653,"comment_status":"open","ping_status":"open","sticky":false,"template":"","format":"standard","meta":{"_monsterinsights_skip_tracking":false,"_monsterinsights_sitenote_active":false,"_monsterinsights_sitenote_note":"","_monsterinsights_sitenote_category":0,"footnotes":""},"categories":[5],"tags":[],"class_list":["post-688652","post","type-post","status-publish","format-standard","has-post-thumbnail","hentry","category-estado-de-mexico"],"_links":{"self":[{"href":"https:\/\/www.diarioimagen.net\/index.php?rest_route=\/wp\/v2\/posts\/688652","targetHints":{"allow":["GET"]}}],"collection":[{"href":"https:\/\/www.diarioimagen.net\/index.php?rest_route=\/wp\/v2\/posts"}],"about":[{"href":"https:\/\/www.diarioimagen.net\/index.php?rest_route=\/wp\/v2\/types\/post"}],"author":[{"embeddable":true,"href":"https:\/\/www.diarioimagen.net\/index.php?rest_route=\/wp\/v2\/users\/14"}],"replies":[{"embeddable":true,"href":"https:\/\/www.diarioimagen.net\/index.php?rest_route=%2Fwp%2Fv2%2Fcomments&post=688652"}],"version-history":[{"count":1,"href":"https:\/\/www.diarioimagen.net\/index.php?rest_route=\/wp\/v2\/posts\/688652\/revisions"}],"predecessor-version":[{"id":688654,"href":"https:\/\/www.diarioimagen.net\/index.php?rest_route=\/wp\/v2\/posts\/688652\/revisions\/688654"}],"wp:featuredmedia":[{"embeddable":true,"href":"https:\/\/www.diarioimagen.net\/index.php?rest_route=\/wp\/v2\/media\/688653"}],"wp:attachment":[{"href":"https:\/\/www.diarioimagen.net\/index.php?rest_route=%2Fwp%2Fv2%2Fmedia&parent=688652"}],"wp:term":[{"taxonomy":"category","embeddable":true,"href":"https:\/\/www.diarioimagen.net\/index.php?rest_route=%2Fwp%2Fv2%2Fcategories&post=688652"},{"taxonomy":"post_tag","embeddable":true,"href":"https:\/\/www.diarioimagen.net\/index.php?rest_route=%2Fwp%2Fv2%2Ftags&post=688652"}],"curies":[{"name":"wp","href":"https:\/\/api.w.org\/{rel}","templated":true}]}}