{"id":688660,"date":"2025-10-14T22:20:49","date_gmt":"2025-10-15T04:20:49","guid":{"rendered":"https:\/\/www.diarioimagen.net\/?p=688660"},"modified":"2025-10-14T22:20:49","modified_gmt":"2025-10-15T04:20:49","slug":"permanentemente-se-realizan-acciones-de-desazolve-en-rios-de-regiones-vulnerables","status":"publish","type":"post","link":"https:\/\/www.diarioimagen.net\/?p=688660","title":{"rendered":"Permanentemente, se realizan  acciones de desazolve en r\u00edos  de regiones vulnerables"},"content":{"rendered":"<ul>\n<li><strong>En coordinaci\u00f3n con la Semar<\/strong><\/li>\n<li><strong>Inversi\u00f3n de m\u00e1s de 2 mil millones de pesos para obras de protecci\u00f3n y compra de maquinaria: Conagua<\/strong><\/li>\n<\/ul>\n<p><strong>\u00a0<\/strong><\/p>\n<div id=\"attachment_688661\" style=\"width: 383px\" class=\"wp-caption alignnone\"><img loading=\"lazy\" decoding=\"async\" aria-describedby=\"caption-attachment-688661\" class=\"wp-image-688661 size-large\" src=\"https:\/\/www.diarioimagen.net\/wp-content\/uploads\/2025\/10\/CONAGUA-ok-2-373x270.jpg\" alt=\"\" width=\"373\" height=\"270\" srcset=\"https:\/\/www.diarioimagen.net\/wp-content\/uploads\/2025\/10\/CONAGUA-ok-2-373x270.jpg 373w, https:\/\/www.diarioimagen.net\/wp-content\/uploads\/2025\/10\/CONAGUA-ok-2-240x174.jpg 240w, https:\/\/www.diarioimagen.net\/wp-content\/uploads\/2025\/10\/CONAGUA-ok-2-768x557.jpg 768w, https:\/\/www.diarioimagen.net\/wp-content\/uploads\/2025\/10\/CONAGUA-ok-2-90x65.jpg 90w, https:\/\/www.diarioimagen.net\/wp-content\/uploads\/2025\/10\/CONAGUA-ok-2.jpg 1500w\" sizes=\"auto, (max-width: 373px) 100vw, 373px\" \/><p id=\"caption-attachment-688661\" class=\"wp-caption-text\">La Conagua realiza una inversi\u00f3n estrat\u00e9gica para la adquisici\u00f3n de maquinaria pesada, con el prop\u00f3sito de recuperar capacidades operativas y reforzar sus tareas especializadas.<\/p><\/div>\n<p>Con el objetivo de fortalecer la infraestructura hidr\u00e1ulica y reducir los riesgos de inundaci\u00f3n, especialmente durante la temporada de lluvias, el Gobierno de M\u00e9xico, a trav\u00e9s de la Comisi\u00f3n Nacional del Agua (Conagua) y en coordinaci\u00f3n con la Secretar\u00eda de Marina (Semar), lleva a cabo un programa integral y permanente de desazolve de r\u00edos, canales y la conformaci\u00f3n de bordos de protecci\u00f3n en las entidades del pa\u00eds con mayor vulnerabilidad.<\/p>\n<p>&nbsp;<\/p>\n<p>Parar ello, en el primer a\u00f1o del gobierno de la Presidenta Claudia Sheinbaum Pardo, se est\u00e1n invirtiendo m\u00e1s de 2 mil millones de pesos para desazolves, obras de protecci\u00f3n y compra de maquinaria.<\/p>\n<p>&nbsp;<\/p>\n<p>En el marco de este programa, en Guerrero, destaca el desazolve del r\u00edo La Sabana, los canales pluviales Aguas Blancas, La Garita y El Camar\u00f3n, as\u00ed como los arroyos El Perro y El Muerto. En Tabasco, de los r\u00edos De La Sierra, Pichucalco y Jolochero; en Oaxaca, Los Perros; en Hidalgo, el Tula; en Estado de M\u00e9xico, el Lerma; en Tlaxcala, el Atoyac; en Quer\u00e9taro, el Lerma y en Jalisco, el Santiago.<\/p>\n<p>&nbsp;<\/p>\n<p>Asimismo, se construyen bordos de protecci\u00f3n en el r\u00edo Bobos y el arroyo Chapachapa, en Veracruz; en el r\u00edo La Sabana y los arroyos San Agust\u00edn y Colacho, en Guerrero; en los r\u00edos De La Sierra, Samaria, Puxcat\u00e1n, Usumacinta y El Mango, en Tabasco; en el r\u00edo Suchiate, en Chiapas, as\u00ed como en el Tula, en Hidalgo.<\/p>\n<p>&nbsp;<\/p>\n<p>Adicionalmente, Conagua, en conjunto con la Semar, lleva a cabo un programa de desazolve de r\u00edos en Colima, entre los que destacan el Marabasco, Armer\u00eda y Colima, as\u00ed como los arroyos Seco, Punta de Agua, Cerro del \u00c1guila, Zacualpan, Chandiablo y Palmar.<\/p>\n<p>&nbsp;<\/p>\n<p>Estas labores han contribuido a mitigar los efectos de la temporada de lluvias, permitiendo una mejor capacidad de respuesta ante eventos hidrometeorol\u00f3gicos.<\/p>\n<p>&nbsp;<\/p>\n<p>En cuanto a las grandes obras de infraestructura, se llevan a cabo diversas acciones de gran impacto social, para prevenir inundaciones. Una muestra de ello es el colector de Chalco, en el Estado de M\u00e9xico, que ha permitido resolver un problema hist\u00f3rico de inundaciones en las colonias Las Culturas y Jacalones, que, durante la actual temporada de lluvias, no han registrado afectaciones, gracias a la rehabilitaci\u00f3n del sistema de drenaje.<\/p>\n<p>&nbsp;<\/p>\n<p>Tambi\u00e9n para reducir riesgos de inundaciones, se realiza la rectificaci\u00f3n y la estabilizaci\u00f3n de los taludes del r\u00edo Tula, en Hidalgo, y se llevan a cabo diversas obras en Guerrero y Tabasco, como el reforzamiento de bordos, las protecciones marginales, entre otros.<\/p>\n<p>&nbsp;<\/p>\n<p>Adicionalmente, la Conagua realiza una inversi\u00f3n estrat\u00e9gica para la adquisici\u00f3n de maquinaria pesada, con el prop\u00f3sito de recuperar capacidades operativas y reforzar las tareas de desazolve, limpieza y mantenimiento de cauces en todo el territorio nacional. En ese contexto, en 2025, se adquirieron 44 equipos y maquinaria.<\/p>\n<p>&nbsp;<\/p>\n<p>Por otra parte, se destac\u00f3 que, por instrucciones de la Presidenta Claudia Sheinbaum Pardo, se mantiene una estrecha coordinaci\u00f3n y suma de recursos con gobiernos estatales y municipales mediante el Fondo de Aportaciones para la Infraestructura Social (FAIS), a trav\u00e9s del cual actualmente se tiene registrados y en proceso 10 mil 209 proyectos de drenaje y alcantarillado, con un monto total de m\u00e1s de 11 mil 800 millones de pesos.<\/p>\n<p>&nbsp;<\/p>\n<p>Con estas acciones, la Conagua reafirma su compromiso con la protecci\u00f3n de la poblaci\u00f3n y la seguridad h\u00eddrica del pa\u00eds, mediante obras preventivas y coordinadas que fortalecen la resiliencia ante fen\u00f3menos naturales.<\/p>\n<p>&nbsp;<\/p>\n<p>&nbsp;<\/p>\n<p><strong>\u00a0<\/strong><\/p>\n<p><strong>\u00a0<\/strong><\/p>\n","protected":false},"excerpt":{"rendered":"<p>En coordinaci\u00f3n con la Semar Inversi\u00f3n de m\u00e1s de 2 mil millones de pesos para obras de protecci\u00f3n y compra de maquinaria: Conagua \u00a0 Con el objetivo de fortalecer la infraestructura hidr\u00e1ulica y reducir los riesgos de inundaci\u00f3n, especialmente durante la temporada de lluvias, el Gobierno de M\u00e9xico, a trav\u00e9s de la Comisi\u00f3n Nacional del [&hellip;]<\/p>\n","protected":false},"author":14,"featured_media":688661,"comment_status":"open","ping_status":"open","sticky":false,"template":"","format":"standard","meta":{"_monsterinsights_skip_tracking":false,"_monsterinsights_sitenote_active":false,"_monsterinsights_sitenote_note":"","_monsterinsights_sitenote_category":0,"footnotes":""},"categories":[3],"tags":[],"class_list":["post-688660","post","type-post","status-publish","format-standard","has-post-thumbnail","hentry","category-nacional"],"_links":{"self":[{"href":"https:\/\/www.diarioimagen.net\/index.php?rest_route=\/wp\/v2\/posts\/688660","targetHints":{"allow":["GET"]}}],"collection":[{"href":"https:\/\/www.diarioimagen.net\/index.php?rest_route=\/wp\/v2\/posts"}],"about":[{"href":"https:\/\/www.diarioimagen.net\/index.php?rest_route=\/wp\/v2\/types\/post"}],"author":[{"embeddable":true,"href":"https:\/\/www.diarioimagen.net\/index.php?rest_route=\/wp\/v2\/users\/14"}],"replies":[{"embeddable":true,"href":"https:\/\/www.diarioimagen.net\/index.php?rest_route=%2Fwp%2Fv2%2Fcomments&post=688660"}],"version-history":[{"count":1,"href":"https:\/\/www.diarioimagen.net\/index.php?rest_route=\/wp\/v2\/posts\/688660\/revisions"}],"predecessor-version":[{"id":688662,"href":"https:\/\/www.diarioimagen.net\/index.php?rest_route=\/wp\/v2\/posts\/688660\/revisions\/688662"}],"wp:featuredmedia":[{"embeddable":true,"href":"https:\/\/www.diarioimagen.net\/index.php?rest_route=\/wp\/v2\/media\/688661"}],"wp:attachment":[{"href":"https:\/\/www.diarioimagen.net\/index.php?rest_route=%2Fwp%2Fv2%2Fmedia&parent=688660"}],"wp:term":[{"taxonomy":"category","embeddable":true,"href":"https:\/\/www.diarioimagen.net\/index.php?rest_route=%2Fwp%2Fv2%2Fcategories&post=688660"},{"taxonomy":"post_tag","embeddable":true,"href":"https:\/\/www.diarioimagen.net\/index.php?rest_route=%2Fwp%2Fv2%2Ftags&post=688660"}],"curies":[{"name":"wp","href":"https:\/\/api.w.org\/{rel}","templated":true}]}}