{"id":688755,"date":"2025-10-14T23:24:27","date_gmt":"2025-10-15T05:24:27","guid":{"rendered":"https:\/\/www.diarioimagen.net\/?p=688755"},"modified":"2025-10-14T23:37:30","modified_gmt":"2025-10-15T05:37:30","slug":"academicos-de-la-uaemex-son-reconocidos-con-premio-christopher-pollitt","status":"publish","type":"post","link":"https:\/\/www.diarioimagen.net\/?p=688755","title":{"rendered":"Acad\u00e9micos de la UAEM\u00e9x son reconocidos con Premio Christopher Pollitt"},"content":{"rendered":"<div id=\"attachment_688761\" style=\"width: 470px\" class=\"wp-caption alignnone\"><img loading=\"lazy\" decoding=\"async\" aria-describedby=\"caption-attachment-688761\" class=\"wp-image-688761 size-large\" src=\"https:\/\/www.diarioimagen.net\/wp-content\/uploads\/2025\/10\/UAEM-2-8-460x270.jpg\" alt=\"\" width=\"460\" height=\"270\" srcset=\"https:\/\/www.diarioimagen.net\/wp-content\/uploads\/2025\/10\/UAEM-2-8-460x270.jpg 460w, https:\/\/www.diarioimagen.net\/wp-content\/uploads\/2025\/10\/UAEM-2-8-240x141.jpg 240w, https:\/\/www.diarioimagen.net\/wp-content\/uploads\/2025\/10\/UAEM-2-8-768x450.jpg 768w, https:\/\/www.diarioimagen.net\/wp-content\/uploads\/2025\/10\/UAEM-2-8-1536x900.jpg 1536w, https:\/\/www.diarioimagen.net\/wp-content\/uploads\/2025\/10\/UAEM-2-8-2048x1200.jpg 2048w\" sizes=\"auto, (max-width: 460px) 100vw, 460px\" \/><p id=\"caption-attachment-688761\" class=\"wp-caption-text\">26 ediciones de historia, pasi\u00f3n y cultura musical que nos unen 14 y 15 DE MARZO DE 2026 \u2013 ESTADIO GNP SEGUROS Preventa Banamex: 17 de octubre, 2:00 p.m.<\/p><\/div>\n<p>&nbsp;<\/p>\n<p>Tianguistenco, M\u00e9x.- Por su art\u00edculo \u201cExplorando los impactos negativos de la inteligencia artificial en el gobierno: el lado oscuro de los algoritmos inteligentes y las m\u00e1quinas cognitivas\u201d, acad\u00e9micos de la Universidad Aut\u00f3noma del Estado de M\u00e9xico (UAEM\u00e9x) recibieron el Premio Christopher Pollitt.<\/p>\n<p>David Valle Cruz, catedr\u00e1tico e investigador del Centro Universitario UAEM Tianguistenco; Rigoberto Garc\u00eda Contreras, de la Facultad de Contadur\u00eda y Administraci\u00f3n, y Ram\u00f3n Gil Garc\u00eda, egresado de la Facultad de Ciencias Pol\u00edticas y Sociales, fueron reconocidos con este galard\u00f3n, entregado por la International Review of Administrative Sciences al Mejor Art\u00edculo Publicado en 2024.<\/p>\n<p>Con la inquietud de buscar los impactos negativos del uso de estas nuevas tecnolog\u00edas, Valle Cruz explic\u00f3 que el equipo de investigaci\u00f3n comenz\u00f3 un an\u00e1lisis sobre las problem\u00e1ticas que aquejan a la sociedad y sus consecuencias, lo cual deriv\u00f3 en la consolidaci\u00f3n de un modelo sociot\u00e9cnico de la inteligencia artificial.<\/p>\n<p>Este modelo, dijo, est\u00e1 conformado por cinco dimensiones, las cuales est\u00e1n relacionadas con aspectos tecnol\u00f3gicos, organizacionales, pol\u00edticos y legales, fallos de mercado y la aplicabilidad de los algoritmos, lo cual permite establecer un estudio espec\u00edfico de los impactos negativos.<\/p>\n<p>Asimismo, detall\u00f3 que este an\u00e1lisis permite reconocer algunas problem\u00e1ticas que afectan a la sociedad; por ejemplo, la dificultad de entender algoritmos, reemplazo de la fuerza de trabajo, dependencia de estas tecnolog\u00edas y el uso de los datos personales, las cuales podr\u00edan seguir incrementando con la sofisticaci\u00f3n y avance de las herramientas digitales.<\/p>\n<p>A pesar de estos impactos, el docente del Centro Universitario UAEM Tianguistenco destac\u00f3 que la inteligencia artificial es una herramienta que puede brindar grandes beneficios, por lo que es importante usarla de manera responsable y estrat\u00e9gica para evitar su lado oscuro.<\/p>\n<p>&nbsp;<\/p>\n<p>&nbsp;<\/p>\n<p><strong>\u00a0<\/strong><\/p>\n","protected":false},"excerpt":{"rendered":"<p>&nbsp; Tianguistenco, M\u00e9x.- Por su art\u00edculo \u201cExplorando los impactos negativos de la inteligencia artificial en el gobierno: el lado oscuro de los algoritmos inteligentes y las m\u00e1quinas cognitivas\u201d, acad\u00e9micos de la Universidad Aut\u00f3noma del Estado de M\u00e9xico (UAEM\u00e9x) recibieron el Premio Christopher Pollitt. David Valle Cruz, catedr\u00e1tico e investigador del Centro Universitario UAEM Tianguistenco; Rigoberto [&hellip;]<\/p>\n","protected":false},"author":14,"featured_media":688761,"comment_status":"open","ping_status":"open","sticky":false,"template":"","format":"standard","meta":{"_monsterinsights_skip_tracking":false,"_monsterinsights_sitenote_active":false,"_monsterinsights_sitenote_note":"","_monsterinsights_sitenote_category":0,"footnotes":""},"categories":[16,5],"tags":[],"class_list":["post-688755","post","type-post","status-publish","format-standard","has-post-thumbnail","hentry","category-destacadas","category-estado-de-mexico"],"_links":{"self":[{"href":"https:\/\/www.diarioimagen.net\/index.php?rest_route=\/wp\/v2\/posts\/688755","targetHints":{"allow":["GET"]}}],"collection":[{"href":"https:\/\/www.diarioimagen.net\/index.php?rest_route=\/wp\/v2\/posts"}],"about":[{"href":"https:\/\/www.diarioimagen.net\/index.php?rest_route=\/wp\/v2\/types\/post"}],"author":[{"embeddable":true,"href":"https:\/\/www.diarioimagen.net\/index.php?rest_route=\/wp\/v2\/users\/14"}],"replies":[{"embeddable":true,"href":"https:\/\/www.diarioimagen.net\/index.php?rest_route=%2Fwp%2Fv2%2Fcomments&post=688755"}],"version-history":[{"count":3,"href":"https:\/\/www.diarioimagen.net\/index.php?rest_route=\/wp\/v2\/posts\/688755\/revisions"}],"predecessor-version":[{"id":688762,"href":"https:\/\/www.diarioimagen.net\/index.php?rest_route=\/wp\/v2\/posts\/688755\/revisions\/688762"}],"wp:featuredmedia":[{"embeddable":true,"href":"https:\/\/www.diarioimagen.net\/index.php?rest_route=\/wp\/v2\/media\/688761"}],"wp:attachment":[{"href":"https:\/\/www.diarioimagen.net\/index.php?rest_route=%2Fwp%2Fv2%2Fmedia&parent=688755"}],"wp:term":[{"taxonomy":"category","embeddable":true,"href":"https:\/\/www.diarioimagen.net\/index.php?rest_route=%2Fwp%2Fv2%2Fcategories&post=688755"},{"taxonomy":"post_tag","embeddable":true,"href":"https:\/\/www.diarioimagen.net\/index.php?rest_route=%2Fwp%2Fv2%2Ftags&post=688755"}],"curies":[{"name":"wp","href":"https:\/\/api.w.org\/{rel}","templated":true}]}}