{"id":688836,"date":"2025-10-15T20:12:14","date_gmt":"2025-10-16T02:12:14","guid":{"rendered":"https:\/\/www.diarioimagen.net\/?p=688836"},"modified":"2025-10-15T20:12:14","modified_gmt":"2025-10-16T02:12:14","slug":"la-obesidad-principal-problematica-de-salud-publica-en-nuestro-pais","status":"publish","type":"post","link":"https:\/\/www.diarioimagen.net\/?p=688836","title":{"rendered":"La obesidad, principal  problem\u00e1tica de salud  p\u00fablica en nuestro pa\u00eds"},"content":{"rendered":"<ul>\n<li><strong>Estudio de Ipsos \u201cServicios de salud 2025\u201d<\/strong><\/li>\n<li><strong> Casi la mitad de los mexicanos percibe el acceso a los tratamientos m\u00e9dicos como una complicaci\u00f3n<\/strong><\/li>\n<\/ul>\n<div id=\"attachment_688837\" style=\"width: 415px\" class=\"wp-caption alignnone\"><img loading=\"lazy\" decoding=\"async\" aria-describedby=\"caption-attachment-688837\" class=\"wp-image-688837 size-large\" src=\"https:\/\/www.diarioimagen.net\/wp-content\/uploads\/2025\/10\/OBESIDAD-ok-405x270.jpg\" alt=\"\" width=\"405\" height=\"270\" srcset=\"https:\/\/www.diarioimagen.net\/wp-content\/uploads\/2025\/10\/OBESIDAD-ok-405x270.jpg 405w, https:\/\/www.diarioimagen.net\/wp-content\/uploads\/2025\/10\/OBESIDAD-ok-240x160.jpg 240w, https:\/\/www.diarioimagen.net\/wp-content\/uploads\/2025\/10\/OBESIDAD-ok-768x512.jpg 768w, https:\/\/www.diarioimagen.net\/wp-content\/uploads\/2025\/10\/OBESIDAD-ok.jpg 1500w\" sizes=\"auto, (max-width: 405px) 100vw, 405px\" \/><p id=\"caption-attachment-688837\" class=\"wp-caption-text\">En M\u00e9xico, la principal preocupaci\u00f3n es la obesidad con m\u00e1s de la mitad que lo percibe as\u00ed, siendo el pa\u00eds con el mayor porcentaje a nivel mundial, le siguen el c\u00e1ncer, el estr\u00e9s y el uso de drogas.<\/p><\/div>\n<p>&nbsp;<\/p>\n<p>El m\u00e1s reciente estudio de Ipsos \u201cServicios de salud 2025\u201d demuestra lo que la gente piensa alrededor de 30 pa\u00edses sobre los principales problemas de salud, su opini\u00f3n sobre la obesidad, y la salud mental, como el principal problema a nivel mundial. Este informe tambi\u00e9n revela los retos de los sistemas de salud en el mundo, la calidad en los servicios y la fe depositada en los medicamentos y vacunas.<\/p>\n<p>A nivel mundial, las principales preocupaciones de salud son: la salud mental (45%), el c\u00e1ncer (41%), el estr\u00e9s (31%), la obesidad (25%) y el uso de drogas (23%). En M\u00e9xico, la principal preocupaci\u00f3n es la obesidad con m\u00e1s de la mitad que lo percibe as\u00ed (58%), siendo el pa\u00eds con el mayor porcentaje a nivel mundial, le siguen el c\u00e1ncer (31%), el estr\u00e9s (29%) y el uso de drogas (26%).<\/p>\n<p>En cuanto a los sistemas de salud, los principales problemas percibidos por los entrevistados en nuestro pa\u00eds son: acceso a los tratamientos m\u00e9dicos (49%), seguido por el costo de los tratamientos (36%), la falta de personal m\u00e9dico (22%) y la burocracia (37%). A nivel mundial, los entrevistados respondieron: acceso a los tratamientos (47%), falta de personal m\u00e9dico (43%) y costo de los tratamientos (33%).<\/p>\n<p>En promedio, el 45% en 30 pa\u00edses considera que la salud mental es un problema. Se ubica por encima del c\u00e1ncer (41%) y la obesidad (25%) como los principales problemas de salud en el mundo. La percepci\u00f3n de la salud mental como un problema aument\u00f3 r\u00e1pidamente durante la pandemia, y la proporci\u00f3n de quienes la ven como un problema ha crecido un 18% desde 2018. En contraste, en nuestro pa\u00eds, solo el 29% de los mexicanos se mostr\u00f3 preocupado por este tema.<\/p>\n<p>Cuando se habla de salud mental y f\u00edsica, el 76% a nivel global afirma que son igualmente importantes, pero solo el 38% cree que su sistema de salud las considera de la misma manera.\u00a0 Para la mayor\u00eda de los mexicanos (81%) la salud mental como la f\u00edsica son igualmente importantes.<\/p>\n<p>En M\u00e9xico, la preocupaci\u00f3n por la salud mental es considerada como principal, el 80% de los entrevistados respondieron que frecuentemente se preocupan por su bienestar mental, siendo el pa\u00eds con el porcentaje m\u00e1s alto, seguido por Sud\u00e1frica (78%) y Brasil (74%). En cuanto al bienestar f\u00edsico, la mayor\u00eda de los mexicanos (88%) tambi\u00e9n se mostr\u00f3 preocupado.<\/p>\n<p>A nivel global, el 43% de los entrevistados considera buena la calidad de la atenci\u00f3n m\u00e9dica en su pa\u00eds, mientras que solo el 22% la califica como deficiente. En contraste, en M\u00e9xico la percepci\u00f3n es mucho m\u00e1s cr\u00edtica: apenas el 5% de los encuestados opina que el sistema de salud es muy bueno, un 30% lo califica como malo o muy malo y m\u00e1s de la mitad (52%) prev\u00e9 que en los pr\u00f3ximos a\u00f1os la situaci\u00f3n se mantendr\u00e1 igual o incluso empeorar\u00e1.<\/p>\n<p>\u201cEn M\u00e9xico, la percepci\u00f3n sobre el sistema de salud refleja una fuerte insatisfacci\u00f3n. El 62% de los mexicanos considera que el sistema est\u00e1 sobrecargado y el 73% se\u00f1ala que los tiempos de espera son excesivos. Cuando adem\u00e1s el 81% afirma que la mayor\u00eda no tiene los recursos para atenderse con un buen doctor, el mensaje es claro: el problema no es solo operativo, es estructural. La salud en el pa\u00eds se ha vuelto un lujo cuando deber\u00eda ser un derecho.\u201d Destac\u00f3 Fernando \u00c1lvarez Kuri, Senior Business Director para Ipsos en M\u00e9xico.<\/p>\n<p>Sobre el tema de vacunaci\u00f3n, el 78% de los mexicanos est\u00e1 de acuerdo en que la poblaci\u00f3n deber\u00eda de vacunarse contra enfermedades infecciosas graves de forma obligatoria. En comparaci\u00f3n con los resultados del 2018, el porcentaje en M\u00e9xico increment\u00f3 4% y cada vez m\u00e1s gente est\u00e1 de acuerdo en la vacunaci\u00f3n.<\/p>\n<p>Estos son los resultados de una encuesta realizada por Ipsos en 30 pa\u00edses en su plataforma en l\u00ednea Global Advisor a un total de 23,172 adultos.<\/p>\n<p><strong>\u00a0<\/strong><\/p>\n<p>&nbsp;<\/p>\n","protected":false},"excerpt":{"rendered":"<p>Estudio de Ipsos \u201cServicios de salud 2025\u201d Casi la mitad de los mexicanos percibe el acceso a los tratamientos m\u00e9dicos como una complicaci\u00f3n &nbsp; El m\u00e1s reciente estudio de Ipsos \u201cServicios de salud 2025\u201d demuestra lo que la gente piensa alrededor de 30 pa\u00edses sobre los principales problemas de salud, su opini\u00f3n sobre la obesidad, [&hellip;]<\/p>\n","protected":false},"author":14,"featured_media":688837,"comment_status":"open","ping_status":"open","sticky":false,"template":"","format":"standard","meta":{"_monsterinsights_skip_tracking":false,"_monsterinsights_sitenote_active":false,"_monsterinsights_sitenote_note":"","_monsterinsights_sitenote_category":0,"footnotes":""},"categories":[877],"tags":[],"class_list":["post-688836","post","type-post","status-publish","format-standard","has-post-thumbnail","hentry","category-salud"],"_links":{"self":[{"href":"https:\/\/www.diarioimagen.net\/index.php?rest_route=\/wp\/v2\/posts\/688836","targetHints":{"allow":["GET"]}}],"collection":[{"href":"https:\/\/www.diarioimagen.net\/index.php?rest_route=\/wp\/v2\/posts"}],"about":[{"href":"https:\/\/www.diarioimagen.net\/index.php?rest_route=\/wp\/v2\/types\/post"}],"author":[{"embeddable":true,"href":"https:\/\/www.diarioimagen.net\/index.php?rest_route=\/wp\/v2\/users\/14"}],"replies":[{"embeddable":true,"href":"https:\/\/www.diarioimagen.net\/index.php?rest_route=%2Fwp%2Fv2%2Fcomments&post=688836"}],"version-history":[{"count":1,"href":"https:\/\/www.diarioimagen.net\/index.php?rest_route=\/wp\/v2\/posts\/688836\/revisions"}],"predecessor-version":[{"id":688838,"href":"https:\/\/www.diarioimagen.net\/index.php?rest_route=\/wp\/v2\/posts\/688836\/revisions\/688838"}],"wp:featuredmedia":[{"embeddable":true,"href":"https:\/\/www.diarioimagen.net\/index.php?rest_route=\/wp\/v2\/media\/688837"}],"wp:attachment":[{"href":"https:\/\/www.diarioimagen.net\/index.php?rest_route=%2Fwp%2Fv2%2Fmedia&parent=688836"}],"wp:term":[{"taxonomy":"category","embeddable":true,"href":"https:\/\/www.diarioimagen.net\/index.php?rest_route=%2Fwp%2Fv2%2Fcategories&post=688836"},{"taxonomy":"post_tag","embeddable":true,"href":"https:\/\/www.diarioimagen.net\/index.php?rest_route=%2Fwp%2Fv2%2Ftags&post=688836"}],"curies":[{"name":"wp","href":"https:\/\/api.w.org\/{rel}","templated":true}]}}