{"id":689132,"date":"2025-10-16T21:55:25","date_gmt":"2025-10-17T03:55:25","guid":{"rendered":"https:\/\/www.diarioimagen.net\/?p=689132"},"modified":"2025-10-16T21:55:25","modified_gmt":"2025-10-17T03:55:25","slug":"celebra-tribunal-de-disciplina-judicial-la-primera-sesion-de-pleno-publico","status":"publish","type":"post","link":"https:\/\/www.diarioimagen.net\/?p=689132","title":{"rendered":"Celebra Tribunal de Disciplina Judicial  la primera sesi\u00f3n de pleno p\u00fablico  \u00a0"},"content":{"rendered":"<p>&nbsp;<\/p>\n<p><strong>\u00a0<\/strong><\/p>\n<ul>\n<li><strong>El TDJ se compromete a fortalecer al Poder Judicial capitalino y garantizar justicia emp\u00e1tica y cercana al pueblo<\/strong><strong>\u00a0<\/strong><\/li>\n<\/ul>\n<ul>\n<li><strong>Como parte del desahogo de la sesi\u00f3n, el Pleno del TDJCDMX inform\u00f3 que la reanudaci\u00f3n de los plazos procesales tuvo lugar el pasado 6 de octubre del a\u00f1o en curso<\/strong><\/li>\n<\/ul>\n<p>&nbsp;<\/p>\n<div id=\"attachment_689134\" style=\"width: 470px\" class=\"wp-caption alignnone\"><img loading=\"lazy\" decoding=\"async\" aria-describedby=\"caption-attachment-689134\" class=\"wp-image-689134 size-large\" src=\"https:\/\/www.diarioimagen.net\/wp-content\/uploads\/2025\/10\/TRIBUNAL-ok-460x259.jpg\" alt=\"\" width=\"460\" height=\"259\" srcset=\"https:\/\/www.diarioimagen.net\/wp-content\/uploads\/2025\/10\/TRIBUNAL-ok-460x259.jpg 460w, https:\/\/www.diarioimagen.net\/wp-content\/uploads\/2025\/10\/TRIBUNAL-ok-240x135.jpg 240w, https:\/\/www.diarioimagen.net\/wp-content\/uploads\/2025\/10\/TRIBUNAL-ok-768x432.jpg 768w, https:\/\/www.diarioimagen.net\/wp-content\/uploads\/2025\/10\/TRIBUNAL-ok-480x270.jpg 480w, https:\/\/www.diarioimagen.net\/wp-content\/uploads\/2025\/10\/TRIBUNAL-ok-235x132.jpg 235w, https:\/\/www.diarioimagen.net\/wp-content\/uploads\/2025\/10\/TRIBUNAL-ok-202x114.jpg 202w, https:\/\/www.diarioimagen.net\/wp-content\/uploads\/2025\/10\/TRIBUNAL-ok-350x196.jpg 350w, https:\/\/www.diarioimagen.net\/wp-content\/uploads\/2025\/10\/TRIBUNAL-ok-220x123.jpg 220w, https:\/\/www.diarioimagen.net\/wp-content\/uploads\/2025\/10\/TRIBUNAL-ok-237x132.jpg 237w, https:\/\/www.diarioimagen.net\/wp-content\/uploads\/2025\/10\/TRIBUNAL-ok.jpg 1500w\" sizes=\"auto, (max-width: 460px) 100vw, 460px\" \/><p id=\"caption-attachment-689134\" class=\"wp-caption-text\">El Tribunal de Disciplina Judicial de la Ciudad de M\u00e9xico, que preside el magistrado Nicol\u00e1s Jer\u00f3nimo Alejo, celebr\u00f3 la primera sesi\u00f3n de pleno p\u00fablico.<\/p><\/div>\n<p>&nbsp;<\/p>\n<p>Rectitud, imparcialidad y apego estricto a la ley, deber\u00e1n ser las directrices del comportamiento y desempe\u00f1o de las personas servidoras p\u00fablicas el PJCDMX, as\u00ed lo se\u00f1al\u00f3 el presidente del Tribunal de Disciplina Judicial de la Ciudad de M\u00e9xico, magistrado Nicol\u00e1s Jer\u00f3nimo Alejo, durante la primera sesi\u00f3n de pleno p\u00fablico.<\/p>\n<p>En el auditorio Benito Ju\u00e1rez, Jer\u00f3nimo Alejo sostuvo que este nuevo tribunal representa un contrapeso interno indispensable para un desarrollo \u00f3ptimo de las actividades jurisdiccionales; agreg\u00f3 que no solo velar\u00e1 por la legalidad, sino tambi\u00e9n por la dignidad de la justicia para que cada resoluci\u00f3n emitida le diga a la sociedad: \u201cDentro del actuar del personal que integra el Poder Judicial no cabe la corrupci\u00f3n, el abuso de poder, ni la falta de \u00e9tica\u201d.<\/p>\n<p>Posteriormente, en el uso de la voz el magistrado Diego Armando Guerrero Garc\u00eda, agradeci\u00f3 a la ciudadan\u00eda por su confianza en las elecciones y permitir a las y los integrantes del TDJCDMX ser parte de la construcci\u00f3n de esta nueva era del sistema de justicia de la Ciudad de M\u00e9xico.<\/p>\n<p>Apunt\u00f3 a su vez que la fortaleza de este \u00f3rgano colegiado es su pluralidad de pensamiento, as\u00ed como su visi\u00f3n garantista de derechos humanos. Guerrero Garc\u00eda se\u00f1al\u00f3 tambi\u00e9n que un elemento fundamental de la reforma al Poder Judicial y, parte de las nuevas tareas de este Tribunal, son la evaluaci\u00f3n y seguimiento del desempe\u00f1o del quehacer y labor de los \u00f3rganos jurisdiccionales.<\/p>\n<p>En su intervenci\u00f3n, la magistrada Martha Alejandra Ch\u00e1vez Camarena precis\u00f3 que el Tribunal de Disciplina Judicial forma parte de un modelo transformador, m\u00e1s transparente que conforma un bloque institucional que fortalece la independencia judicial y perfecciona los mecanismos de control.<\/p>\n<p>Manifest\u00f3 que el Tribunal de Disciplina Judicial erradicar\u00e1 la posible corrupci\u00f3n, velar\u00e1 por la integridad y correcto desempe\u00f1o de las personas servidoras p\u00fablicas. Asegur\u00f3 que la autonom\u00eda de los juzgados y salas no se confundir\u00e1 con impunidad; pues se debe tener la capacidad de certificar que la conducta interna sea reflejo de los valores de quienes forman parte del PJCDMX.<\/p>\n<p>Ixchel Sara\u00ed \u00c1lzaga Alc\u00e1ntara se dijo orgullosa y responsable por participar en el cambio profundo en el sistema de justicia de la Ciudad de M\u00e9xico, dijo que la reforma al Poder Judicial de 2024 marc\u00f3 un paso hist\u00f3rico para crear una instituci\u00f3n que garantice que todas las personas sean escuchadas y juzgadas de manera coherente, imparcial y sin privilegios.<\/p>\n<p>Afirm\u00f3 que la reforma es un acto de justicia social para que el Poder Judicial sirva al pueblo, por los que sus esfuerzos estar\u00e1n encaminados a democratizar el acceso a la justicia y los derechos humanos para \u201clas y los chilangos\u201d.<\/p>\n<p>La magistrada Nahyeli Ortiz Quintero, expres\u00f3 sentirse honrada y responsable de contribuir desde el TDJCDMX al cambio profundo del Poder Judicial, mismo que deber\u00e1 ser garante y contrapeso para quienes se han desviado de impartir justicia con integridad y responsabilidad.<\/p>\n<p>&nbsp;<\/p>\n<p>Agreg\u00f3 que la disciplina judicial ser\u00e1 el pilar de la lucha contra la corrupci\u00f3n, pues quienes aplican la ley tendr\u00e1n un escrutinio riguroso y exhaustiva investigaci\u00f3n para la imposici\u00f3n de sanciones y aplicaci\u00f3n de medidas correctivas que restituyan la confianza de las personas en el Poder Judicial. Ortiz Quintero asegur\u00f3 que el TDJCDMX ser\u00e1 un \u00f3rgano cercano a las personas y llam\u00f3 a las instituciones p\u00fablicas, \u00f3rganos aut\u00f3nomos y a la sociedad civil a sumar esfuerzos.<\/p>\n<p>Finalmente, el presidente de la Mesa Directiva del Congreso de la Ciudad de M\u00e9xico, diputado Jes\u00fas Sesma Su\u00e1rez, en su calidad de invitado especial y representante del Poder Legislativo, record\u00f3 a las y los magistrados que la labor para la que fueron electos exige ejercicio sensible y transparente, y que ello es vital para conservar la confianza de la sociedad.<\/p>\n<p>Como parte del desahogo de la sesi\u00f3n, el pleno del TDJCDMX inform\u00f3 que la reanudaci\u00f3n de los plazos procesales tuvo lugar el pasado 6 de octubre del a\u00f1o en curso.<\/p>\n<p>A esta primera sesi\u00f3n solemne, asisti\u00f3 en representaci\u00f3n de la Jefa de Gobierno, Clara Brugada Molina, el director General Jur\u00eddico y de Enlace Legislativo de la Secretar\u00eda de Gobierno, Jes\u00fas Salazar Vel\u00e1zquez. Igualmente, asisti\u00f3 la presidenta del Tribunal de Disciplina Judicial Federal Celia Maya Gatica y las magistraturas que lo integran, las magistradas Eva Ver\u00f3nica de Gyves Z\u00e1rate e Indira Isabel Garc\u00eda P\u00e9rez, as\u00ed como los magistrados Bernardo B\u00e1tiz y V\u00e1zquez y Rufino H Le\u00f3n Tovar; el presidente de la Junta de Coordinaci\u00f3n Pol\u00edtica (Jucopo) del Congreso de la Ciudad de M\u00e9xico, Andr\u00e9s Atayde Rubiolo; personas juzgadoras, autoridades de diferentes niveles y \u00f3rdenes de gobierno, representantes de la academia y ciudadan\u00eda en general.<\/p>\n<p>&nbsp;<\/p>\n<p>&nbsp;<\/p>\n<p><strong>\u00a0<\/strong><\/p>\n<p>&nbsp;<\/p>\n","protected":false},"excerpt":{"rendered":"<p>&nbsp; \u00a0 El TDJ se compromete a fortalecer al Poder Judicial capitalino y garantizar justicia emp\u00e1tica y cercana al pueblo\u00a0 Como parte del desahogo de la sesi\u00f3n, el Pleno del TDJCDMX inform\u00f3 que la reanudaci\u00f3n de los plazos procesales tuvo lugar el pasado 6 de octubre del a\u00f1o en curso &nbsp; &nbsp; Rectitud, imparcialidad y [&hellip;]<\/p>\n","protected":false},"author":14,"featured_media":689134,"comment_status":"open","ping_status":"open","sticky":false,"template":"","format":"standard","meta":{"_monsterinsights_skip_tracking":false,"_monsterinsights_sitenote_active":false,"_monsterinsights_sitenote_note":"","_monsterinsights_sitenote_category":0,"footnotes":""},"categories":[6],"tags":[],"class_list":["post-689132","post","type-post","status-publish","format-standard","has-post-thumbnail","hentry","category-cd-de-mexico"],"_links":{"self":[{"href":"https:\/\/www.diarioimagen.net\/index.php?rest_route=\/wp\/v2\/posts\/689132","targetHints":{"allow":["GET"]}}],"collection":[{"href":"https:\/\/www.diarioimagen.net\/index.php?rest_route=\/wp\/v2\/posts"}],"about":[{"href":"https:\/\/www.diarioimagen.net\/index.php?rest_route=\/wp\/v2\/types\/post"}],"author":[{"embeddable":true,"href":"https:\/\/www.diarioimagen.net\/index.php?rest_route=\/wp\/v2\/users\/14"}],"replies":[{"embeddable":true,"href":"https:\/\/www.diarioimagen.net\/index.php?rest_route=%2Fwp%2Fv2%2Fcomments&post=689132"}],"version-history":[{"count":1,"href":"https:\/\/www.diarioimagen.net\/index.php?rest_route=\/wp\/v2\/posts\/689132\/revisions"}],"predecessor-version":[{"id":689135,"href":"https:\/\/www.diarioimagen.net\/index.php?rest_route=\/wp\/v2\/posts\/689132\/revisions\/689135"}],"wp:featuredmedia":[{"embeddable":true,"href":"https:\/\/www.diarioimagen.net\/index.php?rest_route=\/wp\/v2\/media\/689134"}],"wp:attachment":[{"href":"https:\/\/www.diarioimagen.net\/index.php?rest_route=%2Fwp%2Fv2%2Fmedia&parent=689132"}],"wp:term":[{"taxonomy":"category","embeddable":true,"href":"https:\/\/www.diarioimagen.net\/index.php?rest_route=%2Fwp%2Fv2%2Fcategories&post=689132"},{"taxonomy":"post_tag","embeddable":true,"href":"https:\/\/www.diarioimagen.net\/index.php?rest_route=%2Fwp%2Fv2%2Ftags&post=689132"}],"curies":[{"name":"wp","href":"https:\/\/api.w.org\/{rel}","templated":true}]}}