{"id":689256,"date":"2025-10-19T20:59:11","date_gmt":"2025-10-20T02:59:11","guid":{"rendered":"https:\/\/www.diarioimagen.net\/?p=689256"},"modified":"2025-10-19T20:59:11","modified_gmt":"2025-10-20T02:59:11","slug":"hay-52-mil-servidores-publicos-atendiendo-a-afectados-por-las-fuertes-lluvias-sheinbaum-pardo","status":"publish","type":"post","link":"https:\/\/www.diarioimagen.net\/?p=689256","title":{"rendered":"Hay 52 mil servidores p\u00fablicos  atendiendo a afectados por las  fuertes lluvias: Sheinbaum Pardo"},"content":{"rendered":"<ul>\n<li><strong>Se supera la contingencia<\/strong><\/li>\n<li><strong>Contin\u00faa supervisando en territorio las acciones de apoyo a la poblaci\u00f3n<\/strong><\/li>\n<\/ul>\n<p>&nbsp;<\/p>\n<div id=\"attachment_689257\" style=\"width: 470px\" class=\"wp-caption alignnone\"><img loading=\"lazy\" decoding=\"async\" aria-describedby=\"caption-attachment-689257\" class=\"wp-image-689257 size-large\" src=\"https:\/\/www.diarioimagen.net\/wp-content\/uploads\/2025\/10\/MANANERA-ok-9-460x270.jpg\" alt=\"\" width=\"460\" height=\"270\" srcset=\"https:\/\/www.diarioimagen.net\/wp-content\/uploads\/2025\/10\/MANANERA-ok-9-460x270.jpg 460w, https:\/\/www.diarioimagen.net\/wp-content\/uploads\/2025\/10\/MANANERA-ok-9-240x140.jpg 240w, https:\/\/www.diarioimagen.net\/wp-content\/uploads\/2025\/10\/MANANERA-ok-9-768x449.jpg 768w, https:\/\/www.diarioimagen.net\/wp-content\/uploads\/2025\/10\/MANANERA-ok-9.jpg 1500w\" sizes=\"auto, (max-width: 460px) 100vw, 460px\" \/><p id=\"caption-attachment-689257\" class=\"wp-caption-text\">Claudia Sheinbaum Pardo inform\u00f3 que contin\u00faa supervisando en territorio las acciones de apoyo a la poblaci\u00f3n tras las lluvias intensas que se registraron del 6 al 9 de octubre en Hidalgo, Veracruz, Puebla, Quer\u00e9taro y San Luis Potos\u00ed.<\/p><\/div>\n<p>La presidenta Claudia Sheinbaum Pardo inform\u00f3 que contin\u00faa supervisando en territorio las acciones de apoyo a la poblaci\u00f3n tras las lluvias intensas que se registraron del 6 al 9 de octubre.<\/p>\n<p>Explic\u00f3 que, en el caso de San Luis Potos\u00ed, ya se est\u00e1 saliendo de la contingencia, adem\u00e1s de que el gobierno de la entidad ha brindado diferentes apoyos, a los que se sumar\u00e1n los otorgados por el Gobierno de M\u00e9xico, a trav\u00e9s de la Secretar\u00eda de Bienestar.<\/p>\n<p>Durante la conferencia matutina \u201cLas ma\u00f1aneras del pueblo\u201d, destac\u00f3 que hay alrededor de 52 mil servidores p\u00fablicos del Gobierno de M\u00e9xico, as\u00ed como de gobiernos estatales que se encuentran apoyando a las mexicanas y mexicanos afectados por las lluvias en Hidalgo, Veracruz, Puebla, Quer\u00e9taro y San Luis Potos\u00ed.<\/p>\n<p>\u201cEl hero\u00edsmo con el que atienden a la poblaci\u00f3n es extraordinario, de soldados, de marinos, de guardias nacionales, de trabajadores de la industria el\u00e9ctrica, de trabajadores de la construcci\u00f3n, de m\u00e9dicos, de m\u00e9dicas, de servidores, servidoras de la naci\u00f3n. Es algo realmente extraordinario, de mucha entrega y mucha convicci\u00f3n del servicio p\u00fablico, y de amor a la gente, porque en el fondo eso es lo que nos mueve. Decirles que no est\u00e1n solos, que estamos ah\u00ed en este momento y que vamos a seguir hasta el \u00faltimo minuto apoyando a todas y a todos tambi\u00e9n en el periodo de reconstrucci\u00f3n\u201d, puntualiz\u00f3 en la conferencia matutina \u201cLas ma\u00f1aneras del pueblo\u201d.<\/p>\n<p>Adem\u00e1s, la Jefa del Ejecutivo Federal record\u00f3 que se habilit\u00f3 el micrositio https:\/\/www.gob.mx\/reporteporlluvias\/ en el cual se informa de manera permanente el n\u00famero de personas que han fallecido o que se encuentran no localizadas, as\u00ed como las localidades aisladas y los caminos afectados por las lluvias extraordinarias que se presentaron en la Huasteca.<\/p>\n<p>&nbsp;<\/p>\n<p><strong>CFE ha restablecido en 95.4% el suministro el\u00e9ctrico <\/strong><\/p>\n<p>&nbsp;<\/p>\n<p>El gobierno de M\u00e9xico, a trav\u00e9s de la Comisi\u00f3n Federal de Electricidad (CFE), inform\u00f3 que , al corte de las 6:00 horas del viernes 17 de octubre , se ten\u00eda un 95.4 por ciento de restablecimiento del suministro el\u00e9ctrico en los estados afectados por las lluvias, beneficiando en las \u00faltimas 24 horas a m\u00e1s de 7 mil 330 usuarios en Veracruz, Hidalgo y Quer\u00e9taro.<\/p>\n<p>La presidenta Sheinbaum Pardo resalt\u00f3 el esfuerzo de las y los electricistas de la CFE, quienes restablecen el suministro el\u00e9ctrico sin importar las condiciones.<\/p>\n<p>La directora general de la CFE, Emilia Esther Calleja Alor, detall\u00f3 que en Quer\u00e9taro se tiene el 100 por ciento del suministro el\u00e9ctrico, en Veracruz el 98 por ciento, en Hidalgo y en Puebla el 90 por ciento. Mientras que, hay 12 mil 370 usuarios en proceso de restablecimiento.<\/p>\n<p>Puntualiz\u00f3 que, como parte del trabajo coordinado entre las dependencias del Gobierno de M\u00e9xico, la Secretar\u00eda de la Defensa apoy\u00f3 en el transporte de 14 plantas generadoras que han sido distribuidas 12 en Hidalgo y cinco en Veracruz.<\/p>\n<p>&nbsp;<\/p>\n<p>Agreg\u00f3 que la CFE tambi\u00e9n trabaja en restablecer la red p\u00fablica de comunicaciones de los cuales se lleva un avance del 52 por ciento en la recuperaci\u00f3n de torres de telefon\u00eda celular y del 35 por ciento en puntos de acceso a puntos de internet. Inform\u00f3 que se realiza la entrega gratuita de chips en Centros de Atenci\u00f3n en Veracruz, Hidalgo y Puebla, as\u00ed como en las oficinas de Servicio Postal Mexicano (Sepomex).<\/p>\n<p>&nbsp;<\/p>\n<p><strong>\u201cReducir consumo de bebidas azucaradas tiene como objetivo la salud\u201d <\/strong><\/p>\n<p>&nbsp;<\/p>\n<p>En otro tema, Sheinbaum Pardo sostuvo que el objetivo del gobierno de M\u00e9xico es reducir el consumo de las bebidas azucaradas y de la comida chatarra para prevenir enfermedades como la diabetes, la hipertensi\u00f3n y la obesidad.<\/p>\n<p>\u201cEl objetivo es prevenir, prevenir, prevenir. El objetivo es la salud de las y los mexicanos, porque los efectos de una persona diab\u00e9tica en el mediano plazo son grav\u00edsimos, grav\u00edsimos: disminuyen no solo la vida, la esperanza de vida, sino tambi\u00e9n la calidad de vida, y la cantidad de medicamentos que se tienen que dar asociadas a estas enfermedades\u201d, agreg\u00f3.<\/p>\n<p>Record\u00f3 que la Secretar\u00eda de Salud iniciar\u00e1 una campa\u00f1a informativa para concientizar a la poblaci\u00f3n sobre los efectos que genera el consumo excesivo de bebidas azucaradas y comida chatarra. Por ello, record\u00f3, se implementa el programa Vive saludable, vive feliz que tiene como objetivo garantizar el bienestar y la salud de las ni\u00f1as y ni\u00f1os de las escuelas p\u00fablicas a trav\u00e9s de la promoci\u00f3n de h\u00e1bitos saludables.<\/p>\n<p>&nbsp;<\/p>\n<p><strong>Acuerdo comercial con UE, listo para firmarse: CSP<\/strong><\/p>\n<p>&nbsp;<\/p>\n<p>La presidenta Claudia Sheinbaum anunci\u00f3 que el nuevo acuerdo de libre comercio de M\u00e9xico con la Uni\u00f3n Europea ya est\u00e1 listo y se estima que se firme pr\u00f3ximamente para que entre en vigor en febrero de 2026.<\/p>\n<p>Detall\u00f3 que los t\u00e9rminos del acuerdo con la Uni\u00f3n Europea qued\u00f3 establecido desde hace algunos meses, de los cuales se van a beneficiar principalmente productores agropecuarios, as\u00ed como el sector manufacturero con los nuevos t\u00e9rminos de la relaci\u00f3n comercial que entrar\u00e1 en vigor el pr\u00f3ximo a\u00f1o, coment\u00f3 la mandataria.<\/p>\n<p>Sobre la imposici\u00f3n de nuevos aranceles a otros pa\u00edses, dijo que M\u00e9xico busca sustituir las importaciones de mercanc\u00edas que se importan para el mercado interno, como parte del Plan M\u00e9xico. Durante los \u00faltimos a\u00f1os, no solo desde el gobierno del presidente, Andr\u00e9s Manuel L\u00f3pez Obrador, sino desde antes, M\u00e9xico exporta pr\u00e1cticamente en los mismos niveles que importa, por eso ahora queremos que se produzca m\u00e1s en nuestro pa\u00eds.<\/p>\n<p>Como parte de esta pol\u00edtico, se aprobaron reformas para que en las adquisiciones gubernamentales, el 60 por ciento, sean de productos elaborados en territorio nacional.<\/p>\n<p>&nbsp;<\/p>\n","protected":false},"excerpt":{"rendered":"<p>Se supera la contingencia Contin\u00faa supervisando en territorio las acciones de apoyo a la poblaci\u00f3n &nbsp; La presidenta Claudia Sheinbaum Pardo inform\u00f3 que contin\u00faa supervisando en territorio las acciones de apoyo a la poblaci\u00f3n tras las lluvias intensas que se registraron del 6 al 9 de octubre. Explic\u00f3 que, en el caso de San Luis [&hellip;]<\/p>\n","protected":false},"author":14,"featured_media":689257,"comment_status":"open","ping_status":"open","sticky":false,"template":"","format":"standard","meta":{"_monsterinsights_skip_tracking":false,"_monsterinsights_sitenote_active":false,"_monsterinsights_sitenote_note":"","_monsterinsights_sitenote_category":0,"footnotes":""},"categories":[3],"tags":[],"class_list":["post-689256","post","type-post","status-publish","format-standard","has-post-thumbnail","hentry","category-nacional"],"_links":{"self":[{"href":"https:\/\/www.diarioimagen.net\/index.php?rest_route=\/wp\/v2\/posts\/689256","targetHints":{"allow":["GET"]}}],"collection":[{"href":"https:\/\/www.diarioimagen.net\/index.php?rest_route=\/wp\/v2\/posts"}],"about":[{"href":"https:\/\/www.diarioimagen.net\/index.php?rest_route=\/wp\/v2\/types\/post"}],"author":[{"embeddable":true,"href":"https:\/\/www.diarioimagen.net\/index.php?rest_route=\/wp\/v2\/users\/14"}],"replies":[{"embeddable":true,"href":"https:\/\/www.diarioimagen.net\/index.php?rest_route=%2Fwp%2Fv2%2Fcomments&post=689256"}],"version-history":[{"count":1,"href":"https:\/\/www.diarioimagen.net\/index.php?rest_route=\/wp\/v2\/posts\/689256\/revisions"}],"predecessor-version":[{"id":689258,"href":"https:\/\/www.diarioimagen.net\/index.php?rest_route=\/wp\/v2\/posts\/689256\/revisions\/689258"}],"wp:featuredmedia":[{"embeddable":true,"href":"https:\/\/www.diarioimagen.net\/index.php?rest_route=\/wp\/v2\/media\/689257"}],"wp:attachment":[{"href":"https:\/\/www.diarioimagen.net\/index.php?rest_route=%2Fwp%2Fv2%2Fmedia&parent=689256"}],"wp:term":[{"taxonomy":"category","embeddable":true,"href":"https:\/\/www.diarioimagen.net\/index.php?rest_route=%2Fwp%2Fv2%2Fcategories&post=689256"},{"taxonomy":"post_tag","embeddable":true,"href":"https:\/\/www.diarioimagen.net\/index.php?rest_route=%2Fwp%2Fv2%2Ftags&post=689256"}],"curies":[{"name":"wp","href":"https:\/\/api.w.org\/{rel}","templated":true}]}}