{"id":689268,"date":"2025-10-19T21:04:43","date_gmt":"2025-10-20T03:04:43","guid":{"rendered":"https:\/\/www.diarioimagen.net\/?p=689268"},"modified":"2025-10-19T21:04:43","modified_gmt":"2025-10-20T03:04:43","slug":"clara-brugada-presenta-sendero-de-las-almas-y-cartelera-del-dia-de-muertos","status":"publish","type":"post","link":"https:\/\/www.diarioimagen.net\/?p=689268","title":{"rendered":"Clara Brugada presenta  \u201cSendero de las Almas\u201d y  \u00a0cartelera del D\u00eda de Muertos"},"content":{"rendered":"<ul>\n<li><strong>Inicia temporada de flor de cempas\u00fachil<\/strong><\/li>\n<li><strong>En la 12\u00aa edici\u00f3n de la mega procesi\u00f3n de catrinas participan 16 mil personas en 40 contingentes tem\u00e1ticos<\/strong><\/li>\n<\/ul>\n<p><strong>\u00a0<\/strong><\/p>\n<div id=\"attachment_689269\" style=\"width: 412px\" class=\"wp-caption alignnone\"><img loading=\"lazy\" decoding=\"async\" aria-describedby=\"caption-attachment-689269\" class=\"wp-image-689269 size-large\" src=\"https:\/\/www.diarioimagen.net\/wp-content\/uploads\/2025\/10\/BRUGADA-OK-9-402x270.jpg\" alt=\"\" width=\"402\" height=\"270\" srcset=\"https:\/\/www.diarioimagen.net\/wp-content\/uploads\/2025\/10\/BRUGADA-OK-9-402x270.jpg 402w, https:\/\/www.diarioimagen.net\/wp-content\/uploads\/2025\/10\/BRUGADA-OK-9-240x161.jpg 240w, https:\/\/www.diarioimagen.net\/wp-content\/uploads\/2025\/10\/BRUGADA-OK-9-768x516.jpg 768w, https:\/\/www.diarioimagen.net\/wp-content\/uploads\/2025\/10\/BRUGADA-OK-9.jpg 1500w\" sizes=\"auto, (max-width: 402px) 100vw, 402px\" \/><p id=\"caption-attachment-689269\" class=\"wp-caption-text\">Clara Brugada Molina, encabez\u00f3 el evento \u00abSendero de las Almas\u00bb y la presentaci\u00f3n de la cartelera cultural y tur\u00edstica por el D\u00eda de Muertos, con el que se marca el inicio de la temporada de venta de la flor de cempas\u00fachil.<\/p><\/div>\n<p>&nbsp;<\/p>\n<p>La jefa de Gobierno de la Ciudad de M\u00e9xico, Clara Brugada Molina, encabez\u00f3 el evento \u00abSendero de las Almas\u00bb y la presentaci\u00f3n de la cartelera cultural y tur\u00edstica por el D\u00eda de Muertos, con el que se marca el inicio de la temporada de venta de la flor de cempas\u00fachil desde el coraz\u00f3n del suelo de conservaci\u00f3n en Xochimilco, Tl\u00e1huac y Milpa Alta, destacando el r\u00e9cord de producci\u00f3n y la convocatoria a la ciudadan\u00eda para consumir la flor local como un acto de apoyo a la econom\u00eda popular y la identidad de la capital<\/p>\n<p>&nbsp;<\/p>\n<p>Desde San Luis Tlaxialtemalco, alcald\u00eda Xochimilco, la Jefa de Gobierno enfatiz\u00f3 el valor del trabajo de los floricultores, dijo que \u201choy estamos aqu\u00ed por ustedes, hoy venimos a apoyar esa gran acci\u00f3n de resistencia que es la producci\u00f3n de sus campos y de sus tierras\u201d, haciendo hincapi\u00e9 en el compromiso con los floricultores y el rescate del campo, con el fin de eliminar intermediarios y garantizar un beneficio directo a las familias productoras.<\/p>\n<p>&nbsp;<\/p>\n<p>Por lo que acot\u00f3 haciendo un llamado a los capitalinos y capitalinas, \u201ca todos los que pasan por la ciudad, recuerden que somos el centro metropolitano, uno de los m\u00e1s grandes del mundo, para que comprenda cempas\u00fachil; que cuando ustedes hagan su ofrenda sepan que est\u00e1n consumiendo una planta producida desde hace mucho tiempo aqu\u00ed en Xochimilco\u201d.<\/p>\n<p>&nbsp;<\/p>\n<p>\u201cSi hoy venimos aqu\u00ed es para convocar a que compremos lo que producimos, porque Xochimilco produce los alimentos que comemos, Xochimilco produce agua, ox\u00edgeno verde y tambi\u00e9n produce el alimento para el alma, que son las plantas, que es el cempas\u00fachil\u201d, exclam\u00f3.<\/p>\n<p>&nbsp;<\/p>\n<p>Inform\u00f3 sobre el r\u00e9cord hist\u00f3rico alcanzado este a\u00f1o en la producci\u00f3n de la flor de cempas\u00fachil en la Ciudad de M\u00e9xico, superando la meta prevista. \u201cLa Ciudad de M\u00e9xico rompe el r\u00e9cord de producci\u00f3n de cempas\u00fachil, m\u00e1s de seis millones de plantas de cempas\u00fachil se lograron producir &#8230; Y queremos pronto aplaudir de que todos se lograron vender, y a eso tenemos que abocarnos\u201d, coment\u00f3.<\/p>\n<p>&nbsp;<\/p>\n<p>Agreg\u00f3 que \u201crecordar que nuestro pa\u00eds es el centro mundial de origen de la flor de cempas\u00fachil &#8230; Y tambi\u00e9n recordar que el cempas\u00fachil no solo es una planta decorativa, es tambi\u00e9n alimento, es tambi\u00e9n insumo textil y tambi\u00e9n medicinal\u201d.<\/p>\n<p>&nbsp;<\/p>\n<p>\u201cNo queremos que se urbanice la zona de conservaci\u00f3n, al contrario, queremos ruralizar la ciudad\u201d, expres\u00f3 la mandataria capitalina al referirse al consumo local para que en todos lados haya venta de cempas\u00fachil, para que los productores directamente lo vendan.<\/p>\n<p>&nbsp;<\/p>\n<p>Se refiri\u00f3 a la descentralizaci\u00f3n de la cultura para que no todas las actividades por el D\u00eda de Muertos ocurra en el Z\u00f3calo capitalino, \u201cqueremos que las ofrendas y la cultura est\u00e9 descentralizada en la Ciudad de M\u00e9xico, por eso va a haber otras grandes ofrendas monumentales en la ciudad, va a haber en Tl\u00e1huac, en Gustavo A. Madero, en Xochimilco, en Azcapotzalco, en Iztapalapa\u201d.<\/p>\n<p>&nbsp;<\/p>\n<p>La Jefa de Gobierno concluy\u00f3 con un llamado a disfrutar de las m\u00e1s de 400 actividades organizadas y a recordar que la flor de cempas\u00fachil es un \u201cs\u00edmbolo de identidad que refuerza el valor de nuestras tradiciones\u201d.<\/p>\n<p>&nbsp;<\/p>\n<p>En uso de la voz, la Secretaria de Desarrollo Econ\u00f3mico, Manola Zabalza Aldama, subray\u00f3 que Xochimilco es clave porque provee el principio b\u00e1sico de la econom\u00eda que \u00abviene de la tierra\u00bb. Afirm\u00f3 que \u201csin flores de cempas\u00fachil, no hay tradici\u00f3n\u201d, resaltando que la flor recuerda a nuestros muertos y la grandeza de la cultura e identidad de la Ciudad de M\u00e9xico y felicit\u00f3 a los agricultores por el r\u00e9cord hist\u00f3rico de plantas y por los r\u00e9cords en ventas directas sin intermediarios, promoviendo el bienestar compartido.<\/p>\n<p>&nbsp;<\/p>\n<p>La Secretaria de Turismo, Alejandra Frausto Guerrero, destac\u00f3 que el D\u00eda de Muertos y Xochimilco son un homenaje a las ra\u00edces que est\u00e1n m\u00e1s vivas que nunc, y que el turismo en la ciudad se enfoca en atraer a un turismo curioso y sensible que valora el turismo cultural y la identidad. Mencion\u00f3 que elementos como la procesi\u00f3n de las catrinas y las trajineras se utilizan para la promoci\u00f3n tur\u00edstica en ferias internacionales como FITUR en Espa\u00f1a y eventos en ciudades como Madrid y Par\u00eds. Anunci\u00f3 la convocatoria a concursos de ofrenda para motivar a hoteles y restaurantes a comprar cempas\u00fachil directamente de los productores, con lo que se adornar\u00e1 para eventos como el festival de esculturas lum\u00ednicas en Reforma, la Feria del Cempas\u00fachil en la avenida principal del pa\u00eds, con 149 productores hasta el 30 de octubre, el recorrido nocturno en autobuses tur\u00edsticos por leyendas y ofrendas, y la presencia en la F\u00f3rmula 1.<\/p>\n<p>&nbsp;<\/p>\n","protected":false},"excerpt":{"rendered":"<p>Inicia temporada de flor de cempas\u00fachil En la 12\u00aa edici\u00f3n de la mega procesi\u00f3n de catrinas participan 16 mil personas en 40 contingentes tem\u00e1ticos \u00a0 &nbsp; La jefa de Gobierno de la Ciudad de M\u00e9xico, Clara Brugada Molina, encabez\u00f3 el evento \u00abSendero de las Almas\u00bb y la presentaci\u00f3n de la cartelera cultural y tur\u00edstica por [&hellip;]<\/p>\n","protected":false},"author":14,"featured_media":689269,"comment_status":"open","ping_status":"open","sticky":false,"template":"","format":"standard","meta":{"_monsterinsights_skip_tracking":false,"_monsterinsights_sitenote_active":false,"_monsterinsights_sitenote_note":"","_monsterinsights_sitenote_category":0,"footnotes":""},"categories":[6],"tags":[],"class_list":["post-689268","post","type-post","status-publish","format-standard","has-post-thumbnail","hentry","category-cd-de-mexico"],"_links":{"self":[{"href":"https:\/\/www.diarioimagen.net\/index.php?rest_route=\/wp\/v2\/posts\/689268","targetHints":{"allow":["GET"]}}],"collection":[{"href":"https:\/\/www.diarioimagen.net\/index.php?rest_route=\/wp\/v2\/posts"}],"about":[{"href":"https:\/\/www.diarioimagen.net\/index.php?rest_route=\/wp\/v2\/types\/post"}],"author":[{"embeddable":true,"href":"https:\/\/www.diarioimagen.net\/index.php?rest_route=\/wp\/v2\/users\/14"}],"replies":[{"embeddable":true,"href":"https:\/\/www.diarioimagen.net\/index.php?rest_route=%2Fwp%2Fv2%2Fcomments&post=689268"}],"version-history":[{"count":1,"href":"https:\/\/www.diarioimagen.net\/index.php?rest_route=\/wp\/v2\/posts\/689268\/revisions"}],"predecessor-version":[{"id":689270,"href":"https:\/\/www.diarioimagen.net\/index.php?rest_route=\/wp\/v2\/posts\/689268\/revisions\/689270"}],"wp:featuredmedia":[{"embeddable":true,"href":"https:\/\/www.diarioimagen.net\/index.php?rest_route=\/wp\/v2\/media\/689269"}],"wp:attachment":[{"href":"https:\/\/www.diarioimagen.net\/index.php?rest_route=%2Fwp%2Fv2%2Fmedia&parent=689268"}],"wp:term":[{"taxonomy":"category","embeddable":true,"href":"https:\/\/www.diarioimagen.net\/index.php?rest_route=%2Fwp%2Fv2%2Fcategories&post=689268"},{"taxonomy":"post_tag","embeddable":true,"href":"https:\/\/www.diarioimagen.net\/index.php?rest_route=%2Fwp%2Fv2%2Ftags&post=689268"}],"curies":[{"name":"wp","href":"https:\/\/api.w.org\/{rel}","templated":true}]}}