{"id":689444,"date":"2025-10-20T19:02:48","date_gmt":"2025-10-21T01:02:48","guid":{"rendered":"https:\/\/www.diarioimagen.net\/?p=689444"},"modified":"2025-10-20T19:02:48","modified_gmt":"2025-10-21T01:02:48","slug":"en-tlalnepantla-ninguna-mujer-esta-sola-alcalde-raciel-perez","status":"publish","type":"post","link":"https:\/\/www.diarioimagen.net\/?p=689444","title":{"rendered":"En Tlalnepantla, ninguna mujer  est\u00e1 sola: alcalde Raciel P\u00e9rez"},"content":{"rendered":"<ul>\n<li><strong>\u201cMacro Jornada Semana Rosa 2025\u201d<\/strong><\/li>\n<\/ul>\n<div id=\"attachment_689445\" style=\"width: 420px\" class=\"wp-caption alignnone\"><img loading=\"lazy\" decoding=\"async\" aria-describedby=\"caption-attachment-689445\" class=\"wp-image-689445 size-large\" src=\"https:\/\/www.diarioimagen.net\/wp-content\/uploads\/2025\/10\/BAENA-2-ok-11-410x270.jpg\" alt=\"\" width=\"410\" height=\"270\" srcset=\"https:\/\/www.diarioimagen.net\/wp-content\/uploads\/2025\/10\/BAENA-2-ok-11-410x270.jpg 410w, https:\/\/www.diarioimagen.net\/wp-content\/uploads\/2025\/10\/BAENA-2-ok-11-240x158.jpg 240w, https:\/\/www.diarioimagen.net\/wp-content\/uploads\/2025\/10\/BAENA-2-ok-11-768x506.jpg 768w, https:\/\/www.diarioimagen.net\/wp-content\/uploads\/2025\/10\/BAENA-2-ok-11.jpg 1500w\" sizes=\"auto, (max-width: 410px) 100vw, 410px\" \/><p id=\"caption-attachment-689445\" class=\"wp-caption-text\">El alcalde Raciel P\u00e9rez Cruz se\u00f1al\u00f3 que ene Tlalnepantla se redoblan esfuerzos para incidir directamente en la etapa de la detecci\u00f3n oportuna del c\u00e1ncer de mama<\/p><\/div>\n<p>&nbsp;<\/p>\n<p>Tlalnepantla, M\u00e9x.- El D\u00eda Mundial de lucha contra el C\u00e1ncer de Mama es una fecha que nos hace reflexionar sobre la importancia de la prevenci\u00f3n y autoexploraci\u00f3n, toda vez que \u00e9sta es una de las causas de mayor incidencia de muerte en nuestro pa\u00eds.<\/p>\n<p>&nbsp;<\/p>\n<p>En el Centro de Empoderamiento \u201cElvia Carrillo Puerto\u201d, ubicado en la colonia Valle de las Pir\u00e1mides, el presidente municipal Raciel P\u00e9rez Cruz asegur\u00f3 que en la demarcaci\u00f3n ninguna mujer est\u00e1 sola, por lo que en coordinaci\u00f3n con el DIF Tlalnepantla, se llev\u00f3 a cabo la \u201cMacro Jornada Semana Rosa 2025\u201d para brindar servicios gratuitos de mastograf\u00edas y asesoramiento a las mujeres de Nuestra Ciudad.<\/p>\n<p>&nbsp;<\/p>\n<p>En presencia de la presidenta honoraria del DIF Tlalnepantla, Roc\u00edo P\u00e9rez Cruz, el alcalde refiri\u00f3 que \u201cla prevenci\u00f3n salva vidas, el c\u00e1ncer detectado a tiempo se trata y tiene cura\u201d.<\/p>\n<p>&nbsp;<\/p>\n<p>Muchas veces, continu\u00f3, \u201cpor miedo, otras veces tambi\u00e9n por desinformaci\u00f3n o porque no se cuenta con los recursos econ\u00f3micos, una mujer no tiene a su alcance el poder detectar el c\u00e1ncer de mama a tiempo\u201d.<\/p>\n<p>&nbsp;<\/p>\n<p>El mun\u00edcipe asever\u00f3 que desde el gobierno de Tlalnepantla se redoblan esfuerzos para incidir directamente en la etapa de la detecci\u00f3n oportuna para poder salvar el mayor n\u00famero de vidas posible ante esta enfermedad.<\/p>\n<p>&nbsp;<\/p>\n<p>Asimismo, P\u00e9rez Cruz reconoci\u00f3 a las vecinas de diversas comunidades que participaron en esta macro jornada y que realizaron su prueba de detecci\u00f3n del c\u00e1ncer de mam\u00e1, \u201cporque quien padece de este c\u00e1ncer, se enfrenta a una situaci\u00f3n personal dif\u00edcil para ellas y sus familias\u201d.<\/p>\n<p>&nbsp;<\/p>\n<p>&nbsp;<\/p>\n<p>&nbsp;<\/p>\n","protected":false},"excerpt":{"rendered":"<p>\u201cMacro Jornada Semana Rosa 2025\u201d &nbsp; Tlalnepantla, M\u00e9x.- El D\u00eda Mundial de lucha contra el C\u00e1ncer de Mama es una fecha que nos hace reflexionar sobre la importancia de la prevenci\u00f3n y autoexploraci\u00f3n, toda vez que \u00e9sta es una de las causas de mayor incidencia de muerte en nuestro pa\u00eds. &nbsp; En el Centro de [&hellip;]<\/p>\n","protected":false},"author":14,"featured_media":689445,"comment_status":"open","ping_status":"open","sticky":false,"template":"","format":"standard","meta":{"_monsterinsights_skip_tracking":false,"_monsterinsights_sitenote_active":false,"_monsterinsights_sitenote_note":"","_monsterinsights_sitenote_category":0,"footnotes":""},"categories":[5],"tags":[],"class_list":["post-689444","post","type-post","status-publish","format-standard","has-post-thumbnail","hentry","category-estado-de-mexico"],"_links":{"self":[{"href":"https:\/\/www.diarioimagen.net\/index.php?rest_route=\/wp\/v2\/posts\/689444","targetHints":{"allow":["GET"]}}],"collection":[{"href":"https:\/\/www.diarioimagen.net\/index.php?rest_route=\/wp\/v2\/posts"}],"about":[{"href":"https:\/\/www.diarioimagen.net\/index.php?rest_route=\/wp\/v2\/types\/post"}],"author":[{"embeddable":true,"href":"https:\/\/www.diarioimagen.net\/index.php?rest_route=\/wp\/v2\/users\/14"}],"replies":[{"embeddable":true,"href":"https:\/\/www.diarioimagen.net\/index.php?rest_route=%2Fwp%2Fv2%2Fcomments&post=689444"}],"version-history":[{"count":1,"href":"https:\/\/www.diarioimagen.net\/index.php?rest_route=\/wp\/v2\/posts\/689444\/revisions"}],"predecessor-version":[{"id":689446,"href":"https:\/\/www.diarioimagen.net\/index.php?rest_route=\/wp\/v2\/posts\/689444\/revisions\/689446"}],"wp:featuredmedia":[{"embeddable":true,"href":"https:\/\/www.diarioimagen.net\/index.php?rest_route=\/wp\/v2\/media\/689445"}],"wp:attachment":[{"href":"https:\/\/www.diarioimagen.net\/index.php?rest_route=%2Fwp%2Fv2%2Fmedia&parent=689444"}],"wp:term":[{"taxonomy":"category","embeddable":true,"href":"https:\/\/www.diarioimagen.net\/index.php?rest_route=%2Fwp%2Fv2%2Fcategories&post=689444"},{"taxonomy":"post_tag","embeddable":true,"href":"https:\/\/www.diarioimagen.net\/index.php?rest_route=%2Fwp%2Fv2%2Ftags&post=689444"}],"curies":[{"name":"wp","href":"https:\/\/api.w.org\/{rel}","templated":true}]}}