{"id":689494,"date":"2025-10-20T20:48:25","date_gmt":"2025-10-21T02:48:25","guid":{"rendered":"https:\/\/www.diarioimagen.net\/?p=689494"},"modified":"2025-10-20T20:48:25","modified_gmt":"2025-10-21T02:48:25","slug":"mario-delgado-titular-de-educacion-anuncia-expansion-historica-de-la-beca-rita-cetina","status":"publish","type":"post","link":"https:\/\/www.diarioimagen.net\/?p=689494","title":{"rendered":"\u00a0  Mario Delgado, titular  de Educaci\u00f3n, anuncia  expansi\u00f3n hist\u00f3rica de  la Beca Rita Cetina"},"content":{"rendered":"<ul>\n<li><strong>Llegar\u00e1 a m\u00e1s de 20 millones de estudiantes<\/strong><\/li>\n<li><strong>En enero de 2026 se integrar\u00e1n las y los estudiantes de 6\u00b0, 5\u00b0 y 4\u00b0 grado de primaria, mientras que en septiembre de 2026 se sumar\u00e1n quienes cursen 3\u00b0, 2\u00b0 y 1\u00b0<\/strong><\/li>\n<\/ul>\n<div id=\"attachment_689495\" style=\"width: 226px\" class=\"wp-caption alignnone\"><img loading=\"lazy\" decoding=\"async\" aria-describedby=\"caption-attachment-689495\" class=\"wp-image-689495 size-large\" src=\"https:\/\/www.diarioimagen.net\/wp-content\/uploads\/2025\/10\/SEP-OK-4-216x270.jpg\" alt=\"\" width=\"216\" height=\"270\" srcset=\"https:\/\/www.diarioimagen.net\/wp-content\/uploads\/2025\/10\/SEP-OK-4-216x270.jpg 216w, https:\/\/www.diarioimagen.net\/wp-content\/uploads\/2025\/10\/SEP-OK-4-192x240.jpg 192w, https:\/\/www.diarioimagen.net\/wp-content\/uploads\/2025\/10\/SEP-OK-4-768x958.jpg 768w, https:\/\/www.diarioimagen.net\/wp-content\/uploads\/2025\/10\/SEP-OK-4-1231x1536.jpg 1231w, https:\/\/www.diarioimagen.net\/wp-content\/uploads\/2025\/10\/SEP-OK-4.jpg 1500w\" sizes=\"auto, (max-width: 216px) 100vw, 216px\" \/><p id=\"caption-attachment-689495\" class=\"wp-caption-text\">Mario Delgado Carrillo inform\u00f3 que, a partir de 2026, adem\u00e1s de los estudiantes de secundaria, todas las alumnas y alumnos de primarias p\u00fablicas recibir\u00e1n la Beca Universal Rita Cetina, por lo que este programa alcanzar\u00e1 a m\u00e1s de 20 millones de estudiantes.<\/p><\/div>\n<p>&nbsp;<\/p>\n<p>El secretario de Educaci\u00f3n P\u00fablica (SEP), Mario Delgado Carrillo, inform\u00f3 que, a partir de 2026, adem\u00e1s de los estudiantes de secundaria, todas las alumnas y alumnos de primarias p\u00fablicas recibir\u00e1n la Beca Universal Rita Cetina, por lo que este programa alcanzar\u00e1 a m\u00e1s de 20 millones de estudiantes, asegurando que ning\u00fan ni\u00f1o, ni\u00f1a o joven abandone sus estudios por falta de recursos.<\/p>\n<p>&nbsp;<\/p>\n<p>Delgado Carrillo anunci\u00f3 que, a partir de enero de 2026, se integrar\u00e1n las y los estudiantes de 6\u00b0, 5\u00b0 y 4\u00b0 grado, mientras que en septiembre se sumar\u00e1n quienes cursen 3\u00b0, 2\u00b0 y 1\u00b0 grado. Esta medida representa un paso decisivo hacia la universalidad de la beca para educaci\u00f3n b\u00e1sica.<\/p>\n<p>&nbsp;<\/p>\n<p>Se\u00f1al\u00f3 que, durante el ciclo escolar 2024-2025, las y los beneficiarios de la Beca Universal Rita Cetina pasaron de 5 millones 603 mil 611 a 8 millones 864 mil 448, lo que representa un incremento del 58.2 por ciento, con una inversi\u00f3n hist\u00f3rica de 75 mil millones de pesos. Con ello, se cumple el objetivo de que ninguna ni\u00f1a, ni\u00f1o o adolescente se quede sin estudiar por falta de recursos econ\u00f3micos, adem\u00e1s de contribuir a reducir el abandono escolar.<\/p>\n<p>&nbsp;<\/p>\n<p>Resalt\u00f3 que el alcance de la Beca Universal Rita Cetina tambi\u00e9n se refleja en el incremento de familias beneficiarias, que pas\u00f3 de 4 millones 181 mil 353 a 7 millones 41 mil 356, un aumento del 68.7 por ciento.<\/p>\n<p>&nbsp;<\/p>\n<p>Delgado Carrillo subray\u00f3 que este avance demuestra que la beca no solo alivia la carga econ\u00f3mica de los hogares, sino que tambi\u00e9n impulsa la permanencia escolar y fortalece el tejido social en todo el pa\u00eds.<\/p>\n<p>&nbsp;<\/p>\n<p>Coment\u00f3 que la cobertura abarca desde el nivel inicial hasta la secundaria: 2 mil 65 ni\u00f1as y ni\u00f1os de nivel inicial; 423 mil 93 de preescolar; 3 millones 189 mil 802 de primaria, y 5 millones 249 mil 488 de secundaria.<\/p>\n<p>&nbsp;<\/p>\n<p>Destac\u00f3 que 9 de cada 10 alumnas y alumnos de escuelas p\u00fablicas de secundaria en modalidad escolarizada cuentan con una beca, lo que representa un cambio estructural en la inclusi\u00f3n educativa.<\/p>\n<p>&nbsp;<\/p>\n<p><strong>\u00a0<\/strong><\/p>\n<p>&nbsp;<\/p>\n<p>&nbsp;<\/p>\n","protected":false},"excerpt":{"rendered":"<p>Llegar\u00e1 a m\u00e1s de 20 millones de estudiantes En enero de 2026 se integrar\u00e1n las y los estudiantes de 6\u00b0, 5\u00b0 y 4\u00b0 grado de primaria, mientras que en septiembre de 2026 se sumar\u00e1n quienes cursen 3\u00b0, 2\u00b0 y 1\u00b0 &nbsp; El secretario de Educaci\u00f3n P\u00fablica (SEP), Mario Delgado Carrillo, inform\u00f3 que, a partir de [&hellip;]<\/p>\n","protected":false},"author":14,"featured_media":689495,"comment_status":"open","ping_status":"open","sticky":false,"template":"","format":"standard","meta":{"_monsterinsights_skip_tracking":false,"_monsterinsights_sitenote_active":false,"_monsterinsights_sitenote_note":"","_monsterinsights_sitenote_category":0,"footnotes":""},"categories":[3],"tags":[],"class_list":["post-689494","post","type-post","status-publish","format-standard","has-post-thumbnail","hentry","category-nacional"],"_links":{"self":[{"href":"https:\/\/www.diarioimagen.net\/index.php?rest_route=\/wp\/v2\/posts\/689494","targetHints":{"allow":["GET"]}}],"collection":[{"href":"https:\/\/www.diarioimagen.net\/index.php?rest_route=\/wp\/v2\/posts"}],"about":[{"href":"https:\/\/www.diarioimagen.net\/index.php?rest_route=\/wp\/v2\/types\/post"}],"author":[{"embeddable":true,"href":"https:\/\/www.diarioimagen.net\/index.php?rest_route=\/wp\/v2\/users\/14"}],"replies":[{"embeddable":true,"href":"https:\/\/www.diarioimagen.net\/index.php?rest_route=%2Fwp%2Fv2%2Fcomments&post=689494"}],"version-history":[{"count":1,"href":"https:\/\/www.diarioimagen.net\/index.php?rest_route=\/wp\/v2\/posts\/689494\/revisions"}],"predecessor-version":[{"id":689496,"href":"https:\/\/www.diarioimagen.net\/index.php?rest_route=\/wp\/v2\/posts\/689494\/revisions\/689496"}],"wp:featuredmedia":[{"embeddable":true,"href":"https:\/\/www.diarioimagen.net\/index.php?rest_route=\/wp\/v2\/media\/689495"}],"wp:attachment":[{"href":"https:\/\/www.diarioimagen.net\/index.php?rest_route=%2Fwp%2Fv2%2Fmedia&parent=689494"}],"wp:term":[{"taxonomy":"category","embeddable":true,"href":"https:\/\/www.diarioimagen.net\/index.php?rest_route=%2Fwp%2Fv2%2Fcategories&post=689494"},{"taxonomy":"post_tag","embeddable":true,"href":"https:\/\/www.diarioimagen.net\/index.php?rest_route=%2Fwp%2Fv2%2Ftags&post=689494"}],"curies":[{"name":"wp","href":"https:\/\/api.w.org\/{rel}","templated":true}]}}