{"id":689854,"date":"2025-10-22T19:52:43","date_gmt":"2025-10-23T01:52:43","guid":{"rendered":"https:\/\/www.diarioimagen.net\/?p=689854"},"modified":"2025-10-22T19:52:43","modified_gmt":"2025-10-23T01:52:43","slug":"reconoce-el-senador-vargas-del-villar-el-trabajo-de-maestros-en-huixquilucan","status":"publish","type":"post","link":"https:\/\/www.diarioimagen.net\/?p=689854","title":{"rendered":"Reconoce el\u00a0 senador Vargas del Villar  el trabajo de maestros en Huixquilucan"},"content":{"rendered":"<ul>\n<li><strong>Reuni\u00f3n con supervisores escolares<\/strong><\/li>\n<\/ul>\n<p><strong>\u00a0<\/strong><\/p>\n<div id=\"attachment_689855\" style=\"width: 380px\" class=\"wp-caption alignnone\"><img loading=\"lazy\" decoding=\"async\" aria-describedby=\"caption-attachment-689855\" class=\"wp-image-689855 size-large\" src=\"https:\/\/www.diarioimagen.net\/wp-content\/uploads\/2025\/10\/BAENA-3-ok-14-370x270.jpg\" alt=\"\" width=\"370\" height=\"270\" srcset=\"https:\/\/www.diarioimagen.net\/wp-content\/uploads\/2025\/10\/BAENA-3-ok-14-370x270.jpg 370w, https:\/\/www.diarioimagen.net\/wp-content\/uploads\/2025\/10\/BAENA-3-ok-14-240x175.jpg 240w, https:\/\/www.diarioimagen.net\/wp-content\/uploads\/2025\/10\/BAENA-3-ok-14-768x561.jpg 768w, https:\/\/www.diarioimagen.net\/wp-content\/uploads\/2025\/10\/BAENA-3-ok-14-1536x1122.jpg 1536w, https:\/\/www.diarioimagen.net\/wp-content\/uploads\/2025\/10\/BAENA-3-ok-14-2048x1496.jpg 2048w, https:\/\/www.diarioimagen.net\/wp-content\/uploads\/2025\/10\/BAENA-3-ok-14-90x65.jpg 90w\" sizes=\"auto, (max-width: 370px) 100vw, 370px\" \/><p id=\"caption-attachment-689855\" class=\"wp-caption-text\">El senador Enrique Vargas del Villar hizo un reconocimiento al trabajo que realizan los supervisores escolares en favor de las ni\u00f1as, ni\u00f1os y adolescentes.<\/p><\/div>\n<p>&nbsp;<\/p>\n<p>Huixquilucan, M\u00e9x.- Al reunirse con las y los supervisores escolares de este municipio, el senador Enrique Vargas del Villar hizo un reconocimiento al trabajo que realizan en favor de las ni\u00f1as, ni\u00f1os y adolescentes, porque hoy lo que necesita M\u00e9xico son j\u00f3venes preparados para hacer frente al mundo globalizado.<\/p>\n<p>&nbsp;<\/p>\n<p>\u201cEn Huixquilucan se ha apoyado y se seguir\u00e1 apoyando la educaci\u00f3n, cuando llegu\u00e9 a gobernar el municipio, en el 2016, solo hab\u00eda 300 becas y hoy se dan m\u00e1s de 8 mil para favorecer a las y los estudiantes de todos los niveles educativos\u201d.<\/p>\n<p>&nbsp;<\/p>\n<p>El vicecoordinador de los senadores del PAN destac\u00f3 que lo que M\u00e9xico necesita son j\u00f3venes productivos que aspiren a m\u00e1s y esto solo se puede con una buena educaci\u00f3n desde casa y la escuela en donde las y los profesores tienen la gran responsabilidad de preparar a los j\u00f3venes.<\/p>\n<p>&nbsp;<\/p>\n<p>Vargas del Villar lament\u00f3 que en M\u00e9xico, haya una polarizaci\u00f3n que en nada beneficia, por ello, dijo, se debe trabajar en conjunto, ciudadan\u00eda y gobierno, para sacar adelante a nuestro pa\u00eds.<\/p>\n<p>&nbsp;<\/p>\n<p>\u201cMe da coraje que digan que se puede vivir con un par de tenis y con 200 pesos en la cartera lo cual es completamente falso. Lo que necesitamos es un M\u00e9xico productivo, en donde los j\u00f3venes aspiren a m\u00e1s y eso est\u00e1 en sus manos, en la educaci\u00f3n\u201d, puntualiz\u00f3.<\/p>\n<p>&nbsp;<\/p>\n<p>Como parte de esta reuni\u00f3n con los y las profesoras, el senador Enrique Vargas escuch\u00f3 las necesidades y problem\u00e1ticas que enfrentan algunas instalaciones educativas, lo cual ser\u00e1 revisado para ir apoyando hasta donde sea posible; as\u00ed mismo los docentes reconocieron el apoyo que el gobierno municipal de Huixquilucan, que encabeza Romina Contreras, da a las escuelas.<\/p>\n<p>&nbsp;<\/p>\n","protected":false},"excerpt":{"rendered":"<p>Reuni\u00f3n con supervisores escolares \u00a0 &nbsp; Huixquilucan, M\u00e9x.- Al reunirse con las y los supervisores escolares de este municipio, el senador Enrique Vargas del Villar hizo un reconocimiento al trabajo que realizan en favor de las ni\u00f1as, ni\u00f1os y adolescentes, porque hoy lo que necesita M\u00e9xico son j\u00f3venes preparados para hacer frente al mundo globalizado. [&hellip;]<\/p>\n","protected":false},"author":14,"featured_media":689855,"comment_status":"open","ping_status":"open","sticky":false,"template":"","format":"standard","meta":{"_monsterinsights_skip_tracking":false,"_monsterinsights_sitenote_active":false,"_monsterinsights_sitenote_note":"","_monsterinsights_sitenote_category":0,"footnotes":""},"categories":[5],"tags":[],"class_list":["post-689854","post","type-post","status-publish","format-standard","has-post-thumbnail","hentry","category-estado-de-mexico"],"_links":{"self":[{"href":"https:\/\/www.diarioimagen.net\/index.php?rest_route=\/wp\/v2\/posts\/689854","targetHints":{"allow":["GET"]}}],"collection":[{"href":"https:\/\/www.diarioimagen.net\/index.php?rest_route=\/wp\/v2\/posts"}],"about":[{"href":"https:\/\/www.diarioimagen.net\/index.php?rest_route=\/wp\/v2\/types\/post"}],"author":[{"embeddable":true,"href":"https:\/\/www.diarioimagen.net\/index.php?rest_route=\/wp\/v2\/users\/14"}],"replies":[{"embeddable":true,"href":"https:\/\/www.diarioimagen.net\/index.php?rest_route=%2Fwp%2Fv2%2Fcomments&post=689854"}],"version-history":[{"count":1,"href":"https:\/\/www.diarioimagen.net\/index.php?rest_route=\/wp\/v2\/posts\/689854\/revisions"}],"predecessor-version":[{"id":689856,"href":"https:\/\/www.diarioimagen.net\/index.php?rest_route=\/wp\/v2\/posts\/689854\/revisions\/689856"}],"wp:featuredmedia":[{"embeddable":true,"href":"https:\/\/www.diarioimagen.net\/index.php?rest_route=\/wp\/v2\/media\/689855"}],"wp:attachment":[{"href":"https:\/\/www.diarioimagen.net\/index.php?rest_route=%2Fwp%2Fv2%2Fmedia&parent=689854"}],"wp:term":[{"taxonomy":"category","embeddable":true,"href":"https:\/\/www.diarioimagen.net\/index.php?rest_route=%2Fwp%2Fv2%2Fcategories&post=689854"},{"taxonomy":"post_tag","embeddable":true,"href":"https:\/\/www.diarioimagen.net\/index.php?rest_route=%2Fwp%2Fv2%2Ftags&post=689854"}],"curies":[{"name":"wp","href":"https:\/\/api.w.org\/{rel}","templated":true}]}}