{"id":689863,"date":"2025-10-22T20:17:23","date_gmt":"2025-10-23T02:17:23","guid":{"rendered":"https:\/\/www.diarioimagen.net\/?p=689863"},"modified":"2025-10-22T20:17:23","modified_gmt":"2025-10-23T02:17:23","slug":"el-esparcimiento-debe-ser-un-derecho-no-privilegio-eso-es-colibri-viajero-alejandra-frausto","status":"publish","type":"post","link":"https:\/\/www.diarioimagen.net\/?p=689863","title":{"rendered":"El esparcimiento debe ser  un derecho, no privilegio; eso es  Colibr\u00ed viajero: Alejandra Frausto"},"content":{"rendered":"<ul>\n<li><strong>Banderazo de salida a ese programa<\/strong><\/li>\n<\/ul>\n<p>&nbsp;<\/p>\n<div id=\"attachment_689864\" style=\"width: 415px\" class=\"wp-caption alignnone\"><img loading=\"lazy\" decoding=\"async\" aria-describedby=\"caption-attachment-689864\" class=\"wp-image-689864 size-large\" src=\"https:\/\/www.diarioimagen.net\/wp-content\/uploads\/2025\/10\/TURISMO-CDMX-ok-405x270.jpg\" alt=\"\" width=\"405\" height=\"270\" srcset=\"https:\/\/www.diarioimagen.net\/wp-content\/uploads\/2025\/10\/TURISMO-CDMX-ok-405x270.jpg 405w, https:\/\/www.diarioimagen.net\/wp-content\/uploads\/2025\/10\/TURISMO-CDMX-ok-240x160.jpg 240w, https:\/\/www.diarioimagen.net\/wp-content\/uploads\/2025\/10\/TURISMO-CDMX-ok-768x511.jpg 768w, https:\/\/www.diarioimagen.net\/wp-content\/uploads\/2025\/10\/TURISMO-CDMX-ok.jpg 1500w\" sizes=\"auto, (max-width: 405px) 100vw, 405px\" \/><p id=\"caption-attachment-689864\" class=\"wp-caption-text\">Alejandra Frausto Guerrero, dio el banderazo de salida a cinco autobuses tur\u00edsticos en los que viajaron 120 personas\u00a0 al Puerto de Acapulco, Guerrero, dentro del programa Colibr\u00ed viajero.<\/p><\/div>\n<p>&nbsp;<\/p>\n<p>La Secretaria de Turismo de la Ciudad de M\u00e9xico, Alejandra Frausto Guerrero, dio el banderazo de salida a cinco autobuses tur\u00edsticos en los que viajaron 120 personas \u2013ni\u00f1os, adultos mayores, 80 con discapacidad m\u00e1s los cuidadores de estos \u00faltimos- al Puerto de Acapulco, Guerrero, a fin de que disfruten de tres d\u00edas y dos noches en las paradisiacas playas de ese emblem\u00e1tico destino, uno de los m\u00e1s importantes para viajeros de M\u00e9xico y de todo el mundo.<\/p>\n<p>&nbsp;<\/p>\n<p>Reunidos en el Parque M\u00e9xico, la funcionaria del gobierno capitalino dio continuidad a la acci\u00f3n de gobierno <em>Colibr\u00ed Viajero<\/em>, en sus modalidades<em> Colibr\u00ed al Mar y Colibr\u00ed de Plata<\/em>, dirigido a personas de la Tercera Edad que con discapacidad, todos mayores de 65 y en condici\u00f3n de vulnerabilidad econ\u00f3mica, algunos de los cuales, a su edad, por primera vez tendr\u00e1n contacto con las playas, el mar y sitios tradicionales de recreaci\u00f3n, como La Quebrada, en donde presenciar\u00e1n el espect\u00e1culo de los clavadistas preparado exclusivamente para ellos.<\/p>\n<p>&nbsp;<\/p>\n<p>\u201cPor esto hemos luchado: porque el gozo y el esparcimiento tienen que ser un derecho, no el privilegio de unas cuantas personas que tengan dinero. Para todas, para todos, de eso se trata el <em>Colibr\u00ed Viajero\u201d<\/em>, dijo la funcionaria a los beneficiarios, minutos antes de que abordaran los autobuses . Les asegur\u00f3 tambi\u00e9n que viajar\u00e1n muy cuidados, con el equipo m\u00e1s profesional y generoso que existe, que es el equipo de <em>Colibr\u00ed Viajero.<\/em><\/p>\n<p>&nbsp;<\/p>\n<p>Con la representaci\u00f3n de la Jefa de Gobierno de la CDMX, Clara Brugada, de quien les transmiti\u00f3 un saludo, la Secretaria Frausto Guerrero expres\u00f3: \u201cEl Colibr\u00ed de Plata es un gesto de agradecimiento a todos ustedes que han dado todo en esta vida: mucho trabajo, mucho cuidado. \u00a1Cu\u00e1ntas horas y d\u00edas de su vida han dedicado a cuidar a otros, las mujeres que est\u00e1n aqu\u00ed y que, ahora, van a viajar! Una condici\u00f3n de discapacidad, no marca la vida: da alas para volar de una manera distinta\u201d, les dijo tambi\u00e9n.<\/p>\n<p>&nbsp;<\/p>\n<p>Hizo notar que \u201ceste programa representa lo mejor de nuestra ciudad: una capital solidaria, que cuida y que reconoce a quienes han construido su historia. Con cada viaje, sembramos alegr\u00eda, v\u00ednculos, memorias, y reforzamos el sentido de comunidad\u201d, a\u00f1adi\u00f3.<\/p>\n<p>&nbsp;<\/p>\n<p>La funcionaria habl\u00f3 as\u00ed a los beneficiarios de este programa, quienes dispondr\u00e1n enteramente gratis de alojamiento en un hotel de categor\u00eda tur\u00edstica; desayunos y comidas, en restaurantes del propio hotel y en otros fuera de \u00e9ste, as\u00ed como traslados a sitios de recreo, asistencia m\u00e9dica y, al final, el retorno a la capital del pa\u00eds.<\/p>\n<p>&nbsp;<\/p>\n<p>Con acciones as\u00ed, se pretende fomentar la participaci\u00f3n social a trav\u00e9s de la cultura, el esparcimiento y la recreaci\u00f3n, que permitan la igualdad entre las personas y la aproximaci\u00f3n a los espacios del Patrimonio Tur\u00edstico para hacer de \u00e9sta una actividad equitativa, con servicios de calidad, accesibles y sin discriminaci\u00f3n, en la que se aprecien la historia, la cultura, las tradiciones y que el turismo sea visto como un derecho, y no un privilegio, de los habitantes de esta ciudad.<\/p>\n<p>&nbsp;<\/p>\n<p>\u201cEstamos muy felices porque hoy se van al puerto de Acapulco, a este lugar fascinante. Y son grupos muy especiales. Personas que han trabajado toda su vida y que no hab\u00edan conocido el mar. Tenemos a un grupo de ni\u00f1os con discapacidad, con neuro divergencias, con par\u00e1lisis cerebral que vienen con sus cuidadores. Y nosotros lo m\u00ednimo que podemos hacer es que tengan un momento de gozo, les sirve much\u00edsimo\u201d, dijo en entrevista la funcionaria.<\/p>\n<p>&nbsp;<\/p>\n<p>\u201cSocializan, descubren el mundo, sienten la naturaleza; sabemos que la naturaleza ayuda a sanar. Viajan en autobuses de primera. Y gracias a la Jefa de Gobierno que hizo que Colibr\u00ed se convirtiera en Colibr\u00ed al Mar y Colibr\u00ed de Plata, la crecieron las alas y ahora estamos viendo muchas historias de felicidad\u201d, coment\u00f3 por \u00faltimo.<\/p>\n<p>&nbsp;<\/p>\n<p>&nbsp;<\/p>\n<p>&nbsp;<\/p>\n","protected":false},"excerpt":{"rendered":"<p>Banderazo de salida a ese programa &nbsp; &nbsp; La Secretaria de Turismo de la Ciudad de M\u00e9xico, Alejandra Frausto Guerrero, dio el banderazo de salida a cinco autobuses tur\u00edsticos en los que viajaron 120 personas \u2013ni\u00f1os, adultos mayores, 80 con discapacidad m\u00e1s los cuidadores de estos \u00faltimos- al Puerto de Acapulco, Guerrero, a fin de [&hellip;]<\/p>\n","protected":false},"author":14,"featured_media":689864,"comment_status":"open","ping_status":"open","sticky":false,"template":"","format":"standard","meta":{"_monsterinsights_skip_tracking":false,"_monsterinsights_sitenote_active":false,"_monsterinsights_sitenote_note":"","_monsterinsights_sitenote_category":0,"footnotes":""},"categories":[6],"tags":[],"class_list":["post-689863","post","type-post","status-publish","format-standard","has-post-thumbnail","hentry","category-cd-de-mexico"],"_links":{"self":[{"href":"https:\/\/www.diarioimagen.net\/index.php?rest_route=\/wp\/v2\/posts\/689863","targetHints":{"allow":["GET"]}}],"collection":[{"href":"https:\/\/www.diarioimagen.net\/index.php?rest_route=\/wp\/v2\/posts"}],"about":[{"href":"https:\/\/www.diarioimagen.net\/index.php?rest_route=\/wp\/v2\/types\/post"}],"author":[{"embeddable":true,"href":"https:\/\/www.diarioimagen.net\/index.php?rest_route=\/wp\/v2\/users\/14"}],"replies":[{"embeddable":true,"href":"https:\/\/www.diarioimagen.net\/index.php?rest_route=%2Fwp%2Fv2%2Fcomments&post=689863"}],"version-history":[{"count":1,"href":"https:\/\/www.diarioimagen.net\/index.php?rest_route=\/wp\/v2\/posts\/689863\/revisions"}],"predecessor-version":[{"id":689866,"href":"https:\/\/www.diarioimagen.net\/index.php?rest_route=\/wp\/v2\/posts\/689863\/revisions\/689866"}],"wp:featuredmedia":[{"embeddable":true,"href":"https:\/\/www.diarioimagen.net\/index.php?rest_route=\/wp\/v2\/media\/689864"}],"wp:attachment":[{"href":"https:\/\/www.diarioimagen.net\/index.php?rest_route=%2Fwp%2Fv2%2Fmedia&parent=689863"}],"wp:term":[{"taxonomy":"category","embeddable":true,"href":"https:\/\/www.diarioimagen.net\/index.php?rest_route=%2Fwp%2Fv2%2Fcategories&post=689863"},{"taxonomy":"post_tag","embeddable":true,"href":"https:\/\/www.diarioimagen.net\/index.php?rest_route=%2Fwp%2Fv2%2Ftags&post=689863"}],"curies":[{"name":"wp","href":"https:\/\/api.w.org\/{rel}","templated":true}]}}