{"id":689907,"date":"2025-10-22T20:26:48","date_gmt":"2025-10-23T02:26:48","guid":{"rendered":"https:\/\/www.diarioimagen.net\/?p=689907"},"modified":"2025-10-22T20:26:48","modified_gmt":"2025-10-23T02:26:48","slug":"oportunidades-de-empleo-a-474-mexiquenses-de-la-zona-oriente","status":"publish","type":"post","link":"https:\/\/www.diarioimagen.net\/?p=689907","title":{"rendered":"Oportunidades de empleo a 474 mexiquenses de la zona oriente"},"content":{"rendered":"<ul>\n<li><strong>Programa \u201cMujeres al Volante\u201d <\/strong><\/li>\n<\/ul>\n<div id=\"attachment_689908\" style=\"width: 415px\" class=\"wp-caption alignnone\"><img loading=\"lazy\" decoding=\"async\" aria-describedby=\"caption-attachment-689908\" class=\"wp-image-689908 size-large\" src=\"https:\/\/www.diarioimagen.net\/wp-content\/uploads\/2025\/10\/EDOMEX-2-ok-11-405x270.jpg\" alt=\"\" width=\"405\" height=\"270\" srcset=\"https:\/\/www.diarioimagen.net\/wp-content\/uploads\/2025\/10\/EDOMEX-2-ok-11-405x270.jpg 405w, https:\/\/www.diarioimagen.net\/wp-content\/uploads\/2025\/10\/EDOMEX-2-ok-11-240x160.jpg 240w, https:\/\/www.diarioimagen.net\/wp-content\/uploads\/2025\/10\/EDOMEX-2-ok-11-768x513.jpg 768w, https:\/\/www.diarioimagen.net\/wp-content\/uploads\/2025\/10\/EDOMEX-2-ok-11.jpg 1500w\" sizes=\"auto, (max-width: 405px) 100vw, 405px\" \/><p id=\"caption-attachment-689908\" class=\"wp-caption-text\">En la octava edici\u00f3n del curso \u201cMujeres al Volante\u201d, realizada en Texcoco, se graduaron 52 mujeres, principalmente amas de casa, que ahora tienen la posibilidad de sumarse al mercado laboral.<\/p><\/div>\n<p>&nbsp;<\/p>\n<p>&nbsp;<\/p>\n<p>&nbsp;<\/p>\n<p>&nbsp;<\/p>\n<p>Texcoco, Estado de M\u00e9xico.\u2013 A trav\u00e9s del programa \u201cMujeres al Volante\u201d, que promueve la Gobernadora Delfina G\u00f3mez \u00c1lvarez, se ha capacitado y certificado como operadoras de transporte p\u00fablico concesionado a 474 mujeres de la zona oriente del Estado de M\u00e9xico.<\/p>\n<p>En la octava edici\u00f3n del curso, realizada en Texcoco, se graduaron 52 mujeres, principalmente amas de casa, que ahora tienen la posibilidad de sumarse al mercado laboral en un \u00e1rea que les brinda autonom\u00eda econ\u00f3mica y les permite elevar su nivel de vida.<\/p>\n<p>Con dicha acci\u00f3n, se fortalece la equidad de g\u00e9nero, se mejora la calidad del servicio de transporte p\u00fablico y se impulsa la transformaci\u00f3n de la movilidad.<\/p>\n<p>Durante el evento, Daniel Sibaja Gonz\u00e1lez, Secretario de Movilidad, dijo que las egresadas se convierten en sujetos activos de la econom\u00eda, al conseguir conocimientos y una licencia de conducir que les permite desempe\u00f1ar una labor remunerada y digna.<\/p>\n<p>Asegur\u00f3 que el compromiso es construir un transporte p\u00fablico m\u00e1s seguro, incluyente, de calidad y eficiente, donde todas y todos los mexiquenses se sientan integrados.<\/p>\n<p>Por su parte, Sergio Garc\u00eda Romero, Director General de Movilidad Zona III, inform\u00f3 que la pr\u00f3xima generaci\u00f3n de \u201cMujeres al Volante\u201d, estar\u00e1 enfocada a la capacitaci\u00f3n del servicio de veh\u00edculos de salvamento y arrastre, en el oriente de la entidad.<\/p>\n<p>&nbsp;<\/p>\n<p>&nbsp;<\/p>\n","protected":false},"excerpt":{"rendered":"<p>Programa \u201cMujeres al Volante\u201d &nbsp; &nbsp; &nbsp; &nbsp; Texcoco, Estado de M\u00e9xico.\u2013 A trav\u00e9s del programa \u201cMujeres al Volante\u201d, que promueve la Gobernadora Delfina G\u00f3mez \u00c1lvarez, se ha capacitado y certificado como operadoras de transporte p\u00fablico concesionado a 474 mujeres de la zona oriente del Estado de M\u00e9xico. En la octava edici\u00f3n del curso, realizada [&hellip;]<\/p>\n","protected":false},"author":14,"featured_media":689908,"comment_status":"open","ping_status":"open","sticky":false,"template":"","format":"standard","meta":{"_monsterinsights_skip_tracking":false,"_monsterinsights_sitenote_active":false,"_monsterinsights_sitenote_note":"","_monsterinsights_sitenote_category":0,"footnotes":""},"categories":[5],"tags":[],"class_list":["post-689907","post","type-post","status-publish","format-standard","has-post-thumbnail","hentry","category-estado-de-mexico"],"_links":{"self":[{"href":"https:\/\/www.diarioimagen.net\/index.php?rest_route=\/wp\/v2\/posts\/689907","targetHints":{"allow":["GET"]}}],"collection":[{"href":"https:\/\/www.diarioimagen.net\/index.php?rest_route=\/wp\/v2\/posts"}],"about":[{"href":"https:\/\/www.diarioimagen.net\/index.php?rest_route=\/wp\/v2\/types\/post"}],"author":[{"embeddable":true,"href":"https:\/\/www.diarioimagen.net\/index.php?rest_route=\/wp\/v2\/users\/14"}],"replies":[{"embeddable":true,"href":"https:\/\/www.diarioimagen.net\/index.php?rest_route=%2Fwp%2Fv2%2Fcomments&post=689907"}],"version-history":[{"count":1,"href":"https:\/\/www.diarioimagen.net\/index.php?rest_route=\/wp\/v2\/posts\/689907\/revisions"}],"predecessor-version":[{"id":689909,"href":"https:\/\/www.diarioimagen.net\/index.php?rest_route=\/wp\/v2\/posts\/689907\/revisions\/689909"}],"wp:featuredmedia":[{"embeddable":true,"href":"https:\/\/www.diarioimagen.net\/index.php?rest_route=\/wp\/v2\/media\/689908"}],"wp:attachment":[{"href":"https:\/\/www.diarioimagen.net\/index.php?rest_route=%2Fwp%2Fv2%2Fmedia&parent=689907"}],"wp:term":[{"taxonomy":"category","embeddable":true,"href":"https:\/\/www.diarioimagen.net\/index.php?rest_route=%2Fwp%2Fv2%2Fcategories&post=689907"},{"taxonomy":"post_tag","embeddable":true,"href":"https:\/\/www.diarioimagen.net\/index.php?rest_route=%2Fwp%2Fv2%2Ftags&post=689907"}],"curies":[{"name":"wp","href":"https:\/\/api.w.org\/{rel}","templated":true}]}}