{"id":689948,"date":"2025-10-22T20:53:19","date_gmt":"2025-10-23T02:53:19","guid":{"rendered":"https:\/\/www.diarioimagen.net\/?p=689948"},"modified":"2025-10-22T20:56:43","modified_gmt":"2025-10-23T02:56:43","slug":"lanza-uaemex-consulta-sobre-edificio-historico-de-rectoria","status":"publish","type":"post","link":"https:\/\/www.diarioimagen.net\/?p=689948","title":{"rendered":"Lanza UAEM\u00e9x consulta sobre Edificio Hist\u00f3rico de Rector\u00eda"},"content":{"rendered":"<p><img loading=\"lazy\" decoding=\"async\" class=\"alignnone wp-image-689951 size-large\" src=\"https:\/\/www.diarioimagen.net\/wp-content\/uploads\/2025\/10\/UAEM-2-180x270.jpeg\" alt=\"\" width=\"180\" height=\"270\" srcset=\"https:\/\/www.diarioimagen.net\/wp-content\/uploads\/2025\/10\/UAEM-2-180x270.jpeg 180w, https:\/\/www.diarioimagen.net\/wp-content\/uploads\/2025\/10\/UAEM-2-160x240.jpeg 160w, https:\/\/www.diarioimagen.net\/wp-content\/uploads\/2025\/10\/UAEM-2-768x1152.jpeg 768w, https:\/\/www.diarioimagen.net\/wp-content\/uploads\/2025\/10\/UAEM-2-1024x1536.jpeg 1024w, https:\/\/www.diarioimagen.net\/wp-content\/uploads\/2025\/10\/UAEM-2-1366x2048.jpeg 1366w, https:\/\/www.diarioimagen.net\/wp-content\/uploads\/2025\/10\/UAEM-2-scaled.jpeg 1707w\" sizes=\"auto, (max-width: 180px) 100vw, 180px\" \/><\/p>\n<p>&nbsp;<\/p>\n<p>Toluca, M\u00e9x.- Pr\u00f3ximo a cumplir 200 a\u00f1os de existencia, el Edificio Hist\u00f3rico de Rector\u00eda, construido en el siglo XIX, ha sido testigo de momentos clave en la historia educativa y social del Estado de M\u00e9xico. Desde su interior, se han trazado rutas acad\u00e9micas, cient\u00edficas y culturales que han contribuido al desarrollo de generaciones de estudiantes y al fortalecimiento no s\u00f3lo de la comunidad universitaria, sino del tejido social en la entidad.<\/p>\n<p>M\u00e1s all\u00e1 de sus funciones administrativas, representa un punto de convergencia entre la historia y el porvenir. Es s\u00edmbolo de la autonom\u00eda universitaria, de la defensa de la educaci\u00f3n p\u00fablica y del compromiso de la UAEM\u00e9x con el pensamiento cr\u00edtico, la cultura y el servicio a la sociedad.<\/p>\n<p>Es en este contexto, que la UAEM\u00e9x reafirma su compromiso con la excelencia educativa, la responsabilidad social y la defensa de su legado hist\u00f3rico, invitando a la comunidad universitaria a sumarse a una consulta, cuyo objetivo es definir de manera colectiva el rumbo de las acciones que dar\u00e1n un car\u00e1cter m\u00e1s abierto e incluyente a este espacio.<\/p>\n<p>La consulta estar\u00e1 disponible para la comunidad universitaria, del martes 21 al lunes 27 de octubre en el sitio https:\/\/consulta.uaemex.mx\/.<\/p>\n<p>Honrando la memoria colectiva, reforzando la identidad y con el objetivo de construir una universidad que mantenga firmes sus ra\u00edces mientras avanza hacia los retos del futuro, la Universidad Aut\u00f3noma del Estado de M\u00e9xico (UAEM\u00e9x) reconoce y reafirma el valor simb\u00f3lico, cultural e hist\u00f3rico del Edificio Central de Rector\u00eda, e invita a su comunidad a sumarse a este ejercicio abierto y participativo en torno a un espacio que al pertenecerle a toda su comunidad, constituye un patrimonio compartido.<\/p>\n<p>&nbsp;<\/p>\n<p>&nbsp;<\/p>\n","protected":false},"excerpt":{"rendered":"<p>&nbsp; Toluca, M\u00e9x.- Pr\u00f3ximo a cumplir 200 a\u00f1os de existencia, el Edificio Hist\u00f3rico de Rector\u00eda, construido en el siglo XIX, ha sido testigo de momentos clave en la historia educativa y social del Estado de M\u00e9xico. Desde su interior, se han trazado rutas acad\u00e9micas, cient\u00edficas y culturales que han contribuido al desarrollo de generaciones de [&hellip;]<\/p>\n","protected":false},"author":14,"featured_media":689951,"comment_status":"open","ping_status":"open","sticky":false,"template":"","format":"standard","meta":{"_monsterinsights_skip_tracking":false,"_monsterinsights_sitenote_active":false,"_monsterinsights_sitenote_note":"","_monsterinsights_sitenote_category":0,"footnotes":""},"categories":[16,5],"tags":[],"class_list":["post-689948","post","type-post","status-publish","format-standard","has-post-thumbnail","hentry","category-destacadas","category-estado-de-mexico"],"_links":{"self":[{"href":"https:\/\/www.diarioimagen.net\/index.php?rest_route=\/wp\/v2\/posts\/689948","targetHints":{"allow":["GET"]}}],"collection":[{"href":"https:\/\/www.diarioimagen.net\/index.php?rest_route=\/wp\/v2\/posts"}],"about":[{"href":"https:\/\/www.diarioimagen.net\/index.php?rest_route=\/wp\/v2\/types\/post"}],"author":[{"embeddable":true,"href":"https:\/\/www.diarioimagen.net\/index.php?rest_route=\/wp\/v2\/users\/14"}],"replies":[{"embeddable":true,"href":"https:\/\/www.diarioimagen.net\/index.php?rest_route=%2Fwp%2Fv2%2Fcomments&post=689948"}],"version-history":[{"count":2,"href":"https:\/\/www.diarioimagen.net\/index.php?rest_route=\/wp\/v2\/posts\/689948\/revisions"}],"predecessor-version":[{"id":689952,"href":"https:\/\/www.diarioimagen.net\/index.php?rest_route=\/wp\/v2\/posts\/689948\/revisions\/689952"}],"wp:featuredmedia":[{"embeddable":true,"href":"https:\/\/www.diarioimagen.net\/index.php?rest_route=\/wp\/v2\/media\/689951"}],"wp:attachment":[{"href":"https:\/\/www.diarioimagen.net\/index.php?rest_route=%2Fwp%2Fv2%2Fmedia&parent=689948"}],"wp:term":[{"taxonomy":"category","embeddable":true,"href":"https:\/\/www.diarioimagen.net\/index.php?rest_route=%2Fwp%2Fv2%2Fcategories&post=689948"},{"taxonomy":"post_tag","embeddable":true,"href":"https:\/\/www.diarioimagen.net\/index.php?rest_route=%2Fwp%2Fv2%2Ftags&post=689948"}],"curies":[{"name":"wp","href":"https:\/\/api.w.org\/{rel}","templated":true}]}}