{"id":690058,"date":"2025-10-23T19:01:22","date_gmt":"2025-10-24T01:01:22","guid":{"rendered":"https:\/\/www.diarioimagen.net\/?p=690058"},"modified":"2025-10-23T19:01:22","modified_gmt":"2025-10-24T01:01:22","slug":"garantiza-el-organismo-de-agua-de-tlalnepantla-un-suministro-regular","status":"publish","type":"post","link":"https:\/\/www.diarioimagen.net\/?p=690058","title":{"rendered":"Garantiza el organismo de agua de  Tlalnepantla un suministro regular"},"content":{"rendered":"<ul>\n<li><strong>Plan de acci\u00f3n emergente ante fuga<\/strong><\/li>\n<\/ul>\n<p><strong>\u00a0<\/strong><\/p>\n<div id=\"attachment_690059\" style=\"width: 415px\" class=\"wp-caption alignnone\"><img loading=\"lazy\" decoding=\"async\" aria-describedby=\"caption-attachment-690059\" class=\"wp-image-690059 size-large\" src=\"https:\/\/www.diarioimagen.net\/wp-content\/uploads\/2025\/10\/BAENA-3-ok-15-405x270.jpg\" alt=\"\" width=\"405\" height=\"270\" srcset=\"https:\/\/www.diarioimagen.net\/wp-content\/uploads\/2025\/10\/BAENA-3-ok-15-405x270.jpg 405w, https:\/\/www.diarioimagen.net\/wp-content\/uploads\/2025\/10\/BAENA-3-ok-15-240x160.jpg 240w, https:\/\/www.diarioimagen.net\/wp-content\/uploads\/2025\/10\/BAENA-3-ok-15-768x513.jpg 768w, https:\/\/www.diarioimagen.net\/wp-content\/uploads\/2025\/10\/BAENA-3-ok-15.jpg 1500w\" sizes=\"auto, (max-width: 405px) 100vw, 405px\" \/><p id=\"caption-attachment-690059\" class=\"wp-caption-text\">El organismo de agua de Tlalnepantla implement\u00f3 un plan de acci\u00f3n emergente con el objetivo de disminuir al m\u00e1ximo el impacto del desabasto en la poblaci\u00f3n.<\/p><\/div>\n<p><strong>\u00a0<\/strong><\/p>\n<p>&nbsp;<\/p>\n<p>Tlalnepantla. M\u00e9x.- La fuga registrada en el Ramal Teoloyucan\u2013Cuautitl\u00e1n, a la altura de Tizayuca, el organismo de agua municipal, implement\u00f3 de manera inmediata un plan de acci\u00f3n emergente con el objetivo de disminuir al m\u00e1ximo el impacto del desabasto en la poblaci\u00f3n, a trav\u00e9s del abastecimiento de agua mediante autotanques (pipas).<\/p>\n<p>&nbsp;<\/p>\n<p>El Organismo de Cuenca Aguas del Valle de M\u00e9xico (OCAVM), dependiente de la Conagua, inform\u00f3 -por medio de la Comisi\u00f3n del Agua del Estado de M\u00e9xico (CAEM)- sobre la suspensi\u00f3n temporal del suministro de agua potable en la l\u00ednea principal del Ramal Teoloyucan\u2013Cuautitl\u00e1n, afectando de manera directa a los Tanques Maestros Tlayapa, Tenayo y Tlalnemex.<\/p>\n<p>&nbsp;<\/p>\n<p>El director general del OPDM Tlalnepantla, Alberto Vald\u00e9s Rodr\u00edguez, explic\u00f3 que esta contingencia provoc\u00f3 una reducci\u00f3n de hasta 600 litros de agua por segundo, lo que impact\u00f3 a m\u00e1s de 300 mil habitantes de diversas colonias del municipio.<\/p>\n<p>&nbsp;<\/p>\n<p>En respuesta y con el firme compromiso de atender a la ciudadan\u00eda, el OPDM ha redoblado esfuerzos log\u00edsticos y operativos para garantizar el acceso al vital l\u00edquido. A trav\u00e9s de la Coordinaci\u00f3n de Atenci\u00f3n Ciudadana, se han distribuido m\u00e1s de 2,800,000 litros de agua potable en pipas, atendiendo de manera prioritaria a las m\u00e1s de 50 colonias afectadas.<\/p>\n<p>&nbsp;<\/p>\n<p>Aunque la fuga ya fue reparada, el organismo contin\u00faa trabajando de forma coordinada con la Conagua y la CAEM para ampliar las horas de tandeo que recibe el municipio. Gracias a estas gestiones, algunas zonas bajas ya cuentan con servicio en la red hidr\u00e1ulica; sin embargo, se requiere de mayor tiempo para restablecer el suministro por completo en las zonas altas.<\/p>\n<p>&nbsp;<\/p>\n<p><strong>\u00a0<\/strong><\/p>\n","protected":false},"excerpt":{"rendered":"<p>Plan de acci\u00f3n emergente ante fuga \u00a0 \u00a0 &nbsp; Tlalnepantla. M\u00e9x.- La fuga registrada en el Ramal Teoloyucan\u2013Cuautitl\u00e1n, a la altura de Tizayuca, el organismo de agua municipal, implement\u00f3 de manera inmediata un plan de acci\u00f3n emergente con el objetivo de disminuir al m\u00e1ximo el impacto del desabasto en la poblaci\u00f3n, a trav\u00e9s del abastecimiento [&hellip;]<\/p>\n","protected":false},"author":14,"featured_media":690059,"comment_status":"open","ping_status":"open","sticky":false,"template":"","format":"standard","meta":{"_monsterinsights_skip_tracking":false,"_monsterinsights_sitenote_active":false,"_monsterinsights_sitenote_note":"","_monsterinsights_sitenote_category":0,"footnotes":""},"categories":[5],"tags":[],"class_list":["post-690058","post","type-post","status-publish","format-standard","has-post-thumbnail","hentry","category-estado-de-mexico"],"_links":{"self":[{"href":"https:\/\/www.diarioimagen.net\/index.php?rest_route=\/wp\/v2\/posts\/690058","targetHints":{"allow":["GET"]}}],"collection":[{"href":"https:\/\/www.diarioimagen.net\/index.php?rest_route=\/wp\/v2\/posts"}],"about":[{"href":"https:\/\/www.diarioimagen.net\/index.php?rest_route=\/wp\/v2\/types\/post"}],"author":[{"embeddable":true,"href":"https:\/\/www.diarioimagen.net\/index.php?rest_route=\/wp\/v2\/users\/14"}],"replies":[{"embeddable":true,"href":"https:\/\/www.diarioimagen.net\/index.php?rest_route=%2Fwp%2Fv2%2Fcomments&post=690058"}],"version-history":[{"count":1,"href":"https:\/\/www.diarioimagen.net\/index.php?rest_route=\/wp\/v2\/posts\/690058\/revisions"}],"predecessor-version":[{"id":690060,"href":"https:\/\/www.diarioimagen.net\/index.php?rest_route=\/wp\/v2\/posts\/690058\/revisions\/690060"}],"wp:featuredmedia":[{"embeddable":true,"href":"https:\/\/www.diarioimagen.net\/index.php?rest_route=\/wp\/v2\/media\/690059"}],"wp:attachment":[{"href":"https:\/\/www.diarioimagen.net\/index.php?rest_route=%2Fwp%2Fv2%2Fmedia&parent=690058"}],"wp:term":[{"taxonomy":"category","embeddable":true,"href":"https:\/\/www.diarioimagen.net\/index.php?rest_route=%2Fwp%2Fv2%2Fcategories&post=690058"},{"taxonomy":"post_tag","embeddable":true,"href":"https:\/\/www.diarioimagen.net\/index.php?rest_route=%2Fwp%2Fv2%2Ftags&post=690058"}],"curies":[{"name":"wp","href":"https:\/\/api.w.org\/{rel}","templated":true}]}}