{"id":690061,"date":"2025-10-23T19:02:45","date_gmt":"2025-10-24T01:02:45","guid":{"rendered":"https:\/\/www.diarioimagen.net\/?p=690061"},"modified":"2025-10-23T19:02:45","modified_gmt":"2025-10-24T01:02:45","slug":"reconoce-el-diputado-federal-duran-reveles-al-ejercito","status":"publish","type":"post","link":"https:\/\/www.diarioimagen.net\/?p=690061","title":{"rendered":"Reconoce el diputado federal Dur\u00e1n Reveles al Ej\u00e9rcito"},"content":{"rendered":"<p><img loading=\"lazy\" decoding=\"async\" class=\"alignnone wp-image-690062 size-large\" src=\"https:\/\/www.diarioimagen.net\/wp-content\/uploads\/2025\/10\/BAENA-4-ok-16-414x270.jpg\" alt=\"\" width=\"414\" height=\"270\" srcset=\"https:\/\/www.diarioimagen.net\/wp-content\/uploads\/2025\/10\/BAENA-4-ok-16-414x270.jpg 414w, https:\/\/www.diarioimagen.net\/wp-content\/uploads\/2025\/10\/BAENA-4-ok-16-240x156.jpg 240w, https:\/\/www.diarioimagen.net\/wp-content\/uploads\/2025\/10\/BAENA-4-ok-16-768x500.jpg 768w, https:\/\/www.diarioimagen.net\/wp-content\/uploads\/2025\/10\/BAENA-4-ok-16-1536x1001.jpg 1536w, https:\/\/www.diarioimagen.net\/wp-content\/uploads\/2025\/10\/BAENA-4-ok-16-2048x1334.jpg 2048w\" sizes=\"auto, (max-width: 414px) 100vw, 414px\" \/><\/p>\n<p>&nbsp;<\/p>\n<p>Valle de M\u00e9xico.- Jos\u00e9 Luis Dur\u00e1n Reveles, diputado Federal del PVEM, recalc\u00f3 que hoy se le rinde homenaje a una instituci\u00f3n que encarna la disciplina, el honor y el amor m\u00e1s profundo por la patria como lo es el Ej\u00e9rcito mexicano.<\/p>\n<p>\u201cEl Heroico Colegio Militar, fundado el 11 de octubre de 1823, y desde su origen esta casa de formaci\u00f3n castrense ha sido la fragua donde se templa el car\u00e1cter y el esp\u00edritu de quienes han jurado consagrar su vida al servicio de M\u00e9xico\u201d, apunt\u00f3. El legislador reiter\u00f3 que no es s\u00f3lo una escuela militar, es un templo del deber, una acci\u00f3n de convicci\u00f3n y servicio, donde se aprende que el uniforme no se ostenta, se honra, que la obediencia no se somete, se fortalece, y que la verdad no se impone, se vive con dignidad y se entiende que la patria es primero.<\/p>\n<p>Dur\u00e1n Reveles al participar en el aparatado de efem\u00e9rides en sesi\u00f3n vespertina del Congreso de la Uni\u00f3n y al hablar a nombre del GPPVEM, a\u00f1adi\u00f3 que, en sus aulas y campos de adiestramiento, generaciones de cadetes han asumido que portar el uniforme nacional es cargar con la historia.<\/p>\n<p>&nbsp;<\/p>\n<p>&nbsp;<\/p>\n<p>&nbsp;<\/p>\n<p>Asimismo, con el ejemplo y el compromiso de quienes defendieron la soberan\u00eda a costa de su propia vida.<\/p>\n<p>Enfatiz\u00f3 que el Her\u00f3ico Colegio Militar ha estado presente en los episodios m\u00e1s trascendentes de \u201cnuestra historia\u201d.<\/p>\n<p>Expuso que, en 1847 en la Defensa del Castillo de Chapultepec, sus cadetes escribieron con sangre una p\u00e1gina eterna de hero\u00edsmo, en tiempos de paz sus miembros han acompa\u00f1ado al pueblo mexicano en las tareas de auxilio, reconstrucci\u00f3n y apoyo humanitario, siempre con la misma gallard\u00eda y sentido del deber<\/p>\n","protected":false},"excerpt":{"rendered":"<p>&nbsp; Valle de M\u00e9xico.- Jos\u00e9 Luis Dur\u00e1n Reveles, diputado Federal del PVEM, recalc\u00f3 que hoy se le rinde homenaje a una instituci\u00f3n que encarna la disciplina, el honor y el amor m\u00e1s profundo por la patria como lo es el Ej\u00e9rcito mexicano. \u201cEl Heroico Colegio Militar, fundado el 11 de octubre de 1823, y desde [&hellip;]<\/p>\n","protected":false},"author":14,"featured_media":690062,"comment_status":"open","ping_status":"open","sticky":false,"template":"","format":"standard","meta":{"_monsterinsights_skip_tracking":false,"_monsterinsights_sitenote_active":false,"_monsterinsights_sitenote_note":"","_monsterinsights_sitenote_category":0,"footnotes":""},"categories":[5],"tags":[],"class_list":["post-690061","post","type-post","status-publish","format-standard","has-post-thumbnail","hentry","category-estado-de-mexico"],"_links":{"self":[{"href":"https:\/\/www.diarioimagen.net\/index.php?rest_route=\/wp\/v2\/posts\/690061","targetHints":{"allow":["GET"]}}],"collection":[{"href":"https:\/\/www.diarioimagen.net\/index.php?rest_route=\/wp\/v2\/posts"}],"about":[{"href":"https:\/\/www.diarioimagen.net\/index.php?rest_route=\/wp\/v2\/types\/post"}],"author":[{"embeddable":true,"href":"https:\/\/www.diarioimagen.net\/index.php?rest_route=\/wp\/v2\/users\/14"}],"replies":[{"embeddable":true,"href":"https:\/\/www.diarioimagen.net\/index.php?rest_route=%2Fwp%2Fv2%2Fcomments&post=690061"}],"version-history":[{"count":1,"href":"https:\/\/www.diarioimagen.net\/index.php?rest_route=\/wp\/v2\/posts\/690061\/revisions"}],"predecessor-version":[{"id":690063,"href":"https:\/\/www.diarioimagen.net\/index.php?rest_route=\/wp\/v2\/posts\/690061\/revisions\/690063"}],"wp:featuredmedia":[{"embeddable":true,"href":"https:\/\/www.diarioimagen.net\/index.php?rest_route=\/wp\/v2\/media\/690062"}],"wp:attachment":[{"href":"https:\/\/www.diarioimagen.net\/index.php?rest_route=%2Fwp%2Fv2%2Fmedia&parent=690061"}],"wp:term":[{"taxonomy":"category","embeddable":true,"href":"https:\/\/www.diarioimagen.net\/index.php?rest_route=%2Fwp%2Fv2%2Fcategories&post=690061"},{"taxonomy":"post_tag","embeddable":true,"href":"https:\/\/www.diarioimagen.net\/index.php?rest_route=%2Fwp%2Fv2%2Ftags&post=690061"}],"curies":[{"name":"wp","href":"https:\/\/api.w.org\/{rel}","templated":true}]}}