{"id":690068,"date":"2025-10-23T19:08:51","date_gmt":"2025-10-24T01:08:51","guid":{"rendered":"https:\/\/www.diarioimagen.net\/?p=690068"},"modified":"2025-10-23T19:08:51","modified_gmt":"2025-10-24T01:08:51","slug":"impulsan-una-movilidad-sustentable-para-edomex-avanza-hacia-la-electromovilidad","status":"publish","type":"post","link":"https:\/\/www.diarioimagen.net\/?p=690068","title":{"rendered":"Impulsan una movilidad sustentable para  Edomex; avanza hacia la electromovilidad"},"content":{"rendered":"<p>&nbsp;<\/p>\n<ul>\n<li><strong>Servicio eficiente, seguro y de calidad<\/strong><\/li>\n<li><strong>Se incorporan 20 modernas unidades articuladas que no emiten contaminantes<\/strong><\/li>\n<\/ul>\n<div id=\"attachment_690069\" style=\"width: 415px\" class=\"wp-caption alignnone\"><img loading=\"lazy\" decoding=\"async\" aria-describedby=\"caption-attachment-690069\" class=\"wp-image-690069 size-large\" src=\"https:\/\/www.diarioimagen.net\/wp-content\/uploads\/2025\/10\/EDOMEX-1-ok-13-405x270.jpg\" alt=\"\" width=\"405\" height=\"270\" srcset=\"https:\/\/www.diarioimagen.net\/wp-content\/uploads\/2025\/10\/EDOMEX-1-ok-13-405x270.jpg 405w, https:\/\/www.diarioimagen.net\/wp-content\/uploads\/2025\/10\/EDOMEX-1-ok-13-240x160.jpg 240w, https:\/\/www.diarioimagen.net\/wp-content\/uploads\/2025\/10\/EDOMEX-1-ok-13-768x513.jpg 768w, https:\/\/www.diarioimagen.net\/wp-content\/uploads\/2025\/10\/EDOMEX-1-ok-13.jpg 1500w\" sizes=\"auto, (max-width: 405px) 100vw, 405px\" \/><p id=\"caption-attachment-690069\" class=\"wp-caption-text\">El Estado de M\u00e9xico y avanza hacia la electromovilidad integrada con 20 modernas unidades articuladas en el Valle de M\u00e9xico.<\/p><\/div>\n<p>&nbsp;<\/p>\n<p>Tlalnepantla, Estado de M\u00e9xico.\u2013 El gobierno de Delfina G\u00f3mez \u00c1lvarez impulsa una movilidad sustentable para el Estado de M\u00e9xico y avanza hacia la electromovilidad integrada con 20 modernas unidades articuladas en el Valle de M\u00e9xico.<\/p>\n<p>Rosa Mar\u00eda Z\u00fa\u00f1iga Canales, Directora General del Sistema de Transporte Masivo y Telef\u00e9rico (SITRAMyTEM), explic\u00f3 que a principios de agosto se pusieron en operaci\u00f3n 10 de estos autobuses en el Valle de M\u00e9xico, que brindan su servicio en el corredor ecol\u00f3gico Indios Verdes-Tlalnepantla-Ecatepec-Tec\u00e1mac de la l\u00ednea IV del Mexib\u00fas.<\/p>\n<p>Coment\u00f3 que son unidades articuladas de 18 metros de longitud, totalmente el\u00e9ctricas, que tienen una capacidad para 38 pasajeros sentados y hasta 160 en total, con lo que se suma un parque vehicular de 74 autobuses que prestan el servicio a lo largo de 33.6 kil\u00f3metros.<\/p>\n<p>Estas unidades no emiten contaminantes, su desempe\u00f1o es silencioso, y tienen una autonom\u00eda de hasta 350 kil\u00f3metros por carga, lo que les permite otorgar un servicio eficiente, seguro, sustentable y de calidad.<\/p>\n<p>Este logro implic\u00f3 una inversi\u00f3n de 180 millones de pesos por parte de los transportistas, monto que incluye las unidades y los sistemas de recarga el\u00e9ctrica.<\/p>\n<p>Asimismo, Z\u00fa\u00f1iga Canales mencion\u00f3 que desde el inicio de la presente administraci\u00f3n se puso en operaci\u00f3n el primer corredor el\u00e9ctrico de servicio expr\u00e9s con 10 autobuses de 15 metros de longitud, que brindan su servicio en la L\u00ednea II del Mexib\u00fas de Las Am\u00e9ricas en Ecatepec a R\u00edo de los Remedios en la delegaci\u00f3n Gustavo A. Madero en la Ciudad de M\u00e9xico.<\/p>\n<p>Se han realizado adem\u00e1s diversas pruebas operativas en la capital del Estado, para implementar este tipo de tecnolog\u00eda en el transporte p\u00fablico concesionado, como se hizo recientemente con el primer autob\u00fas el\u00e9ctrico con tecnolog\u00eda 100 por ciento mexicana de nombre \u201cTaruk\u201d en la l\u00ednea transporte TEO en el Valle de Toluca.<\/p>\n<p>Con estas acciones, el Gobierno del Estado de M\u00e9xico impulsa la transformaci\u00f3n de la movilidad con un transporte moderno, digno, limpio y eficiente.<\/p>\n<p>&nbsp;<\/p>\n<p><strong>Avance de 50% en la construcci\u00f3n de L\u00ednea 3 de Mexicable<\/strong><\/p>\n<p>&nbsp;<\/p>\n<p>Con un avance general ejecutado de la construcci\u00f3n de la L\u00ednea 3 del Mexicable del 50 por ciento y trabajos que se realizan conforme a los tiempos establecidos, el Gobierno de la Maestra Delfina G\u00f3mez \u00c1lvarez, atiende y fortalece la movilidad en beneficio de m\u00e1s de 700 mil habitantes de la zona poniente del Valle de M\u00e9xico.<\/p>\n<p>Esta nueva l\u00ednea de transporte p\u00fablico conectar\u00e1 a las zonas de dif\u00edcil acceso y elevadas de Naucalpan con el Sistema de Transporte Colectivo Metro, en la estaci\u00f3n \u201cMexipuerto Cuatro Caminos\u201d, con lo que las y los mexiquenses de esa zona del Estado de M\u00e9xico, que fueron olvidados durante a\u00f1os y que no contaban con una movilidad digna, moderna, segura, eficiente y de calidad, reducir\u00e1n los tiempos de traslado de una hora a 30 minutos.<\/p>\n<p>&nbsp;<\/p>\n<p><strong>\u00a0<\/strong><\/p>\n<p>&nbsp;<\/p>\n<p>&nbsp;<\/p>\n","protected":false},"excerpt":{"rendered":"<p>&nbsp; Servicio eficiente, seguro y de calidad Se incorporan 20 modernas unidades articuladas que no emiten contaminantes &nbsp; Tlalnepantla, Estado de M\u00e9xico.\u2013 El gobierno de Delfina G\u00f3mez \u00c1lvarez impulsa una movilidad sustentable para el Estado de M\u00e9xico y avanza hacia la electromovilidad integrada con 20 modernas unidades articuladas en el Valle de M\u00e9xico. Rosa Mar\u00eda [&hellip;]<\/p>\n","protected":false},"author":14,"featured_media":690069,"comment_status":"open","ping_status":"open","sticky":false,"template":"","format":"standard","meta":{"_monsterinsights_skip_tracking":false,"_monsterinsights_sitenote_active":false,"_monsterinsights_sitenote_note":"","_monsterinsights_sitenote_category":0,"footnotes":""},"categories":[5],"tags":[],"class_list":["post-690068","post","type-post","status-publish","format-standard","has-post-thumbnail","hentry","category-estado-de-mexico"],"_links":{"self":[{"href":"https:\/\/www.diarioimagen.net\/index.php?rest_route=\/wp\/v2\/posts\/690068","targetHints":{"allow":["GET"]}}],"collection":[{"href":"https:\/\/www.diarioimagen.net\/index.php?rest_route=\/wp\/v2\/posts"}],"about":[{"href":"https:\/\/www.diarioimagen.net\/index.php?rest_route=\/wp\/v2\/types\/post"}],"author":[{"embeddable":true,"href":"https:\/\/www.diarioimagen.net\/index.php?rest_route=\/wp\/v2\/users\/14"}],"replies":[{"embeddable":true,"href":"https:\/\/www.diarioimagen.net\/index.php?rest_route=%2Fwp%2Fv2%2Fcomments&post=690068"}],"version-history":[{"count":1,"href":"https:\/\/www.diarioimagen.net\/index.php?rest_route=\/wp\/v2\/posts\/690068\/revisions"}],"predecessor-version":[{"id":690070,"href":"https:\/\/www.diarioimagen.net\/index.php?rest_route=\/wp\/v2\/posts\/690068\/revisions\/690070"}],"wp:featuredmedia":[{"embeddable":true,"href":"https:\/\/www.diarioimagen.net\/index.php?rest_route=\/wp\/v2\/media\/690069"}],"wp:attachment":[{"href":"https:\/\/www.diarioimagen.net\/index.php?rest_route=%2Fwp%2Fv2%2Fmedia&parent=690068"}],"wp:term":[{"taxonomy":"category","embeddable":true,"href":"https:\/\/www.diarioimagen.net\/index.php?rest_route=%2Fwp%2Fv2%2Fcategories&post=690068"},{"taxonomy":"post_tag","embeddable":true,"href":"https:\/\/www.diarioimagen.net\/index.php?rest_route=%2Fwp%2Fv2%2Ftags&post=690068"}],"curies":[{"name":"wp","href":"https:\/\/api.w.org\/{rel}","templated":true}]}}