{"id":690071,"date":"2025-10-23T19:10:04","date_gmt":"2025-10-24T01:10:04","guid":{"rendered":"https:\/\/www.diarioimagen.net\/?p=690071"},"modified":"2025-10-23T19:10:04","modified_gmt":"2025-10-24T01:10:04","slug":"rehabilita-periferico-oriente-y-avenida-central-en-nezahualcoyotl","status":"publish","type":"post","link":"https:\/\/www.diarioimagen.net\/?p=690071","title":{"rendered":"Rehabilita Perif\u00e9rico Oriente y Avenida Central en Nezahualc\u00f3yotl"},"content":{"rendered":"<ul>\n<li><strong>Inversi\u00f3n superior a los 240 mdp<\/strong><\/li>\n<\/ul>\n<p>&nbsp;<\/p>\n<div id=\"attachment_690072\" style=\"width: 421px\" class=\"wp-caption alignnone\"><img loading=\"lazy\" decoding=\"async\" aria-describedby=\"caption-attachment-690072\" class=\"wp-image-690072 size-large\" src=\"https:\/\/www.diarioimagen.net\/wp-content\/uploads\/2025\/10\/EDOMEX-2-ok-12-411x270.jpg\" alt=\"\" width=\"411\" height=\"270\" srcset=\"https:\/\/www.diarioimagen.net\/wp-content\/uploads\/2025\/10\/EDOMEX-2-ok-12-411x270.jpg 411w, https:\/\/www.diarioimagen.net\/wp-content\/uploads\/2025\/10\/EDOMEX-2-ok-12-240x158.jpg 240w, https:\/\/www.diarioimagen.net\/wp-content\/uploads\/2025\/10\/EDOMEX-2-ok-12-768x505.jpg 768w, https:\/\/www.diarioimagen.net\/wp-content\/uploads\/2025\/10\/EDOMEX-2-ok-12.jpg 1500w\" sizes=\"auto, (max-width: 411px) 100vw, 411px\" \/><p id=\"caption-attachment-690072\" class=\"wp-caption-text\">En coordinaci\u00f3n con los Gobiernos de M\u00e9xico y Nezahualc\u00f3yotl, realizan trabajos de rehabilitaci\u00f3n de Perif\u00e9rico Oriente y Avenida Central, dos de las vialidades m\u00e1s transitadas del municipio.<\/p><\/div>\n<p>&nbsp;<\/p>\n<p>&nbsp;<\/p>\n<p>Nezahualc\u00f3yotl, Estado de M\u00e9xico.\u2013 El gobierno del Estado de M\u00e9xico, en coordinaci\u00f3n con los Gobiernos de M\u00e9xico y Nezahualc\u00f3yotl, realizan trabajos de rehabilitaci\u00f3n de Perif\u00e9rico Oriente y Avenida Central, dos de las vialidades m\u00e1s transitadas del municipio.<\/p>\n<p>Estas obras del Plan Integral para el Rescate del Oriente impulsado por la Presidenta de M\u00e9xico, Claudia Sheinbaum Pardo y la Gobernadora Delfina G\u00f3mez, as\u00ed como por presidentes municipales, cuentan con una inversi\u00f3n superior a 240 millones de pesos y se prev\u00e9 que concluyan a finales de 2025.<\/p>\n<p>De acuerdo con la Junta de Caminos del Estado de M\u00e9xico, en Perif\u00e9rico Oriente ser\u00e1n rehabilitados 5.47 kil\u00f3metros, una v\u00eda clave que conecta con Bordo de Xochiaca, Avenida Central y la autopista M\u00e9xico-Puebla, beneficiando a 180 mil veh\u00edculos diarios y a m\u00e1s de 2 millones de personas de Nezahualc\u00f3yotl, La Paz y Chimalhuac\u00e1n. La intervenci\u00f3n representa una inversi\u00f3n de alrededor de 150 millones de pesos.<\/p>\n<p>La Avenida Central se encuentra en proceso de reencarpetamiento en m\u00e1s de 6 kil\u00f3metros de carriles centrales y laterales, desde Ciudad Azteca, en Ecatepec, hasta Ojo de Agua, en Tec\u00e1mac, donde circulan a diario m\u00e1s de 200 mil veh\u00edculos. Esta tiene una inversi\u00f3n superior de 94 millones de pesos.<\/p>\n<p>\u201cLos trabajos que vamos a ejecutar se dividen en dos tipos, uno que es la rehabilitaci\u00f3n de la carpeta asf\u00e1ltica que consiste en hacer un recorte de la carpeta de un espesor de 10 cent\u00edmetros. El otro procedimiento, vamos a hacer una intervenci\u00f3n a capas inferiores de la carpeta asf\u00e1ltica con la finalidad de mejorar y eliminar deformaciones\u201d, explic\u00f3 el Ingeniero Jos\u00e9 Luis L\u00f3pez L\u00f3pez, Residente Regional de la Junta de Caminos del Estado de M\u00e9xico.<\/p>\n<p>Durante a\u00f1os, ambas v\u00edas primarias permanecieron en abandono sin mantenimiento efectivo y con un alto costo para el erario.<\/p>\n<p>&nbsp;<\/p>\n<p>&nbsp;<\/p>\n<p><strong>\u00a0<\/strong><\/p>\n","protected":false},"excerpt":{"rendered":"<p>Inversi\u00f3n superior a los 240 mdp &nbsp; &nbsp; &nbsp; Nezahualc\u00f3yotl, Estado de M\u00e9xico.\u2013 El gobierno del Estado de M\u00e9xico, en coordinaci\u00f3n con los Gobiernos de M\u00e9xico y Nezahualc\u00f3yotl, realizan trabajos de rehabilitaci\u00f3n de Perif\u00e9rico Oriente y Avenida Central, dos de las vialidades m\u00e1s transitadas del municipio. Estas obras del Plan Integral para el Rescate del [&hellip;]<\/p>\n","protected":false},"author":14,"featured_media":690072,"comment_status":"open","ping_status":"open","sticky":false,"template":"","format":"standard","meta":{"_monsterinsights_skip_tracking":false,"_monsterinsights_sitenote_active":false,"_monsterinsights_sitenote_note":"","_monsterinsights_sitenote_category":0,"footnotes":""},"categories":[16,5],"tags":[],"class_list":["post-690071","post","type-post","status-publish","format-standard","has-post-thumbnail","hentry","category-destacadas","category-estado-de-mexico"],"_links":{"self":[{"href":"https:\/\/www.diarioimagen.net\/index.php?rest_route=\/wp\/v2\/posts\/690071","targetHints":{"allow":["GET"]}}],"collection":[{"href":"https:\/\/www.diarioimagen.net\/index.php?rest_route=\/wp\/v2\/posts"}],"about":[{"href":"https:\/\/www.diarioimagen.net\/index.php?rest_route=\/wp\/v2\/types\/post"}],"author":[{"embeddable":true,"href":"https:\/\/www.diarioimagen.net\/index.php?rest_route=\/wp\/v2\/users\/14"}],"replies":[{"embeddable":true,"href":"https:\/\/www.diarioimagen.net\/index.php?rest_route=%2Fwp%2Fv2%2Fcomments&post=690071"}],"version-history":[{"count":1,"href":"https:\/\/www.diarioimagen.net\/index.php?rest_route=\/wp\/v2\/posts\/690071\/revisions"}],"predecessor-version":[{"id":690073,"href":"https:\/\/www.diarioimagen.net\/index.php?rest_route=\/wp\/v2\/posts\/690071\/revisions\/690073"}],"wp:featuredmedia":[{"embeddable":true,"href":"https:\/\/www.diarioimagen.net\/index.php?rest_route=\/wp\/v2\/media\/690072"}],"wp:attachment":[{"href":"https:\/\/www.diarioimagen.net\/index.php?rest_route=%2Fwp%2Fv2%2Fmedia&parent=690071"}],"wp:term":[{"taxonomy":"category","embeddable":true,"href":"https:\/\/www.diarioimagen.net\/index.php?rest_route=%2Fwp%2Fv2%2Fcategories&post=690071"},{"taxonomy":"post_tag","embeddable":true,"href":"https:\/\/www.diarioimagen.net\/index.php?rest_route=%2Fwp%2Fv2%2Ftags&post=690071"}],"curies":[{"name":"wp","href":"https:\/\/api.w.org\/{rel}","templated":true}]}}