{"id":690115,"date":"2025-10-23T20:45:41","date_gmt":"2025-10-24T02:45:41","guid":{"rendered":"https:\/\/www.diarioimagen.net\/?p=690115"},"modified":"2025-10-23T20:45:41","modified_gmt":"2025-10-24T02:45:41","slug":"inauguran-el-pabellon-corazon-grande-en-el-hermanos-rodriguez","status":"publish","type":"post","link":"https:\/\/www.diarioimagen.net\/?p=690115","title":{"rendered":"Inauguran el pabell\u00f3n \u201cCoraz\u00f3n  Grande\u201d en el Hermanos Rodr\u00edguez"},"content":{"rendered":"<ul>\n<li><strong>CDMX, capital de los eventos deportivos m\u00e1s importantes a nivel mundial<\/strong><\/li>\n<li><strong>Clara Brugada subray\u00f3 el reconocimiento internacional a la organizaci\u00f3n del Gran Premio de la F1<\/strong><\/li>\n<\/ul>\n<div id=\"attachment_690116\" style=\"width: 415px\" class=\"wp-caption alignnone\"><img loading=\"lazy\" decoding=\"async\" aria-describedby=\"caption-attachment-690116\" class=\"wp-image-690116 size-large\" src=\"https:\/\/www.diarioimagen.net\/wp-content\/uploads\/2025\/10\/BRUGADA-1-405x270.jpg\" alt=\"\" width=\"405\" height=\"270\" srcset=\"https:\/\/www.diarioimagen.net\/wp-content\/uploads\/2025\/10\/BRUGADA-1-405x270.jpg 405w, https:\/\/www.diarioimagen.net\/wp-content\/uploads\/2025\/10\/BRUGADA-1-240x160.jpg 240w, https:\/\/www.diarioimagen.net\/wp-content\/uploads\/2025\/10\/BRUGADA-1-768x512.jpg 768w, https:\/\/www.diarioimagen.net\/wp-content\/uploads\/2025\/10\/BRUGADA-1-1536x1023.jpg 1536w, https:\/\/www.diarioimagen.net\/wp-content\/uploads\/2025\/10\/BRUGADA-1.jpg 1600w\" sizes=\"auto, (max-width: 405px) 100vw, 405px\" \/><p id=\"caption-attachment-690116\" class=\"wp-caption-text\">Clara Brugada Molina realiz\u00f3 el corte de list\u00f3n inaugural de los pabellones de la Ciudad de M\u00e9xico en la F\u00f3rmula 1 del Gran Premio de M\u00e9xico 2025, en el Aut\u00f3dromo Hermanos Rodr\u00edguez.<\/p><\/div>\n<p>&nbsp;<\/p>\n<p>La Jefa de Gobierno, Clara Brugada Molina, realiz\u00f3 el corte de list\u00f3n inaugural de los pabellones de la Ciudad de M\u00e9xico en la F\u00f3rmula 1 del Gran Premio de M\u00e9xico 2025, en el Aut\u00f3dromo Hermanos Rodr\u00edguez, un d\u00eda antes del inicio del evento, el cual celebra su d\u00e9cima edici\u00f3n.<\/p>\n<p>&nbsp;<\/p>\n<p>Durante su mensaje, la Jefa de Gobierno destac\u00f3 la capacidad log\u00edstica y de infraestructura de la capital para albergar eventos de talla mundial, enfatizando el impacto positivo del evento en la econom\u00eda local.<\/p>\n<p>&nbsp;<\/p>\n<p>\u201cEste gran premio de la Ciudad de M\u00e9xico tambi\u00e9n va a romper r\u00e9cords en turismo, en derrama econ\u00f3mica, en beneficio a la ciudad, en empleos. Se espera una ocupaci\u00f3n hotelera de casi el 90% , as\u00ed que tenemos a muchos turistas. Una derrama econ\u00f3mica que va a alcanzar los 20 mil millones de pesos en la Ciudad de M\u00e9xico, beneficiando a muchas \u00e1reas tur\u00edsticas, hoteles, restaurantes, pero tambi\u00e9n empleo\u201d, afirm\u00f3.<\/p>\n<p>&nbsp;<\/p>\n<p>La mandataria capitalina subray\u00f3 el reconocimiento internacional a la organizaci\u00f3n del Gran Premio, asegurando que la coordinaci\u00f3n con los organizadores y las autoridades locales es clave y dando la bienvenida al gran espect\u00e1culo en la capital de los eventos deportivos de talla internacional y a los casi medio mill\u00f3n de visitantes.<\/p>\n<p>&nbsp;<\/p>\n<p>\u201cPuedo decir que la ciudad es campeona en la organizaci\u00f3n y garant\u00eda de que los eventos internacionales se llevan a cabo bien y que las y los visitantes y organizadores de estos eventos tambi\u00e9n se van contentos\u201d, expres\u00f3.<\/p>\n<p>&nbsp;<\/p>\n<p>\u201cHoy es un d\u00eda muy importante para la Ciudad de M\u00e9xico, un d\u00eda antes de que empiece un gran espect\u00e1culo en esta ciudad en la capital de los eventos deportivo de talla internacional, as\u00ed que le damos la bienvenida a los casi medio mill\u00f3n de visitantes que vienen con ese entusiasmo de ver un gran evento de este deporte, que es para la poblaci\u00f3n uno de los m\u00e1s esperados aqu\u00ed, la poblaci\u00f3n est\u00e1 esperando, est\u00e1 atenta, esta motivada porque una vez m\u00e1s por d\u00e9cima ocasi\u00f3 llevamos a cabo en la ciudad este gran evento\u201d, acot\u00f3.<\/p>\n<p>&nbsp;<\/p>\n<p>&nbsp;<\/p>\n<p>Agradeci\u00f3 la labor de los organizadores por haber asegurado la continuidad del evento en la capital, a las y los funcionarios de seguridad, turismo, finanzas, protecci\u00f3n civil de su gabinete y reconoci\u00f3 a la piloto Ivana Richards, destacando que la F1 ha sido inspiraci\u00f3n para j\u00f3venes. \u201cVamos a seguir trabajando de la mano con los organizadores, con el sector privado, para asegurar, como ya se dijo aqu\u00ed, la permanencia de F\u00f3rmula 1 en los pr\u00f3ximos a\u00f1os, hasta el 2028 est\u00e1 asegurada y sabemos que va a continuar por m\u00e1s tiempo\u201d, afirm\u00f3.<\/p>\n<p>&nbsp;<\/p>\n<p>La Jefa de Gobierno invit\u00f3 a las y los visitantes a recorrer el pabell\u00f3n de la Ciudad de M\u00e9xico, un espacio que integra la riqueza hist\u00f3rica y cultural de la capital. \u201cEste a\u00f1o estamos presentando con orgullo el pabell\u00f3n Ciudad de M\u00e9xico, \u2018Coraz\u00f3n Grande\u2019. Los invitamos a visitarlo y aqu\u00ed van a tener un espacio tem\u00e1tico que muestra al mundo lo que es esta ciudad, una ciudad hospitalaria, cultural, vibrante, cosmopolita y orgullosamente mexicana\u201d.<\/p>\n<p>&nbsp;<\/p>\n<p>Detall\u00f3 que el pabell\u00f3n incluye una exposici\u00f3n marcada en los 700 a\u00f1os de la fundaci\u00f3n de M\u00e9xico-Tenochtitlan y elementos alusivos a la celebraci\u00f3n del D\u00eda de Muertos y al camino hacia el Mundial 2026.<\/p>\n<p>&nbsp;<\/p>\n<p>Para finalizar, destac\u00f3 el dispositivo de seguridad implementado para los tres d\u00edas de competencia. \u201cVan a participar 3 mil 900 polic\u00edas apoyados por m\u00e1s de 400 veh\u00edculos oficiales, quienes van a estar llevando a cabo estos trabajos de prevenci\u00f3n y de vigilancia, y le pedimos al p\u00fablico denunciar cualquier irregularidad\u201d, concluy\u00f3.<\/p>\n<p>&nbsp;<\/p>\n<p>El evento de Formula 1, Gran Premio de la Ciudad de M\u00e9xico 2025 se llevar\u00e1 a cabo desde este este vierns 24 al domingo 26 de octubre en el Aut\u00f3dromo Hermanos Rodr\u00edguez, reafirmando el papel de la capital como \u201cla capital de los eventos deportivos m\u00e1s importantes a nivel mundial\u201d.<\/p>\n<p>&nbsp;<\/p>\n<p>En uso de la voz, el presidente de la F\u00f3rmula 1 Gran Premio Ciudad de M\u00e9xico y Director General de CIE, Alejandro Sober\u00f3n Kuri, celebr\u00f3 los 10 a\u00f1os del regreso de la F\u00f3rmula 1 a M\u00e9xico, agradeciendo el apoyo del Gobierno de la Ciudad de M\u00e9xico por la hospitalidad y contar con el pabell\u00f3n de la ciudad, describi\u00e9ndolo como el \u00abcoraz\u00f3n cultural de la carrera\u00bb y un espacio inmersivo que celebra los 700 a\u00f1os de la fundaci\u00f3n de M\u00e9xico-Tenochtitlan. Destac\u00f3 el impacto econ\u00f3mico del evento en la \u00faltima d\u00e9cada con m\u00e1s de 137 mil 500 millones de pesos de derrama econ\u00f3mica y m\u00e1s de 82 mil empleos, y anunci\u00f3 la extensi\u00f3n del contrato con F\u00f3rmula 1 hasta el 2028, con el que se reafirma el compromiso de consolidar a la Ciudad de M\u00e9xico como epicentro de grandes eventos.<\/p>\n<p>&nbsp;<\/p>\n<p>&nbsp;<\/p>\n","protected":false},"excerpt":{"rendered":"<p>CDMX, capital de los eventos deportivos m\u00e1s importantes a nivel mundial Clara Brugada subray\u00f3 el reconocimiento internacional a la organizaci\u00f3n del Gran Premio de la F1 &nbsp; La Jefa de Gobierno, Clara Brugada Molina, realiz\u00f3 el corte de list\u00f3n inaugural de los pabellones de la Ciudad de M\u00e9xico en la F\u00f3rmula 1 del Gran Premio [&hellip;]<\/p>\n","protected":false},"author":14,"featured_media":690116,"comment_status":"open","ping_status":"open","sticky":false,"template":"","format":"standard","meta":{"_monsterinsights_skip_tracking":false,"_monsterinsights_sitenote_active":false,"_monsterinsights_sitenote_note":"","_monsterinsights_sitenote_category":0,"footnotes":""},"categories":[6],"tags":[],"class_list":["post-690115","post","type-post","status-publish","format-standard","has-post-thumbnail","hentry","category-cd-de-mexico"],"_links":{"self":[{"href":"https:\/\/www.diarioimagen.net\/index.php?rest_route=\/wp\/v2\/posts\/690115","targetHints":{"allow":["GET"]}}],"collection":[{"href":"https:\/\/www.diarioimagen.net\/index.php?rest_route=\/wp\/v2\/posts"}],"about":[{"href":"https:\/\/www.diarioimagen.net\/index.php?rest_route=\/wp\/v2\/types\/post"}],"author":[{"embeddable":true,"href":"https:\/\/www.diarioimagen.net\/index.php?rest_route=\/wp\/v2\/users\/14"}],"replies":[{"embeddable":true,"href":"https:\/\/www.diarioimagen.net\/index.php?rest_route=%2Fwp%2Fv2%2Fcomments&post=690115"}],"version-history":[{"count":1,"href":"https:\/\/www.diarioimagen.net\/index.php?rest_route=\/wp\/v2\/posts\/690115\/revisions"}],"predecessor-version":[{"id":690117,"href":"https:\/\/www.diarioimagen.net\/index.php?rest_route=\/wp\/v2\/posts\/690115\/revisions\/690117"}],"wp:featuredmedia":[{"embeddable":true,"href":"https:\/\/www.diarioimagen.net\/index.php?rest_route=\/wp\/v2\/media\/690116"}],"wp:attachment":[{"href":"https:\/\/www.diarioimagen.net\/index.php?rest_route=%2Fwp%2Fv2%2Fmedia&parent=690115"}],"wp:term":[{"taxonomy":"category","embeddable":true,"href":"https:\/\/www.diarioimagen.net\/index.php?rest_route=%2Fwp%2Fv2%2Fcategories&post=690115"},{"taxonomy":"post_tag","embeddable":true,"href":"https:\/\/www.diarioimagen.net\/index.php?rest_route=%2Fwp%2Fv2%2Ftags&post=690115"}],"curies":[{"name":"wp","href":"https:\/\/api.w.org\/{rel}","templated":true}]}}