{"id":690127,"date":"2025-10-23T21:19:13","date_gmt":"2025-10-24T03:19:13","guid":{"rendered":"https:\/\/www.diarioimagen.net\/?p=690127"},"modified":"2025-10-23T21:19:13","modified_gmt":"2025-10-24T03:19:13","slug":"realizo-la-uaemex-tercer-foro-regional-de-consulta-para-la-reforma-a-la-ley-universitaria","status":"publish","type":"post","link":"https:\/\/www.diarioimagen.net\/?p=690127","title":{"rendered":"Realiz\u00f3 la UAEM\u00e9x tercer foro regional de  Consulta para la Reforma a la Ley Universitaria"},"content":{"rendered":"<p>&nbsp;<\/p>\n<p><strong>\u00a0<\/strong><\/p>\n<ul>\n<li><strong>Evangelina Sales S\u00e1nchez se\u00f1al\u00f3 que esta reforma responde a una demanda hist\u00f3rica y leg\u00edtima de la comunidad estudiantil<\/strong><\/li>\n<\/ul>\n<div id=\"attachment_690128\" style=\"width: 415px\" class=\"wp-caption alignnone\"><img loading=\"lazy\" decoding=\"async\" aria-describedby=\"caption-attachment-690128\" class=\"wp-image-690128 size-large\" src=\"https:\/\/www.diarioimagen.net\/wp-content\/uploads\/2025\/10\/UAEM-1-10-405x270.jpg\" alt=\"\" width=\"405\" height=\"270\" srcset=\"https:\/\/www.diarioimagen.net\/wp-content\/uploads\/2025\/10\/UAEM-1-10-405x270.jpg 405w, https:\/\/www.diarioimagen.net\/wp-content\/uploads\/2025\/10\/UAEM-1-10-240x160.jpg 240w, https:\/\/www.diarioimagen.net\/wp-content\/uploads\/2025\/10\/UAEM-1-10-768x512.jpg 768w, https:\/\/www.diarioimagen.net\/wp-content\/uploads\/2025\/10\/UAEM-1-10-1536x1023.jpg 1536w, https:\/\/www.diarioimagen.net\/wp-content\/uploads\/2025\/10\/UAEM-1-10-2048x1364.jpg 2048w\" sizes=\"auto, (max-width: 405px) 100vw, 405px\" \/><p id=\"caption-attachment-690128\" class=\"wp-caption-text\">En el Plantel \u201cDr. Pablo Gonz\u00e1lez Casanova\u201d de la Escuela Preparatoria, la Consejera Jur\u00eddica Universitaria, Evangelina Sales S\u00e1nchez, afirm\u00f3 que tras m\u00e1s de tres d\u00e9cadas de vigencia de la actual Ley Universitaria, el contexto social, acad\u00e9mico y tecnol\u00f3gico exige un nuevo marco jur\u00eddico.<\/p><\/div>\n<p>&nbsp;<\/p>\n<p>Tenancingo, M\u00e9x.- En el marco de los proyectos estrat\u00e9gicos que impulsan la transformaci\u00f3n de la Universidad Aut\u00f3noma del Estado de M\u00e9xico (UAEM\u00e9x), se llev\u00f3 a cabo el Foro Regional Sur de Consulta para la Reforma a la Ley Universitaria, en su etapa de Integraci\u00f3n del Diagn\u00f3stico Participativo.<\/p>\n<p>El evento se realiz\u00f3 en el Plantel \u201cDr. Pablo Gonz\u00e1lez Casanova\u201d de la Escuela Preparatoria. En representaci\u00f3n de la rectora Martha Patricia Zarza Delgado, la Consejera Jur\u00eddica Universitaria, Evangelina Sales S\u00e1nchez, se\u00f1al\u00f3 que esta reforma responde a una demanda hist\u00f3rica y leg\u00edtima de la comunidad universitaria, y constituye la base para una profunda transformaci\u00f3n institucional.<\/p>\n<p>Acompa\u00f1ada por el secretario de Centros Universitarios y Unidades Acad\u00e9micas Profesionales, Jos\u00e9 Guadalupe Miranda Hern\u00e1ndez, Sales S\u00e1nchez subray\u00f3 que, tras m\u00e1s de tres d\u00e9cadas de vigencia de la actual Ley Universitaria, el contexto social, acad\u00e9mico y tecnol\u00f3gico exige un nuevo marco jur\u00eddico que refleje los valores, aspiraciones y retos actuales, sin dejar de lado los principios fundacionales que dan identidad a esta casa de estudios.<\/p>\n<p>\u201cLa participaci\u00f3n, la democracia, la transparencia y el compromiso colectivo ser\u00e1n pilares fundamentales en este proceso\u201d, afirm\u00f3, al destacar que este foro \u2014tercero en su tipo\u2014 busca generar espacios de reflexi\u00f3n colectiva para construir un nuevo orden jur\u00eddico universitario.<\/p>\n<p>Asimismo, hizo un llamado a la participaci\u00f3n activa de los tres sectores universitarios: estudiantes, docentes y personal administrativo, enfatizando que se trata de una oportunidad hist\u00f3rica para fortalecer el modelo de gobernanza de la UAEM\u00e9x y avanzar hacia una universidad m\u00e1s justa, plural y humana.<\/p>\n<p>Por su parte, la secretaria de Administraci\u00f3n y Finanzas de la Federaci\u00f3n de Asociaciones Aut\u00f3nomas del Personal Acad\u00e9mico de la UAEM\u00e9x (FAAPAUAEM), Osmara Vega Quintana, destac\u00f3 que este ejercicio abre un espacio valioso para establecer, a trav\u00e9s del di\u00e1logo, la cooperaci\u00f3n y la escucha activa, las bases del futuro de la instituci\u00f3n.<\/p>\n<p>Durante el evento, en el que tambi\u00e9n estuvieron presentes la secretaria general del Sindicato \u00danico de Trabajadores y Empleados al Servicio de la UAEM\u00e9x (SUTESUAEM), Luz Mar\u00eda Garc\u00eda Molina, y la encargada del despacho del Plantel, Janette Jaimes Garc\u00eda, Vega Quintana reiter\u00f3 que la FAAPAUAEM asume esta responsabilidad con compromiso y entusiasmo, contribuyendo de manera propositiva a esta transformaci\u00f3n universitaria.<\/p>\n<p>Finalmente, se anunci\u00f3 que el \u00faltimo Foro Regional se llevar\u00e1 a cabo el pr\u00f3ximo 28 de octubre, con sedes en la Facultad de Derecho de Ciudad Universitaria y el Centro Cultural Universitario \u201cCasa de las Diligencias\u201d, en Toluca. Adem\u00e1s, se invita a toda la comunidad universitaria a participar enviando sus propuestas en l\u00ednea a trav\u00e9s del portal reformaley.uaemex.mx, disponible hasta el 31 de octubre.<\/p>\n<p>&nbsp;<\/p>\n<p>&nbsp;<\/p>\n","protected":false},"excerpt":{"rendered":"<p>&nbsp; \u00a0 Evangelina Sales S\u00e1nchez se\u00f1al\u00f3 que esta reforma responde a una demanda hist\u00f3rica y leg\u00edtima de la comunidad estudiantil &nbsp; Tenancingo, M\u00e9x.- En el marco de los proyectos estrat\u00e9gicos que impulsan la transformaci\u00f3n de la Universidad Aut\u00f3noma del Estado de M\u00e9xico (UAEM\u00e9x), se llev\u00f3 a cabo el Foro Regional Sur de Consulta para la [&hellip;]<\/p>\n","protected":false},"author":14,"featured_media":690128,"comment_status":"open","ping_status":"open","sticky":false,"template":"","format":"standard","meta":{"_monsterinsights_skip_tracking":false,"_monsterinsights_sitenote_active":false,"_monsterinsights_sitenote_note":"","_monsterinsights_sitenote_category":0,"footnotes":""},"categories":[16,5],"tags":[],"class_list":["post-690127","post","type-post","status-publish","format-standard","has-post-thumbnail","hentry","category-destacadas","category-estado-de-mexico"],"_links":{"self":[{"href":"https:\/\/www.diarioimagen.net\/index.php?rest_route=\/wp\/v2\/posts\/690127","targetHints":{"allow":["GET"]}}],"collection":[{"href":"https:\/\/www.diarioimagen.net\/index.php?rest_route=\/wp\/v2\/posts"}],"about":[{"href":"https:\/\/www.diarioimagen.net\/index.php?rest_route=\/wp\/v2\/types\/post"}],"author":[{"embeddable":true,"href":"https:\/\/www.diarioimagen.net\/index.php?rest_route=\/wp\/v2\/users\/14"}],"replies":[{"embeddable":true,"href":"https:\/\/www.diarioimagen.net\/index.php?rest_route=%2Fwp%2Fv2%2Fcomments&post=690127"}],"version-history":[{"count":1,"href":"https:\/\/www.diarioimagen.net\/index.php?rest_route=\/wp\/v2\/posts\/690127\/revisions"}],"predecessor-version":[{"id":690129,"href":"https:\/\/www.diarioimagen.net\/index.php?rest_route=\/wp\/v2\/posts\/690127\/revisions\/690129"}],"wp:featuredmedia":[{"embeddable":true,"href":"https:\/\/www.diarioimagen.net\/index.php?rest_route=\/wp\/v2\/media\/690128"}],"wp:attachment":[{"href":"https:\/\/www.diarioimagen.net\/index.php?rest_route=%2Fwp%2Fv2%2Fmedia&parent=690127"}],"wp:term":[{"taxonomy":"category","embeddable":true,"href":"https:\/\/www.diarioimagen.net\/index.php?rest_route=%2Fwp%2Fv2%2Fcategories&post=690127"},{"taxonomy":"post_tag","embeddable":true,"href":"https:\/\/www.diarioimagen.net\/index.php?rest_route=%2Fwp%2Fv2%2Ftags&post=690127"}],"curies":[{"name":"wp","href":"https:\/\/api.w.org\/{rel}","templated":true}]}}