{"id":690130,"date":"2025-10-23T21:20:23","date_gmt":"2025-10-24T03:20:23","guid":{"rendered":"https:\/\/www.diarioimagen.net\/?p=690130"},"modified":"2025-10-23T21:20:23","modified_gmt":"2025-10-24T03:20:23","slug":"alianza-con-san-mateo-atenco-para-ampliar-su-retribucion-social-e-impacto-en-el-desarrollo-regional","status":"publish","type":"post","link":"https:\/\/www.diarioimagen.net\/?p=690130","title":{"rendered":"Alianza con San Mateo Atenco para ampliar su retribuci\u00f3n social e impacto en el desarrollo regional"},"content":{"rendered":"<div id=\"attachment_690131\" style=\"width: 454px\" class=\"wp-caption alignnone\"><img loading=\"lazy\" decoding=\"async\" aria-describedby=\"caption-attachment-690131\" class=\"wp-image-690131 size-large\" src=\"https:\/\/www.diarioimagen.net\/wp-content\/uploads\/2025\/10\/UAEM-2-13-444x270.jpg\" alt=\"\" width=\"444\" height=\"270\" srcset=\"https:\/\/www.diarioimagen.net\/wp-content\/uploads\/2025\/10\/UAEM-2-13-444x270.jpg 444w, https:\/\/www.diarioimagen.net\/wp-content\/uploads\/2025\/10\/UAEM-2-13-240x146.jpg 240w, https:\/\/www.diarioimagen.net\/wp-content\/uploads\/2025\/10\/UAEM-2-13-768x467.jpg 768w, https:\/\/www.diarioimagen.net\/wp-content\/uploads\/2025\/10\/UAEM-2-13-1536x934.jpg 1536w, https:\/\/www.diarioimagen.net\/wp-content\/uploads\/2025\/10\/UAEM-2-13-2048x1246.jpg 2048w\" sizes=\"auto, (max-width: 444px) 100vw, 444px\" \/><p id=\"caption-attachment-690131\" class=\"wp-caption-text\">La rectora Martha Patricia Zarza Delgado destac\u00f3 que este acuerdo con el Ayuntamiento de San Mateo Atenco representa una alianza estrat\u00e9gica para ampliar la retribuci\u00f3n social de la universidad.<\/p><\/div>\n<p><strong>\u00a0<\/strong><\/p>\n<p>&nbsp;<\/p>\n<p>San Mateo Atenco.- Refrendando su compromiso con el fortalecimiento interinstitucional, acad\u00e9mico, social y comunitario, la Universidad Aut\u00f3noma del Estado de M\u00e9xico (UAEM\u00e9x) y el Ayuntamiento de San Mateo Atenco firmaron un convenio general de colaboraci\u00f3n que permitir\u00e1 consolidar acciones conjuntas en beneficio de la poblaci\u00f3n mexiquense.<\/p>\n<p>Durante la ceremonia realizada en el Sal\u00f3n del Pueblo \u201cHoracio Z\u00fa\u00f1iga Anaya\u201d del Palacio Municipal, la rectora Martha Patricia Zarza Delgado destac\u00f3 que este acuerdo representa una alianza estrat\u00e9gica para ampliar la retribuci\u00f3n social de la universidad y su impacto en el desarrollo regional.<\/p>\n<p>\u201cLa transformaci\u00f3n que vive nuestra instituci\u00f3n plantea una nueva visi\u00f3n de la educaci\u00f3n superior, en la que no solo se forma capital humano altamente calificado, sino que tambi\u00e9n se impulsa la investigaci\u00f3n cient\u00edfica, tecnol\u00f3gica y human\u00edstica, con pertinencia territorial y enfoque de innovaci\u00f3n con valor p\u00fablico\u201d, expres\u00f3.<\/p>\n<p>Acompa\u00f1ada por integrantes de su equipo de trabajo, entre ellos la secretaria de Vinculaci\u00f3n, Extensi\u00f3n y Promoci\u00f3n de la Empleabilidad, Mariana Ortiz Reynoso; el secretario Acad\u00e9mico, Francisco Herrera Tapia; la coordinadora de Articulaci\u00f3n Social y Universitaria, Elizabeth Ram\u00edrez P\u00e9rez, y el director de Transporte Universitario, Juan Roberto Calder\u00f3n Maya, la rectora subray\u00f3 que esta colaboraci\u00f3n contribuir\u00e1 al cumplimiento del decreto presidencial para la protecci\u00f3n de la industria del calzado, emitido por la presidenta de M\u00e9xico, Claudia Sheinbaum Pardo, en agosto pasado.<\/p>\n<p>El convenio permitir\u00e1 desarrollar programas de intercambio acad\u00e9mico mediante seminarios, cursos de formaci\u00f3n y estudios avanzados; promover proyectos de investigaci\u00f3n con impacto social; abrir espacios para pr\u00e1cticas profesionales, servicio social y estancias acad\u00e9micas, as\u00ed como fortalecer la presencia universitaria en esta regi\u00f3n clave del Estado de M\u00e9xico.<\/p>\n<p>Zarza Delgado afirm\u00f3 que esta alianza sienta las bases para \u201crealizar m\u00e1s y mejores actividades conjuntas orientadas a la superaci\u00f3n acad\u00e9mica, la capacitaci\u00f3n profesional, el impulso a la ciencia, las humanidades y la innovaci\u00f3n tecnol\u00f3gica, donde la tradici\u00f3n se convierte en innovaci\u00f3n y la colaboraci\u00f3n en motor de desarrollo\u201d.<\/p>\n<p>Por su parte, la presidenta municipal de San Mateo Atenco, Ana Aurora Mu\u00f1iz Neyra, celebr\u00f3 la firma de este convenio como una oportunidad para fortalecer la vocaci\u00f3n productiva del municipio. Destac\u00f3 que cerca de 88 por ciento de su gabinete est\u00e1 conformado por egresados de la UAEM\u00e9x, lo cual \u2013dijo\u2013 refleja el compromiso de la comunidad universitaria con la transformaci\u00f3n social.<\/p>\n<p>&nbsp;<\/p>\n<p><strong>\u00a0<\/strong><\/p>\n<p>&nbsp;<\/p>\n<p>&nbsp;<\/p>\n","protected":false},"excerpt":{"rendered":"<p>\u00a0 &nbsp; San Mateo Atenco.- Refrendando su compromiso con el fortalecimiento interinstitucional, acad\u00e9mico, social y comunitario, la Universidad Aut\u00f3noma del Estado de M\u00e9xico (UAEM\u00e9x) y el Ayuntamiento de San Mateo Atenco firmaron un convenio general de colaboraci\u00f3n que permitir\u00e1 consolidar acciones conjuntas en beneficio de la poblaci\u00f3n mexiquense. Durante la ceremonia realizada en el Sal\u00f3n [&hellip;]<\/p>\n","protected":false},"author":14,"featured_media":690131,"comment_status":"open","ping_status":"open","sticky":false,"template":"","format":"standard","meta":{"_monsterinsights_skip_tracking":false,"_monsterinsights_sitenote_active":false,"_monsterinsights_sitenote_note":"","_monsterinsights_sitenote_category":0,"footnotes":""},"categories":[16,5],"tags":[],"class_list":["post-690130","post","type-post","status-publish","format-standard","has-post-thumbnail","hentry","category-destacadas","category-estado-de-mexico"],"_links":{"self":[{"href":"https:\/\/www.diarioimagen.net\/index.php?rest_route=\/wp\/v2\/posts\/690130","targetHints":{"allow":["GET"]}}],"collection":[{"href":"https:\/\/www.diarioimagen.net\/index.php?rest_route=\/wp\/v2\/posts"}],"about":[{"href":"https:\/\/www.diarioimagen.net\/index.php?rest_route=\/wp\/v2\/types\/post"}],"author":[{"embeddable":true,"href":"https:\/\/www.diarioimagen.net\/index.php?rest_route=\/wp\/v2\/users\/14"}],"replies":[{"embeddable":true,"href":"https:\/\/www.diarioimagen.net\/index.php?rest_route=%2Fwp%2Fv2%2Fcomments&post=690130"}],"version-history":[{"count":1,"href":"https:\/\/www.diarioimagen.net\/index.php?rest_route=\/wp\/v2\/posts\/690130\/revisions"}],"predecessor-version":[{"id":690132,"href":"https:\/\/www.diarioimagen.net\/index.php?rest_route=\/wp\/v2\/posts\/690130\/revisions\/690132"}],"wp:featuredmedia":[{"embeddable":true,"href":"https:\/\/www.diarioimagen.net\/index.php?rest_route=\/wp\/v2\/media\/690131"}],"wp:attachment":[{"href":"https:\/\/www.diarioimagen.net\/index.php?rest_route=%2Fwp%2Fv2%2Fmedia&parent=690130"}],"wp:term":[{"taxonomy":"category","embeddable":true,"href":"https:\/\/www.diarioimagen.net\/index.php?rest_route=%2Fwp%2Fv2%2Fcategories&post=690130"},{"taxonomy":"post_tag","embeddable":true,"href":"https:\/\/www.diarioimagen.net\/index.php?rest_route=%2Fwp%2Fv2%2Ftags&post=690130"}],"curies":[{"name":"wp","href":"https:\/\/api.w.org\/{rel}","templated":true}]}}