{"id":690280,"date":"2025-10-26T19:46:46","date_gmt":"2025-10-27T01:46:46","guid":{"rendered":"https:\/\/www.diarioimagen.net\/?p=690280"},"modified":"2025-10-26T19:46:46","modified_gmt":"2025-10-27T01:46:46","slug":"reduce-ecatepec-percepcion-de-inseguridad-de-acuerdo-a-resultados-de-encuesta-de-inegi","status":"publish","type":"post","link":"https:\/\/www.diarioimagen.net\/?p=690280","title":{"rendered":"Reduce Ecatepec percepci\u00f3n de inseguridad,  de acuerdo a resultados de encuesta de Inegi"},"content":{"rendered":"<p>&nbsp;<\/p>\n<ul>\n<li><strong>Reconocen familias acciones de Azucena Cisneros<\/strong><\/li>\n<\/ul>\n<p><strong>\u00a0<\/strong><\/p>\n<div id=\"attachment_690281\" style=\"width: 401px\" class=\"wp-caption alignnone\"><img loading=\"lazy\" decoding=\"async\" aria-describedby=\"caption-attachment-690281\" class=\"wp-image-690281 size-large\" src=\"https:\/\/www.diarioimagen.net\/wp-content\/uploads\/2025\/10\/BAENA-1-ok-16-391x270.jpg\" alt=\"\" width=\"391\" height=\"270\" srcset=\"https:\/\/www.diarioimagen.net\/wp-content\/uploads\/2025\/10\/BAENA-1-ok-16-391x270.jpg 391w, https:\/\/www.diarioimagen.net\/wp-content\/uploads\/2025\/10\/BAENA-1-ok-16-240x166.jpg 240w, https:\/\/www.diarioimagen.net\/wp-content\/uploads\/2025\/10\/BAENA-1-ok-16-768x530.jpg 768w, https:\/\/www.diarioimagen.net\/wp-content\/uploads\/2025\/10\/BAENA-1-ok-16.jpg 1500w\" sizes=\"auto, (max-width: 391px) 100vw, 391px\" \/><p id=\"caption-attachment-690281\" class=\"wp-caption-text\">La alcaldesa Azucena Cisneros Coss se\u00f1al\u00f3 que la reducci\u00f3n de la incidencia delictiva es fruto del trabajo coordinado entre los tres niveles de gobierno.<\/p><\/div>\n<p>Por Arturo Baena<\/p>\n<p>&nbsp;<\/p>\n<p>Ecatepec, M\u00e9x.- Este municipio report\u00f3 la \u00fanica reducci\u00f3n significativa en percepci\u00f3n de inseguridad entre los municipios mexiquenses y ello ha sido reconocido y avalado por las familias, al destacar mayor efectividad de la administraci\u00f3n de Azucena Cisneros para resolver los problemas.<\/p>\n<p>&nbsp;<\/p>\n<p>Sobre el particular, el Inegi dio a conocer los resultados de la Encuesta Nacional de Seguridad P\u00fablica Urbana (ENSU), correspondiente al periodo junio-septiembre de este a\u00f1o, donde Ecatepec report\u00f3 una reducci\u00f3n de m\u00e1s de 6.3 puntos porcentuales en la percepci\u00f3n de inseguridad respecto del trimestre previo.<\/p>\n<p>&nbsp;<\/p>\n<p>Y es que de acuerdo con cifras del Secretariado Ejecutivo del Sistema Nacional de Seguridad P\u00fablica (SESNSP), al cierre del tercer trimestre de este a\u00f1o y en comparaci\u00f3n con el mismo lapso del a\u00f1o pasado, en Ecatepec la incidencia delictiva se redujo hasta en 50 por ciento en il\u00edcitos como homicidios dolosos, secuestros, robo de veh\u00edculos, extorsiones robo a casa-habitaci\u00f3n, robo en transporte, robo a transe\u00fante, robo a transporte de carga, robo a negocio y narcomenudeo.<\/p>\n<p>&nbsp;<\/p>\n<p>La alcaldesa Azucena Cisneros Coss expres\u00f3 que estos resultados, tanto los de la ENSU como los de la reducci\u00f3n de la incidencia delictiva, son el resultado de la estrategia de seguridad aplicada por la presidenta de la Rep\u00fablica Claudia Sheinbaum y la gobernadora mexiquense Delfina G\u00f3mez, as\u00ed como del trabajo coordinado entre los niveles de gobierno federal, estatal y municipal.<\/p>\n<p>&nbsp;<\/p>\n<p>Ecatepec tambi\u00e9n registr\u00f3 una reducci\u00f3n importante en la percepci\u00f3n de inseguridad en septiembre del 2025 contra el mismo mes del a\u00f1o pasado de 3.4 puntos porcentuales, seg\u00fan la ENSU.<\/p>\n<p>&nbsp;<\/p>\n<p>En el documento se expuso que entre los espacios que generan m\u00e1s sensaci\u00f3n de inseguridad a los vecinos de Ecatepec son los cajeros autom\u00e1ticos en v\u00eda p\u00fablica (88.6 por ciento), seguido de transporte p\u00fablico (87.0 por ciento), luego calle (80,9 por ciento) y despu\u00e9s siguieron banco, parque recreativo, carretera, mercado, autom\u00f3vil y centro comercial.<\/p>\n<p>&nbsp;<\/p>\n<p><strong>\u00a0<\/strong><\/p>\n<p>&nbsp;<\/p>\n","protected":false},"excerpt":{"rendered":"<p>&nbsp; Reconocen familias acciones de Azucena Cisneros \u00a0 Por Arturo Baena &nbsp; Ecatepec, M\u00e9x.- Este municipio report\u00f3 la \u00fanica reducci\u00f3n significativa en percepci\u00f3n de inseguridad entre los municipios mexiquenses y ello ha sido reconocido y avalado por las familias, al destacar mayor efectividad de la administraci\u00f3n de Azucena Cisneros para resolver los problemas. &nbsp; Sobre [&hellip;]<\/p>\n","protected":false},"author":14,"featured_media":690281,"comment_status":"open","ping_status":"open","sticky":false,"template":"","format":"standard","meta":{"_monsterinsights_skip_tracking":false,"_monsterinsights_sitenote_active":false,"_monsterinsights_sitenote_note":"","_monsterinsights_sitenote_category":0,"footnotes":""},"categories":[5],"tags":[],"class_list":["post-690280","post","type-post","status-publish","format-standard","has-post-thumbnail","hentry","category-estado-de-mexico"],"_links":{"self":[{"href":"https:\/\/www.diarioimagen.net\/index.php?rest_route=\/wp\/v2\/posts\/690280","targetHints":{"allow":["GET"]}}],"collection":[{"href":"https:\/\/www.diarioimagen.net\/index.php?rest_route=\/wp\/v2\/posts"}],"about":[{"href":"https:\/\/www.diarioimagen.net\/index.php?rest_route=\/wp\/v2\/types\/post"}],"author":[{"embeddable":true,"href":"https:\/\/www.diarioimagen.net\/index.php?rest_route=\/wp\/v2\/users\/14"}],"replies":[{"embeddable":true,"href":"https:\/\/www.diarioimagen.net\/index.php?rest_route=%2Fwp%2Fv2%2Fcomments&post=690280"}],"version-history":[{"count":1,"href":"https:\/\/www.diarioimagen.net\/index.php?rest_route=\/wp\/v2\/posts\/690280\/revisions"}],"predecessor-version":[{"id":690282,"href":"https:\/\/www.diarioimagen.net\/index.php?rest_route=\/wp\/v2\/posts\/690280\/revisions\/690282"}],"wp:featuredmedia":[{"embeddable":true,"href":"https:\/\/www.diarioimagen.net\/index.php?rest_route=\/wp\/v2\/media\/690281"}],"wp:attachment":[{"href":"https:\/\/www.diarioimagen.net\/index.php?rest_route=%2Fwp%2Fv2%2Fmedia&parent=690280"}],"wp:term":[{"taxonomy":"category","embeddable":true,"href":"https:\/\/www.diarioimagen.net\/index.php?rest_route=%2Fwp%2Fv2%2Fcategories&post=690280"},{"taxonomy":"post_tag","embeddable":true,"href":"https:\/\/www.diarioimagen.net\/index.php?rest_route=%2Fwp%2Fv2%2Ftags&post=690280"}],"curies":[{"name":"wp","href":"https:\/\/api.w.org\/{rel}","templated":true}]}}