{"id":690283,"date":"2025-10-26T19:48:04","date_gmt":"2025-10-27T01:48:04","guid":{"rendered":"https:\/\/www.diarioimagen.net\/?p=690283"},"modified":"2025-10-26T19:48:04","modified_gmt":"2025-10-27T01:48:04","slug":"programa-comuna-impactara-en-100-puntos-de-naucalpan-isaac-montoya","status":"publish","type":"post","link":"https:\/\/www.diarioimagen.net\/?p=690283","title":{"rendered":"Programa Comuna impactar\u00e1 en 100  puntos de Naucalpan: Isaac Montoya"},"content":{"rendered":"<ul>\n<li><strong>Se atiende rezago hist\u00f3rico<\/strong><\/li>\n<\/ul>\n<p><strong>\u00a0<\/strong><\/p>\n<div id=\"attachment_690284\" style=\"width: 372px\" class=\"wp-caption alignnone\"><img loading=\"lazy\" decoding=\"async\" aria-describedby=\"caption-attachment-690284\" class=\"wp-image-690284 size-large\" src=\"https:\/\/www.diarioimagen.net\/wp-content\/uploads\/2025\/10\/BAENA-2-ok-14-362x270.jpg\" alt=\"\" width=\"362\" height=\"270\" srcset=\"https:\/\/www.diarioimagen.net\/wp-content\/uploads\/2025\/10\/BAENA-2-ok-14-362x270.jpg 362w, https:\/\/www.diarioimagen.net\/wp-content\/uploads\/2025\/10\/BAENA-2-ok-14-240x179.jpg 240w, https:\/\/www.diarioimagen.net\/wp-content\/uploads\/2025\/10\/BAENA-2-ok-14-768x573.jpg 768w, https:\/\/www.diarioimagen.net\/wp-content\/uploads\/2025\/10\/BAENA-2-ok-14.jpg 1500w\" sizes=\"auto, (max-width: 362px) 100vw, 362px\" \/><p id=\"caption-attachment-690284\" class=\"wp-caption-text\">El alcalde Isaac Montoya M\u00e1rquez inici\u00f3 el programa la Comuna, que impactar\u00e1 con obra comunitaria, presupuesto participativo y empleo temporal a 100 puntos de Naucalpan.<\/p><\/div>\n<p>Naucalpan, M\u00e9x.- A fin de atender los rezagos hist\u00f3ricos y el abandono que han vivido las comunidades de Naucalpan, el presidente municipal Isaac Montoya M\u00e1rquez inici\u00f3 en Rinc\u00f3n Verde, el programa la Comuna (Comunidad Unida y Activa), que impactar\u00e1 con obra comunitaria, presupuesto participativo y empleo temporal a 100 puntos del municipio.<\/p>\n<p>&nbsp;<\/p>\n<p>En la calle Cipr\u00e9s, el alcalde junto con vecinas y vecinos pusieron manos a la obra para mejorar esta calle que por el deterioro de m\u00e1s de 15 a\u00f1os acumul\u00f3 baches y parches, se rehabilitar\u00e1n 196.35 metros lineales. Muestra de que, con este programa, se busca atender los rezagos hist\u00f3ricos mediante faenas comunitarias, los vecinos participan con mano de obra voluntaria y el Ayuntamiento suministra los insumos necesarios para llevar a cabo los trabajos de rehabilitaci\u00f3n.<\/p>\n<p>&nbsp;<\/p>\n<p>El modelo de Comuna permitir\u00e1 maximizar el rendimiento del gasto: cada peso invertido en materiales se multiplica gracias a la aportaci\u00f3n comunitaria de trabajo, lo que posibilita ampliar la cobertura de obras en m\u00e1s colonias.<\/p>\n<p>&nbsp;<\/p>\n<p>Anunci\u00f3 que se llegar\u00e1 a 100 puntos de Naucalpan en los que la comunidad tenga el inter\u00e9s de trabajar unidos y organizados junto con el gobierno que proporcionar\u00e1 los materiales para que, con su trabajo\u00a0 cambiar y mejorar la calidad de vida de vecinas y vecinos.<\/p>\n<p>&nbsp;<\/p>\n<p>\u201cHoy damos un anuncio importante, vamos a llegar a todas las comunidades, pero m\u00e1s importante a\u00fan a esas calles que muchas de ellas, ustedes, sus padres o sus abuelos construyeron con sus propias manos, en la cual la constante fue la solidaridad entre vecinos con las faenas comunitarias\u201d, dijo.<\/p>\n<p>&nbsp;<\/p>\n<p>Destac\u00f3 que se pretende apelar a esos valores, a ese sentido de solidaridad, de fraternidad y de\u00a0 unidad de las comunidades para que juntos gobierno y la gente, trabajar para reconstruir Naucalpan.<\/p>\n<p>&nbsp;<\/p>\n<p>&nbsp;<\/p>\n<p>&nbsp;<\/p>\n","protected":false},"excerpt":{"rendered":"<p>Se atiende rezago hist\u00f3rico \u00a0 Naucalpan, M\u00e9x.- A fin de atender los rezagos hist\u00f3ricos y el abandono que han vivido las comunidades de Naucalpan, el presidente municipal Isaac Montoya M\u00e1rquez inici\u00f3 en Rinc\u00f3n Verde, el programa la Comuna (Comunidad Unida y Activa), que impactar\u00e1 con obra comunitaria, presupuesto participativo y empleo temporal a 100 puntos [&hellip;]<\/p>\n","protected":false},"author":14,"featured_media":690284,"comment_status":"open","ping_status":"open","sticky":false,"template":"","format":"standard","meta":{"_monsterinsights_skip_tracking":false,"_monsterinsights_sitenote_active":false,"_monsterinsights_sitenote_note":"","_monsterinsights_sitenote_category":0,"footnotes":""},"categories":[5],"tags":[],"class_list":["post-690283","post","type-post","status-publish","format-standard","has-post-thumbnail","hentry","category-estado-de-mexico"],"_links":{"self":[{"href":"https:\/\/www.diarioimagen.net\/index.php?rest_route=\/wp\/v2\/posts\/690283","targetHints":{"allow":["GET"]}}],"collection":[{"href":"https:\/\/www.diarioimagen.net\/index.php?rest_route=\/wp\/v2\/posts"}],"about":[{"href":"https:\/\/www.diarioimagen.net\/index.php?rest_route=\/wp\/v2\/types\/post"}],"author":[{"embeddable":true,"href":"https:\/\/www.diarioimagen.net\/index.php?rest_route=\/wp\/v2\/users\/14"}],"replies":[{"embeddable":true,"href":"https:\/\/www.diarioimagen.net\/index.php?rest_route=%2Fwp%2Fv2%2Fcomments&post=690283"}],"version-history":[{"count":1,"href":"https:\/\/www.diarioimagen.net\/index.php?rest_route=\/wp\/v2\/posts\/690283\/revisions"}],"predecessor-version":[{"id":690285,"href":"https:\/\/www.diarioimagen.net\/index.php?rest_route=\/wp\/v2\/posts\/690283\/revisions\/690285"}],"wp:featuredmedia":[{"embeddable":true,"href":"https:\/\/www.diarioimagen.net\/index.php?rest_route=\/wp\/v2\/media\/690284"}],"wp:attachment":[{"href":"https:\/\/www.diarioimagen.net\/index.php?rest_route=%2Fwp%2Fv2%2Fmedia&parent=690283"}],"wp:term":[{"taxonomy":"category","embeddable":true,"href":"https:\/\/www.diarioimagen.net\/index.php?rest_route=%2Fwp%2Fv2%2Fcategories&post=690283"},{"taxonomy":"post_tag","embeddable":true,"href":"https:\/\/www.diarioimagen.net\/index.php?rest_route=%2Fwp%2Fv2%2Ftags&post=690283"}],"curies":[{"name":"wp","href":"https:\/\/api.w.org\/{rel}","templated":true}]}}