{"id":690286,"date":"2025-10-26T19:49:02","date_gmt":"2025-10-27T01:49:02","guid":{"rendered":"https:\/\/www.diarioimagen.net\/?p=690286"},"modified":"2025-10-26T19:49:02","modified_gmt":"2025-10-27T01:49:02","slug":"entregan-50-becas-a-preceptoria-juvenil-regional-de-tlalnepantla","status":"publish","type":"post","link":"https:\/\/www.diarioimagen.net\/?p=690286","title":{"rendered":"Entregan 50 becas a Preceptor\u00eda  Juvenil Regional de Tlalnepantla"},"content":{"rendered":"<ul>\n<li><strong>Mejores oportunidades a todos los sectores<\/strong><\/li>\n<\/ul>\n<div id=\"attachment_690287\" style=\"width: 424px\" class=\"wp-caption alignnone\"><img loading=\"lazy\" decoding=\"async\" aria-describedby=\"caption-attachment-690287\" class=\"wp-image-690287 size-large\" src=\"https:\/\/www.diarioimagen.net\/wp-content\/uploads\/2025\/10\/BAENA-3-ok-16-414x270.jpg\" alt=\"\" width=\"414\" height=\"270\" srcset=\"https:\/\/www.diarioimagen.net\/wp-content\/uploads\/2025\/10\/BAENA-3-ok-16-414x270.jpg 414w, https:\/\/www.diarioimagen.net\/wp-content\/uploads\/2025\/10\/BAENA-3-ok-16-240x156.jpg 240w, https:\/\/www.diarioimagen.net\/wp-content\/uploads\/2025\/10\/BAENA-3-ok-16-768x501.jpg 768w, https:\/\/www.diarioimagen.net\/wp-content\/uploads\/2025\/10\/BAENA-3-ok-16.jpg 1500w\" sizes=\"auto, (max-width: 414px) 100vw, 414px\" \/><p id=\"caption-attachment-690287\" class=\"wp-caption-text\">Se entregaron 50 becas a la Preceptor\u00eda Juvenil Regional de Reintegraci\u00f3n Social de Tlalnepantla, ubicada en Los Reyes Ixtacala.<\/p><\/div>\n<p>&nbsp;<\/p>\n<p>Tlalnepantla, M\u00e9x.- La Preceptor\u00eda Juvenil Regional de Reintegraci\u00f3n Social de Tlalnepantla, ubicada en Los Reyes Ixtacala, cuenta con 50 nuevas bancas para estudiantes, quienes ahora cuentan con mejores condiciones en este espacio en donde forjan su futuro y pleno desarrollo.<\/p>\n<p>&nbsp;<\/p>\n<p>El presidente municipal Raciel P\u00e9rez Cruz se\u00f1al\u00f3 que desde el gobierno local se trabaja todos los d\u00edas para ofrecer mejores oportunidades a todos los sectores de la poblaci\u00f3n como personas adultas mayores, mujeres, personas en situaci\u00f3n de violencia, infancias, juventudes y adolescencias sin distinci\u00f3n alguna.<\/p>\n<p>&nbsp;<\/p>\n<p>Al dirigirse a los adolescentes, el mun\u00edcipe apunt\u00f3 que esta palabra viene de adolecer y \u201cpor eso queremos acercarnos a ustedes en esta importante etapa de la vida; vamos a trabajar en conjunto para que cuando cumplan 18 a\u00f1os, sean ciudadanas y ciudadanos que contribuyan a la sociedad\u201d.<\/p>\n<p>&nbsp;<\/p>\n<p>Nosotros, mencion\u00f3, \u201centendemos que a veces la vida nos puede llevar por senderos dif\u00edciles y situaciones complicadas, detr\u00e1s de cada uno de ustedes hay una historia y una oportunidad de ser mejores\u201d.<\/p>\n<p>P\u00e9rez Cruz hizo un llamado a las juventudes para que tomen en cuenta la disposici\u00f3n de sus autoridades municipales que est\u00e1n al pendiente de sus inquietudes, \u201choy ustedes tienen inquietudes y se enfrentan a diversas problem\u00e1ticas emocionales y de convivencia, as\u00ed como su proyecto de vida\u201d.<\/p>\n<p>&nbsp;<\/p>\n<p>Agreg\u00f3 que a los gobiernos les corresponde generar las condiciones para que ellas y ellos puedan materializar sus sue\u00f1os y metas, integrarse al mercado laboral con mejores oportunidades y construir un patrimonio s\u00f3lido para su futuro.<\/p>\n<p>La directora de la Preceptor\u00eda Juvenil de Reintegraci\u00f3n y Reinserci\u00f3n Social Tlalnepantla, Nelly Araceli L\u00f3pez \u00c1vila, inform\u00f3 que como resultado de la labor cotidiana que se realiza en materia de prevenci\u00f3n, actualmente esta instituci\u00f3n cuenta con solo dos adolescentes en conflicto de ley.<\/p>\n<p>&nbsp;<\/p>\n<p>&nbsp;<\/p>\n","protected":false},"excerpt":{"rendered":"<p>Mejores oportunidades a todos los sectores &nbsp; Tlalnepantla, M\u00e9x.- La Preceptor\u00eda Juvenil Regional de Reintegraci\u00f3n Social de Tlalnepantla, ubicada en Los Reyes Ixtacala, cuenta con 50 nuevas bancas para estudiantes, quienes ahora cuentan con mejores condiciones en este espacio en donde forjan su futuro y pleno desarrollo. &nbsp; El presidente municipal Raciel P\u00e9rez Cruz se\u00f1al\u00f3 [&hellip;]<\/p>\n","protected":false},"author":14,"featured_media":690287,"comment_status":"open","ping_status":"open","sticky":false,"template":"","format":"standard","meta":{"_monsterinsights_skip_tracking":false,"_monsterinsights_sitenote_active":false,"_monsterinsights_sitenote_note":"","_monsterinsights_sitenote_category":0,"footnotes":""},"categories":[5],"tags":[],"class_list":["post-690286","post","type-post","status-publish","format-standard","has-post-thumbnail","hentry","category-estado-de-mexico"],"_links":{"self":[{"href":"https:\/\/www.diarioimagen.net\/index.php?rest_route=\/wp\/v2\/posts\/690286","targetHints":{"allow":["GET"]}}],"collection":[{"href":"https:\/\/www.diarioimagen.net\/index.php?rest_route=\/wp\/v2\/posts"}],"about":[{"href":"https:\/\/www.diarioimagen.net\/index.php?rest_route=\/wp\/v2\/types\/post"}],"author":[{"embeddable":true,"href":"https:\/\/www.diarioimagen.net\/index.php?rest_route=\/wp\/v2\/users\/14"}],"replies":[{"embeddable":true,"href":"https:\/\/www.diarioimagen.net\/index.php?rest_route=%2Fwp%2Fv2%2Fcomments&post=690286"}],"version-history":[{"count":1,"href":"https:\/\/www.diarioimagen.net\/index.php?rest_route=\/wp\/v2\/posts\/690286\/revisions"}],"predecessor-version":[{"id":690288,"href":"https:\/\/www.diarioimagen.net\/index.php?rest_route=\/wp\/v2\/posts\/690286\/revisions\/690288"}],"wp:featuredmedia":[{"embeddable":true,"href":"https:\/\/www.diarioimagen.net\/index.php?rest_route=\/wp\/v2\/media\/690287"}],"wp:attachment":[{"href":"https:\/\/www.diarioimagen.net\/index.php?rest_route=%2Fwp%2Fv2%2Fmedia&parent=690286"}],"wp:term":[{"taxonomy":"category","embeddable":true,"href":"https:\/\/www.diarioimagen.net\/index.php?rest_route=%2Fwp%2Fv2%2Fcategories&post=690286"},{"taxonomy":"post_tag","embeddable":true,"href":"https:\/\/www.diarioimagen.net\/index.php?rest_route=%2Fwp%2Fv2%2Ftags&post=690286"}],"curies":[{"name":"wp","href":"https:\/\/api.w.org\/{rel}","templated":true}]}}