{"id":690575,"date":"2025-10-27T21:29:41","date_gmt":"2025-10-28T03:29:41","guid":{"rendered":"https:\/\/www.diarioimagen.net\/?p=690575"},"modified":"2025-10-27T21:29:41","modified_gmt":"2025-10-28T03:29:41","slug":"uaemex-impulsa-vacunacion-contra-influenza-y-neumococo-ante-epoca-de-frio","status":"publish","type":"post","link":"https:\/\/www.diarioimagen.net\/?p=690575","title":{"rendered":"UAEM\u00e9x impulsa vacunaci\u00f3n contra  influenza y neumococo ante \u00e9poca de fr\u00edo"},"content":{"rendered":"<p><strong>\u00a0<\/strong><\/p>\n<p><strong>\u00a0<\/strong><\/p>\n<p><strong>\u00a0<\/strong><\/p>\n<ul>\n<li><strong>La Cl\u00ednica Multidisciplinaria de Salud aplicar\u00e1 <\/strong><strong>dosis gratuitas este martes, en coordinaci\u00f3n con el IMSS, para reducir riesgos de enfermedades respiratorias<\/strong><\/li>\n<\/ul>\n<div id=\"attachment_690576\" style=\"width: 415px\" class=\"wp-caption alignnone\"><img loading=\"lazy\" decoding=\"async\" aria-describedby=\"caption-attachment-690576\" class=\"wp-image-690576 size-large\" src=\"https:\/\/www.diarioimagen.net\/wp-content\/uploads\/2025\/10\/UAEM-1-11-405x270.jpg\" alt=\"\" width=\"405\" height=\"270\" srcset=\"https:\/\/www.diarioimagen.net\/wp-content\/uploads\/2025\/10\/UAEM-1-11-405x270.jpg 405w, https:\/\/www.diarioimagen.net\/wp-content\/uploads\/2025\/10\/UAEM-1-11-240x160.jpg 240w, https:\/\/www.diarioimagen.net\/wp-content\/uploads\/2025\/10\/UAEM-1-11-768x512.jpg 768w, https:\/\/www.diarioimagen.net\/wp-content\/uploads\/2025\/10\/UAEM-1-11-1536x1023.jpg 1536w, https:\/\/www.diarioimagen.net\/wp-content\/uploads\/2025\/10\/UAEM-1-11-2048x1364.jpg 2048w\" sizes=\"auto, (max-width: 405px) 100vw, 405px\" \/><p id=\"caption-attachment-690576\" class=\"wp-caption-text\">La UAEM\u00e9x lanz\u00f3 su Campa\u00f1a de Vacunaci\u00f3n contra Influenza y Neumococo, dirigida a la comunidad universitaria y al p\u00fablico en general.<\/p><\/div>\n<p>Toluca, M\u00e9x.- Con el prop\u00f3sito de prevenir enfermedades respiratorias durante la temporada invernal, la Cl\u00ednica Multidisciplinaria de Salud (CMS) de la Universidad Aut\u00f3noma del Estado de M\u00e9xico (UAEM\u00e9x) lanz\u00f3 su Campa\u00f1a de Vacunaci\u00f3n contra Influenza y Neumococo, dirigida a la comunidad universitaria y al p\u00fablico en general.<\/p>\n<p>La jornada se llevar\u00e1 a cabo el martes 28 de octubre, de 9:00 a 14:00 horas, en las instalaciones de la CMS, inform\u00f3 la jefa de enfermeras de la Cl\u00ednica, Mar\u00eda del Carmen Dionicio Shingu, quien destac\u00f3 que la vacunaci\u00f3n es una medida esencial para reducir complicaciones derivadas de estos padecimientos.<\/p>\n<p>\u201cLa vacuna no solo protege a cada persona, sino que ayuda a disminuir el riesgo de propagaci\u00f3n en la comunidad. No debemos esperar a enfermarnos para actuar\u201d, subray\u00f3.<\/p>\n<p>La influenza, explic\u00f3, es una infecci\u00f3n viral que puede provocar fiebre, tos, dolor de garganta y, en casos graves, neumon\u00eda. En tanto, el neumococo puede causar infecciones en pulmones, cerebro y sangre, especialmente en personas con sistemas inmunol\u00f3gicos comprometidos, como adultos mayores y ni\u00f1os peque\u00f1os.<\/p>\n<p>Para recibir la vacuna, las personas deber\u00e1n presentar su cartilla de vacunaci\u00f3n, identificaci\u00f3n oficial y CURP.<\/p>\n<p>Si bien la campa\u00f1a est\u00e1 abierta a todo p\u00fablico, se priorizar\u00e1 a los grupos de riesgo, como personas con enfermedades cr\u00f3nicas, ni\u00f1as y ni\u00f1os de 6 a 59 meses, y adultos mayores de 60 a\u00f1os, quienes podr\u00e1n acceder a la vacuna contra neumococo.<\/p>\n<p>Dionicio Shingu tambi\u00e9n recomend\u00f3 reforzar la prevenci\u00f3n con medidas cotidianas: abrigarse adecuadamente, consumir alimentos ricos en vitamina C, evitar la automedicaci\u00f3n y acudir al m\u00e9dico ante los primeros s\u00edntomas respiratorios.<\/p>\n<p>Esta campa\u00f1a forma parte de los esfuerzos anuales que la UAEM\u00e9x realiza en colaboraci\u00f3n con el Instituto Mexicano del Seguro Social (IMSS), con el objetivo de garantizar que la comunidad universitaria y la poblaci\u00f3n en general cuenten con acceso a acciones preventivas efectivas.<\/p>\n<p><strong>\u00a0<\/strong><\/p>\n<p>&nbsp;<\/p>\n","protected":false},"excerpt":{"rendered":"<p>\u00a0 \u00a0 \u00a0 La Cl\u00ednica Multidisciplinaria de Salud aplicar\u00e1 dosis gratuitas este martes, en coordinaci\u00f3n con el IMSS, para reducir riesgos de enfermedades respiratorias Toluca, M\u00e9x.- Con el prop\u00f3sito de prevenir enfermedades respiratorias durante la temporada invernal, la Cl\u00ednica Multidisciplinaria de Salud (CMS) de la Universidad Aut\u00f3noma del Estado de M\u00e9xico (UAEM\u00e9x) lanz\u00f3 su Campa\u00f1a [&hellip;]<\/p>\n","protected":false},"author":14,"featured_media":690576,"comment_status":"open","ping_status":"open","sticky":false,"template":"","format":"standard","meta":{"_monsterinsights_skip_tracking":false,"_monsterinsights_sitenote_active":false,"_monsterinsights_sitenote_note":"","_monsterinsights_sitenote_category":0,"footnotes":""},"categories":[16,5],"tags":[],"class_list":["post-690575","post","type-post","status-publish","format-standard","has-post-thumbnail","hentry","category-destacadas","category-estado-de-mexico"],"_links":{"self":[{"href":"https:\/\/www.diarioimagen.net\/index.php?rest_route=\/wp\/v2\/posts\/690575","targetHints":{"allow":["GET"]}}],"collection":[{"href":"https:\/\/www.diarioimagen.net\/index.php?rest_route=\/wp\/v2\/posts"}],"about":[{"href":"https:\/\/www.diarioimagen.net\/index.php?rest_route=\/wp\/v2\/types\/post"}],"author":[{"embeddable":true,"href":"https:\/\/www.diarioimagen.net\/index.php?rest_route=\/wp\/v2\/users\/14"}],"replies":[{"embeddable":true,"href":"https:\/\/www.diarioimagen.net\/index.php?rest_route=%2Fwp%2Fv2%2Fcomments&post=690575"}],"version-history":[{"count":1,"href":"https:\/\/www.diarioimagen.net\/index.php?rest_route=\/wp\/v2\/posts\/690575\/revisions"}],"predecessor-version":[{"id":690577,"href":"https:\/\/www.diarioimagen.net\/index.php?rest_route=\/wp\/v2\/posts\/690575\/revisions\/690577"}],"wp:featuredmedia":[{"embeddable":true,"href":"https:\/\/www.diarioimagen.net\/index.php?rest_route=\/wp\/v2\/media\/690576"}],"wp:attachment":[{"href":"https:\/\/www.diarioimagen.net\/index.php?rest_route=%2Fwp%2Fv2%2Fmedia&parent=690575"}],"wp:term":[{"taxonomy":"category","embeddable":true,"href":"https:\/\/www.diarioimagen.net\/index.php?rest_route=%2Fwp%2Fv2%2Fcategories&post=690575"},{"taxonomy":"post_tag","embeddable":true,"href":"https:\/\/www.diarioimagen.net\/index.php?rest_route=%2Fwp%2Fv2%2Ftags&post=690575"}],"curies":[{"name":"wp","href":"https:\/\/api.w.org\/{rel}","templated":true}]}}