{"id":690850,"date":"2025-10-29T00:15:49","date_gmt":"2025-10-29T06:15:49","guid":{"rendered":"https:\/\/www.diarioimagen.net\/?p=690850"},"modified":"2025-10-29T00:16:11","modified_gmt":"2025-10-29T06:16:11","slug":"encabeza-clara-brugada-la-campana-tomatelo-a-pecho-hazte-una-mastografia","status":"publish","type":"post","link":"https:\/\/www.diarioimagen.net\/?p=690850","title":{"rendered":"Encabeza Clara Brugada la  campa\u00f1a \u201cT\u00f3matelo a pecho,  hazte una mastograf\u00eda\u201d"},"content":{"rendered":"<ul>\n<li><strong>Convoca a mujeres a participar<\/strong><\/li>\n<li><strong>La meta en 2026 es de un mill\u00f3n de mastograf\u00edas para mujeres que no cuenten con seguro social o recursos<\/strong><\/li>\n<\/ul>\n<div id=\"attachment_690852\" style=\"width: 415px\" class=\"wp-caption alignnone\"><img loading=\"lazy\" decoding=\"async\" aria-describedby=\"caption-attachment-690852\" class=\"wp-image-690852 size-large\" src=\"https:\/\/www.diarioimagen.net\/wp-content\/uploads\/2025\/10\/BRUGADA-ok-15-405x270.jpg\" alt=\"\" width=\"405\" height=\"270\" srcset=\"https:\/\/www.diarioimagen.net\/wp-content\/uploads\/2025\/10\/BRUGADA-ok-15-405x270.jpg 405w, https:\/\/www.diarioimagen.net\/wp-content\/uploads\/2025\/10\/BRUGADA-ok-15-240x160.jpg 240w, https:\/\/www.diarioimagen.net\/wp-content\/uploads\/2025\/10\/BRUGADA-ok-15-768x513.jpg 768w, https:\/\/www.diarioimagen.net\/wp-content\/uploads\/2025\/10\/BRUGADA-ok-15.jpg 1500w\" sizes=\"auto, (max-width: 405px) 100vw, 405px\" \/><p id=\"caption-attachment-690852\" class=\"wp-caption-text\">La Jefa de Gobierno de la Ciudad de M\u00e9xico, Clara Brugada Molina, encabez\u00f3 el arranque de la campa\u00f1a \u201cT\u00f3matelo muy a Pecho, Hazte una Mastograf\u00eda.<\/p><\/div>\n<p>En el marco del D\u00eda Mundial de la Lucha Contra el C\u00e1ncer de Mama, la Jefa de Gobierno de la Ciudad de M\u00e9xico, Clara Brugada Molina, encabez\u00f3 el arranque de la campa\u00f1a \u201cT\u00f3matelo muy a pecho, hazte una mastograf\u00eda\u201d, en donde resalt\u00f3 la importancia de aplicar este estudio m\u00e9dico, por eso anunci\u00f3 la meta de realizar un mill\u00f3n de mastograf\u00edas para 2026.<\/p>\n<p>\u201cEstoy segura de que disminuiremos el c\u00e1ncer de mama en la Ciudad de M\u00e9xico, eso es lo que necesitamos, que las mujeres tengan un estudio para detectar, de manera temprana, cualquier problema que se tenga. (&#8230;) Nuestra meta para el pr\u00f3ximo a\u00f1o va a ser que un mill\u00f3n de mujeres se hagan el diagn\u00f3stico, el examen de la mastograf\u00eda\u201d, mencion\u00f3.<\/p>\n<p>Desde la Plaza Tlaxcoaque, en el Centro Hist\u00f3rico, la mandataria capitalina inform\u00f3 que el mill\u00f3n de mastograf\u00edas se aplicar\u00e1n a aquellas mujeres que no cuenten con seguro social o recursos para practicarse este estudio.<\/p>\n<p>\u201cEl pr\u00f3ximo a\u00f1o, un mill\u00f3n de mujeres de la Ciudad de M\u00e9xico, que son las que no tienen seguridad social, que son las que no tienen condiciones econ\u00f3micas para hacerse una mastograf\u00eda, el Gobierno de la Ciudad garantizar\u00e1 que se hagan una mastograf\u00eda\u201d, dijo.<\/p>\n<p>Acompa\u00f1ada por integrantes de su gabinete y del sector salud, Brugada Molina dio el banderazo de salida de los primeros 20 mast\u00f3grafos m\u00f3viles de 100 que se adquirir\u00e1n, a los que se suma el que se encuentra en la Utop\u00eda Cihuac\u00f3atl, en la alcald\u00eda Iztapalapa, y mencion\u00f3 que para 2027 se realizar\u00e1 la adquisici\u00f3n de m\u00e1s mast\u00f3grafos, con lo cual se espera llegar a la meta de un total de 100; esto, con el fin de garantizar la salud de miles de mujeres capitalinas.<\/p>\n<p>Adem\u00e1s, coment\u00f3 que el pr\u00f3ximo a\u00f1o se trabajar\u00e1 para llevar a cabo un convenio con laboratorios privados, a fin de que luego de que el gobierno capitalino otorgue vales de forma gratuita, las mujeres se realicen el estudio cl\u00ednico.<\/p>\n<p>Brugada Molina hizo un llamado a todas las habitantes de la capital, as\u00ed como a instituciones de salud y organizaciones no gubernamentales a promover las pr\u00e1cticas de prevenci\u00f3n para detectar el c\u00e1ncer de mama, como lo es la autoexploraci\u00f3n.<\/p>\n<p>\u201cConvoquemos a una gran campa\u00f1a de autoexploraci\u00f3n que nos ayude, por ejemplo, a romper el r\u00e9cord Guinness, un r\u00e9cord Guinness de autoexploraci\u00f3n mamaria, y que convoquemos a la clase de autoexploraci\u00f3n mamaria m\u00e1s grande del mundo\u201d, coment\u00f3.<\/p>\n<p>La secretaria de Salud, Nadine Gasman Zylbermann, inform\u00f3 que el c\u00e1ncer de mama es el m\u00e1s frecuente entre las mujeres y una de las principales causas de muerte en mayores de 25 a\u00f1os. \u201cEn M\u00e9xico, cada a\u00f1o se registran alrededor de 8 mil defunciones por esta causa y muchas de \u00e9stas podr\u00edan haberse prevenido con una mastograf\u00eda a tiempo\u201d, se\u00f1al\u00f3.<\/p>\n<p>En ese sentido, indic\u00f3 que la Jefa de Gobierno impulsa pol\u00edticas p\u00fablicas para fortalecer la prevenci\u00f3n, la detecci\u00f3n, el tratamiento del c\u00e1ncer de mama, con la instalaci\u00f3n de 100\u00a0 mast\u00f3grafos que permitir\u00e1n acercar los servicios de detecci\u00f3n a todos los territorios de la ciudad, para garantizar que ninguna mujer se quede sin atenci\u00f3n ni acompa\u00f1amiento.<\/p>\n<p>\u201cContamos con unidades m\u00f3viles que acuden a las 16 alcald\u00edas priorizando la accesibilidad a las zonas de mayor vulnerabilidad, as\u00ed como un mast\u00f3grafo en una Utop\u00eda y tendremos en todas las Utop\u00edas y en los centros de salud y unidades hospitalarias que realizan mastograf\u00edas de forma gratuita\u201d,\u00a0 dijo.<\/p>\n<p>Asimismo, refiri\u00f3 que la atenci\u00f3n oportuna y acompa\u00f1amiento integral a esta enfermedad incluye apoyo psicol\u00f3gico, nutricional y social, al reconocer el impacto f\u00edsico y emocional que implica el proceso terap\u00e9utico.<\/p>\n<p>Norma Ang\u00e9lica Rivera, usuaria del servicio de mastograf\u00eda, agradeci\u00f3 a la Jefa de Gobierno por impulsar campa\u00f1as que garantizan los derechos humanos y el acceso a la salud de las mujeres, al brindar herramientas de prevenci\u00f3n fundamentales para salvar vidas con un procedimiento r\u00e1pido, con m\u00ednima molestia y equipo nuevo, insumos desechables y personal altamente emp\u00e1tico.<\/p>\n<p>Subray\u00f3 que invertir en la salud de las mujeres mediante estas jornadas es esencial, sobre todo para quienes no cuentan con acceso a servicios m\u00e9dicos, ya que representan una oportunidad real para la detecci\u00f3n oportuna y el cuidado integral.<\/p>\n<p>&nbsp;<\/p>\n<p><strong>\u00a0<\/strong><\/p>\n<p>&nbsp;<\/p>\n<p>&nbsp;<\/p>\n<p>&nbsp;<\/p>\n","protected":false},"excerpt":{"rendered":"<p>Convoca a mujeres a participar La meta en 2026 es de un mill\u00f3n de mastograf\u00edas para mujeres que no cuenten con seguro social o recursos En el marco del D\u00eda Mundial de la Lucha Contra el C\u00e1ncer de Mama, la Jefa de Gobierno de la Ciudad de M\u00e9xico, Clara Brugada Molina, encabez\u00f3 el arranque de [&hellip;]<\/p>\n","protected":false},"author":14,"featured_media":690852,"comment_status":"open","ping_status":"open","sticky":false,"template":"","format":"standard","meta":{"_monsterinsights_skip_tracking":false,"_monsterinsights_sitenote_active":false,"_monsterinsights_sitenote_note":"","_monsterinsights_sitenote_category":0,"footnotes":""},"categories":[6],"tags":[],"class_list":["post-690850","post","type-post","status-publish","format-standard","has-post-thumbnail","hentry","category-cd-de-mexico"],"_links":{"self":[{"href":"https:\/\/www.diarioimagen.net\/index.php?rest_route=\/wp\/v2\/posts\/690850","targetHints":{"allow":["GET"]}}],"collection":[{"href":"https:\/\/www.diarioimagen.net\/index.php?rest_route=\/wp\/v2\/posts"}],"about":[{"href":"https:\/\/www.diarioimagen.net\/index.php?rest_route=\/wp\/v2\/types\/post"}],"author":[{"embeddable":true,"href":"https:\/\/www.diarioimagen.net\/index.php?rest_route=\/wp\/v2\/users\/14"}],"replies":[{"embeddable":true,"href":"https:\/\/www.diarioimagen.net\/index.php?rest_route=%2Fwp%2Fv2%2Fcomments&post=690850"}],"version-history":[{"count":2,"href":"https:\/\/www.diarioimagen.net\/index.php?rest_route=\/wp\/v2\/posts\/690850\/revisions"}],"predecessor-version":[{"id":690854,"href":"https:\/\/www.diarioimagen.net\/index.php?rest_route=\/wp\/v2\/posts\/690850\/revisions\/690854"}],"wp:featuredmedia":[{"embeddable":true,"href":"https:\/\/www.diarioimagen.net\/index.php?rest_route=\/wp\/v2\/media\/690852"}],"wp:attachment":[{"href":"https:\/\/www.diarioimagen.net\/index.php?rest_route=%2Fwp%2Fv2%2Fmedia&parent=690850"}],"wp:term":[{"taxonomy":"category","embeddable":true,"href":"https:\/\/www.diarioimagen.net\/index.php?rest_route=%2Fwp%2Fv2%2Fcategories&post=690850"},{"taxonomy":"post_tag","embeddable":true,"href":"https:\/\/www.diarioimagen.net\/index.php?rest_route=%2Fwp%2Fv2%2Ftags&post=690850"}],"curies":[{"name":"wp","href":"https:\/\/api.w.org\/{rel}","templated":true}]}}