{"id":691146,"date":"2025-10-29T21:32:46","date_gmt":"2025-10-30T03:32:46","guid":{"rendered":"https:\/\/www.diarioimagen.net\/?p=691146"},"modified":"2025-10-29T21:32:46","modified_gmt":"2025-10-30T03:32:46","slug":"sin-combatir-la-corrupcion-morena-y-satelites-dan-valor-de-ley-a-militarizacion","status":"publish","type":"post","link":"https:\/\/www.diarioimagen.net\/?p=691146","title":{"rendered":"\u00a0  Sin combatir la corrupci\u00f3n, Morena y  sat\u00e9lites dan valor de ley a militarizaci\u00f3n"},"content":{"rendered":"<p>CLASE POLITICA\u00a0 Miguel \u00c1ngel Rivera<\/p>\n<p>&nbsp;<\/p>\n<p>&nbsp;<\/p>\n<p>&nbsp;<\/p>\n<p>En todos los \u00e1mbitos de la Rep\u00fablica e inclusive en el extranjero, la Secretar\u00eda de Marina (Armada de M\u00e9xico) goz\u00f3 de fama de ser una de las instituciones m\u00e1s honorables reconocida por su compromiso con la seguridad, la soberan\u00eda y el servicio a la naci\u00f3n.<\/p>\n<p>Todo eso hasta que la llamada Cuarta Transformaci\u00f3n la llev\u00f3 al desprestigio.<\/p>\n<p>Si bien, como se apunta, la instituci\u00f3n contribuy\u00f3 a mejorar la vida nacional en diversos \u00e1mbitos, el ex presidente Andr\u00e9s Manuel L\u00f3pez Obrador la orill\u00f3 al desprestigio, al encargarle labores ajenas. Esto a pesar de que desde todos los rumbos de la sociedad \u2013excepto, claro, en su \u201cmovimiento\u201d, donde su palabra es la ley\u2013 se le pidi\u00f3 no llevar a los marinos a rumbos cercanos a la corrupci\u00f3n.<\/p>\n<p>Las advertencias resultaron acertadas, como lo demuestra la repudiable fechor\u00eda conocida como \u201chuachicol fiscal\u201d, que no acaba de ser debidamente castigada, pero en la que est\u00e1n involucrados mandos de la prestigiada Armada que sucumbieron a la tentaci\u00f3n. S\u00f3lo como referencia, basta recordar c\u00e1lculos basados en cifras oficiales que advierten que la p\u00e9rdida para el erario, es decir para el pa\u00eds, puede sumar casi 600 mil millones de pesos, s\u00f3lo en evasi\u00f3n de impuestos.<\/p>\n<p>Este lamentable proceso y otras supuestas fallas llevaron al propio gobierno de la llamada Cuarta Transformaci\u00f3n a promover una reforma a la Ley Org\u00e1nica de esa dependencia. La presidenta (con A) Claudia Sheinbaum Pardo envi\u00f3 una iniciativa para reorganizar a esa instituci\u00f3n y formalizar las atribuciones que, mediante decretos presidenciales, se le dieron en materia de aduanas.<\/p>\n<p>El error no fue corregido. Por el contrario, se le concedi\u00f3 la fuerza de ley, ya que primero fue aprobada en la C\u00e1mara de Diputados con un total de 344 contra s\u00f3lo 127 y ayer fue ratificada en el Senado con 72 votos a favor y 31 en contra. Se impuso la mayor\u00eda oficialista integrada por Morena y sus r\u00e9moras del PT y PVEM, por lo cual la nueva ley fue enviada al Ejecutivo para su entrada en vigor.<\/p>\n<p>Al presentar la iniciativa, para ser aprobada por el pleno, el senador morenista Carlos Lomel\u00ed Bola\u00f1os \u2013m\u00e9dico de profesi\u00f3n y empresario en la comercializaci\u00f3n de medicamentos, no siempre con buenos resultados\u2013 afirm\u00f3 que, con esta legislaci\u00f3n, \u201cla Armada tendr\u00e1 m\u00e1s herramientas, m\u00e1s coordinaci\u00f3n y m\u00e1s recursos para apoyar a las autoridades civiles sin sustituirlas y colaborar\u00e1 respetando la Constituci\u00f3n y por supuesto los derechos humanos.<\/p>\n<p>\u201cNo se trata de militarizar, sino de proteger con disciplina y eficiencia y transparencia. Esta ley no ampl\u00eda el poder de las armas, sino el poder de la ley y del Estado mexicano sobre sus mares, su ciberespacio y su futuro\u201d, a\u00f1adi\u00f3 el ex \u201csuper delegado\u201d de Morena en Jalisco, que ha fracasado repetidamente en su intento por gobernar ese estado.<\/p>\n<p>El florido panorama presentado por el legislador oficialista fue inmediatamente desdibujado por el coordinador de los senadores del PRI, el guerrerense Manuel A\u00f1orve Ba\u00f1os, quien present\u00f3 una moci\u00f3n suspensiva que, obviamente, fue desechada por la aplastante mayor\u00eda progubernamental.<\/p>\n<p>De cualquier forma, queda para el registro lo denunciado por el legislador de oposici\u00f3n:<\/p>\n<p>\u201cEl PRI, por supuesto que est\u00e1 con los marinos que todos los d\u00edas defienden al pa\u00eds en nuestros mares, pero no con los pol\u00edticos, que desde Palacio Nacional quieren convertir a la Marina en una oficina m\u00e1s del poder presidencial.<\/p>\n<p>\u201cEsta ley que hoy se pretende aprobar no fortalece a la Armada, la somete. No le da rumbo, la pone al servicio de intereses pol\u00edticos.<\/p>\n<p>\u201cMorena habla de modernizaci\u00f3n, pero lo que est\u00e1 haciendo es meterle la mano al coraz\u00f3n de una de las instituciones m\u00e1s respetadas del pa\u00eds.<\/p>\n<p>\u201cDurante d\u00e9cadas, la Marina ha sido orgullo nacional, profesional, disciplinada, eficiente, pero hoy, con esta minuta, la est\u00e1n contaminando con el virus del control pol\u00edtico, con la misma arrogancia con la que sometieron al Poder Judicial.<\/p>\n<p>\u201cDesaparecieron los organismos aut\u00f3nomos, con la misma arrogancia que sometieron al INE, al Congreso y, por supuesto, con este traje a la medida de un Estado autoritario como el que Morena construye todos los d\u00edas.<\/p>\n<p>\u201cDicen que buscan fortalecer sus capacidades.<\/p>\n<p>\u201c\u00bfY cu\u00e1l es su idea de fortalecimiento?&#8230;<\/p>\n<p>&#8230; \u201cUna estructura que elimina contrapesos, que concentra poder, que borra la autonom\u00eda operativa de la Armada. Eso no es fortalecer, eso es centralizar y someter.<\/p>\n<p>\u201cAdem\u00e1s, sin un solo argumento, y esto es muy grave, eliminan de la ley todas las menciones a la protecci\u00f3n de los derechos humanos. Esto no es casualidad ni descuido, es el verdadero rostro autoritario de Morena.<\/p>\n<p>\u201cQuieren controlar todo sin tener que dar explicaciones ni garantizar los derechos humanos de las y los mexicanos y, mientras tantos, el verdadero c\u00e1ncer que est\u00e1 hundiendo a la Marina ni siquiera se toca: El huachicol fiscal.<\/p>\n<p>\u201cRecuerden que el ex presidente Andr\u00e9s Manuel L\u00f3pez Obrador les dio el control absoluto de aduanas, terminales mar\u00edtimas, toda la operaci\u00f3n que concluy\u00f3 en el c\u00e1rtel de Palacio Nacional de Andr\u00e9s Manuel L\u00f3pez Obrador y, por supuesto, en el robo del siglo de 600 mil millones de pesos que hoy esos 600 mil millones de pesos se ven reflejados en el Presupuesto 2026 y la necesidad de estarle cobrando impuestos a todos los mexicanos.<\/p>\n<p>\u201cEsta red de corrupci\u00f3n, donde estuvo involucrado el ex secretario de Marina, Ojeda, donde solamente han detenido a un vice contraalmirante Far\u00edas y, el otro amparado por los jueces del bienestar, por supuesto que oper\u00f3 con la complicidad dentro y fuera de la instituci\u00f3n y no se combate con m\u00e1s jerarqu\u00edas ni con discursos vac\u00edos, se combate con fiscalizaci\u00f3n, control y voluntad pol\u00edtica.<\/p>\n<p>\u201cPero, claro, esto no lo quieren tocar porque muchos intereses del gobierno anterior est\u00e1n hasta el cuello.<\/p>\n<p>\u201cY quiero tambi\u00e9n decir que esta ley habla de inteligencia artificial, aduanas y aeropuertos, pero no dedica una l\u00ednea a frenar este saqueo mar\u00edtimo que vac\u00eda las arcas del pa\u00eds, y no lo digo yo, lo dicen los propios informes oficiales.<\/p>\n<p>\u201cMientras el gobierno presume modernizaci\u00f3n, el huachicol se dispar\u00f3 400% del mar, y la Marina le dan nuevas funciones, como lo he dicho, pero sin presupuesto, sin resultados, parece que quieren usarla para todo menos para lo que realmente importa\u201d, expres\u00f3 el legislador priista, quien todav\u00eda agreg\u00f3:<\/p>\n<p>\u201cNo olvidemos un tema, una promesa de la campa\u00f1a de Andr\u00e9s Manuel L\u00f3pez Obrador fue terminar con la militarizaci\u00f3n del pa\u00eds y seis a\u00f1os despu\u00e9s lo que tenemos en M\u00e9xico es m\u00e1s militarizaci\u00f3n que nunca, ah\u00ed est\u00e1 la Guardia Nacional en manos de la Sedena, las aduanas y aeropuertos, como he dicho, en manos, por supuesto, de las fuerzas armadas.<\/p>\n<p>\u201cY del problema del AIFA, ya ni hablamos, porque tambi\u00e9n es herencia de Andr\u00e9s Manuel L\u00f3pez Obrador en aferrarse en hacer un aeropuerto, por supuesto, una obra fara\u00f3nica que hoy al tomar decisiones equivocadas tiene en problemas a la actual Presidenta de la Rep\u00fablica por deteriorar la relaci\u00f3n bilateral con los Estados Unidos.<\/p>\n<p>\u201cPrometieron paz, pero solo destruyen el prestigio de las fuerzas armadas.<\/p>\n<p>\u201cPrometieron seguridad, pero en realidad solo quieren obediencia ciega.<\/p>\n<p>\u201cPrometieron democracia, nos entregan autoritarismo.<\/p>\n<p>\u201cEsto no es gobernar con estrategia, esto es gobernar con miedo\u201d.<\/p>\n<p>Luego, durante el debate en lo general, a nombre de la bancada de MC, Alejandra Barrales Magdalena abund\u00f3 en los negativos de la iniciativa:<\/p>\n<p>\u201cEn Movimiento Ciudadano estamos en contra de esta nueva ley que hoy se pretende votar. Estamos en contra porque esta ley justo se busca aprobar en un contexto que no puede ni debe ser ignorado, el del llamado huachicol fiscal.<\/p>\n<p>\u201cLos efectos, adem\u00e1s, profundamente negativos que ha tenido en la disciplina, en la imagen y en el funcionamiento, particularmente de la Marina.<\/p>\n<p>\u201cPor eso, al discutir esta ley es indispensable reconocer que el combate al huachicol fiscal no puede justificarse a costa de militarizar las aduanas, ni de cargar sobre la Marina funciones ajenas a su esencia.<\/p>\n<p>\u201cLa seguridad econ\u00f3mica del pa\u00eds debe fortalecerse con instituciones civiles eficientes y con controles democr\u00e1ticos, no con la expansi\u00f3n de atribuciones militares\u201d, manifest\u00f3 Barrales, quien resalt\u00f3:<\/p>\n<p>\u201cNo podemos acompa\u00f1ar una ley que otorga facultades excesivas y discrecionales al Ejecutivo y a los mandos militares sin contrapesos civiles ni legislativos\u201d.<\/p>\n<p>&nbsp;<\/p>\n","protected":false},"excerpt":{"rendered":"<p>CLASE POLITICA\u00a0 Miguel \u00c1ngel Rivera &nbsp; &nbsp; &nbsp; En todos los \u00e1mbitos de la Rep\u00fablica e inclusive en el extranjero, la Secretar\u00eda de Marina (Armada de M\u00e9xico) goz\u00f3 de fama de ser una de las instituciones m\u00e1s honorables reconocida por su compromiso con la seguridad, la soberan\u00eda y el servicio a la naci\u00f3n. Todo eso [&hellip;]<\/p>\n","protected":false},"author":14,"featured_media":0,"comment_status":"open","ping_status":"open","sticky":false,"template":"","format":"standard","meta":{"_monsterinsights_skip_tracking":false,"_monsterinsights_sitenote_active":false,"_monsterinsights_sitenote_note":"","_monsterinsights_sitenote_category":0,"footnotes":""},"categories":[84119,4],"tags":[],"class_list":["post-691146","post","type-post","status-publish","format-standard","hentry","category-miguel-angel-rivera","category-opinion"],"_links":{"self":[{"href":"https:\/\/www.diarioimagen.net\/index.php?rest_route=\/wp\/v2\/posts\/691146","targetHints":{"allow":["GET"]}}],"collection":[{"href":"https:\/\/www.diarioimagen.net\/index.php?rest_route=\/wp\/v2\/posts"}],"about":[{"href":"https:\/\/www.diarioimagen.net\/index.php?rest_route=\/wp\/v2\/types\/post"}],"author":[{"embeddable":true,"href":"https:\/\/www.diarioimagen.net\/index.php?rest_route=\/wp\/v2\/users\/14"}],"replies":[{"embeddable":true,"href":"https:\/\/www.diarioimagen.net\/index.php?rest_route=%2Fwp%2Fv2%2Fcomments&post=691146"}],"version-history":[{"count":1,"href":"https:\/\/www.diarioimagen.net\/index.php?rest_route=\/wp\/v2\/posts\/691146\/revisions"}],"predecessor-version":[{"id":691147,"href":"https:\/\/www.diarioimagen.net\/index.php?rest_route=\/wp\/v2\/posts\/691146\/revisions\/691147"}],"wp:attachment":[{"href":"https:\/\/www.diarioimagen.net\/index.php?rest_route=%2Fwp%2Fv2%2Fmedia&parent=691146"}],"wp:term":[{"taxonomy":"category","embeddable":true,"href":"https:\/\/www.diarioimagen.net\/index.php?rest_route=%2Fwp%2Fv2%2Fcategories&post=691146"},{"taxonomy":"post_tag","embeddable":true,"href":"https:\/\/www.diarioimagen.net\/index.php?rest_route=%2Fwp%2Fv2%2Ftags&post=691146"}],"curies":[{"name":"wp","href":"https:\/\/api.w.org\/{rel}","templated":true}]}}