{"id":691158,"date":"2025-10-29T21:39:58","date_gmt":"2025-10-30T03:39:58","guid":{"rendered":"https:\/\/www.diarioimagen.net\/?p=691158"},"modified":"2025-10-29T21:39:58","modified_gmt":"2025-10-30T03:39:58","slug":"montan-ofrenda-monumental-en-palacio-de-gobierno","status":"publish","type":"post","link":"https:\/\/www.diarioimagen.net\/?p=691158","title":{"rendered":"Montan Ofrenda Monumental en Palacio de Gobierno"},"content":{"rendered":"<ul>\n<li><strong>Honran a pueblos originarios <\/strong><\/li>\n<\/ul>\n<p><strong>\u00a0<\/strong><\/p>\n<p>&nbsp;<\/p>\n<div id=\"attachment_691159\" style=\"width: 415px\" class=\"wp-caption alignnone\"><img loading=\"lazy\" decoding=\"async\" aria-describedby=\"caption-attachment-691159\" class=\"wp-image-691159 size-large\" src=\"https:\/\/www.diarioimagen.net\/wp-content\/uploads\/2025\/10\/EDOMEX-2-ok-15-405x270.jpg\" alt=\"\" width=\"405\" height=\"270\" srcset=\"https:\/\/www.diarioimagen.net\/wp-content\/uploads\/2025\/10\/EDOMEX-2-ok-15-405x270.jpg 405w, https:\/\/www.diarioimagen.net\/wp-content\/uploads\/2025\/10\/EDOMEX-2-ok-15-240x160.jpg 240w, https:\/\/www.diarioimagen.net\/wp-content\/uploads\/2025\/10\/EDOMEX-2-ok-15-768x513.jpg 768w, https:\/\/www.diarioimagen.net\/wp-content\/uploads\/2025\/10\/EDOMEX-2-ok-15.jpg 1500w\" sizes=\"auto, (max-width: 405px) 100vw, 405px\" \/><p id=\"caption-attachment-691159\" class=\"wp-caption-text\">la gobernadora Delfina G\u00f3mez \u00c1lvarez inaugur\u00f3 la Ofrenda Monumental de D\u00eda de Muertos en el patio central de Palacio de Gobierno, la Casa del Pueblo,<\/p><\/div>\n<p>&nbsp;<\/p>\n<p>Toluca, Estado de M\u00e9xico.\u2013 Para reconocer y rendir un homenaje a las tradiciones y diversidad del Estado de M\u00e9xico, la gobernadora Delfina G\u00f3mez \u00c1lvarez inaugur\u00f3 la Ofrenda Monumental de D\u00eda de Muertos en el patio central de Palacio de Gobierno, la Casa del Pueblo. Un espacio lleno de color, flores, luces y elementos simb\u00f3licos que muestran la cosmovisi\u00f3n de los pueblos originarios mazahua, otom\u00ed, nahua, matlatzinca y tlahuica.<\/p>\n<p>\u201cInvito a todo el pueblo mexiquense y a quienes viven en otros estados de la Rep\u00fablica a ser parte de esta expresi\u00f3n cultural; adem\u00e1s, podr\u00e1n disfrutar de diversas actividades que se han preparado como parte del Gran Circuito Cultural y Tur\u00edstico del D\u00eda de Muertos en esta capital\u201d, se\u00f1al\u00f3 la Gobernadora Delfina G\u00f3mez durante la inauguraci\u00f3n de esta estructura.<\/p>\n<p>La Tercera Ofrenda Monumental forma parte del Gran Circuito Cultural y Tur\u00edstico de D\u00eda de Muertos, que concentra actividades en el primer cuadro de la capital mexiquense para dar a conocer la belleza y tradiciones de los pueblos m\u00e1gicos y difundir las tradiciones y forma de vida de los pueblos originarios.<\/p>\n<p>Est\u00e1 obra es una creaci\u00f3n colectiva que celebra la vida, la memoria y las ra\u00edces que nos unen como pueblo: cinco canoas, con s\u00edmbolos de las etnias del Estado de M\u00e9xico; un kiosco central, que representa la unidad de los 125 municipios mexiquenses; as\u00ed como un lago simb\u00f3lico y arcos florales, elementos que narran el viaje del alma en su retorno desde el Mictl\u00e1n al mundo de los vivos.<\/p>\n<p><strong>\u00a0<\/strong><\/p>\n<p><strong>\u00a0Derrama econ\u00f3mica de 1,991 mdp por la venta de flor de cempas\u00fachil <\/strong><\/p>\n<p>&nbsp;<\/p>\n<p>El gobierno de Delfina G\u00f3mez \u00c1lvarez, a trav\u00e9s de la Secretar\u00eda del Campo, otorga con el Programa Transformando el Campo, apoyos directos a los floricultores para la producci\u00f3n, infraestructura y comercializaci\u00f3n de flores como el cempas\u00fachil, con el que se espera una derrama econ\u00f3mica de mil 991 millones de pesos por su venta para la temporada del D\u00eda de Muertos.<\/p>\n<p>Estos incentivos incluyen la entrega de insumos agr\u00edcolas, como cubierta pl\u00e1stica y material vegetativo, as\u00ed como equipamiento e infraestructura, entre ellos invernaderos y sistemas de riego tecnificado.<\/p>\n<p>En el Estado de M\u00e9xico la flor de cempas\u00fachil es producida en mil 937 hect\u00e1reas, colocando a la entidad en el tercer lugar nacional en la producci\u00f3n de esta flor despu\u00e9s de Puebla y la Ciudad de M\u00e9xico.<\/p>\n<p>Los municipios con mayor participaci\u00f3n en la producci\u00f3n son: Atlacomulco, Tenango del Valle, Texcoco, Chicoloapan, Ozumba, Tenancingo, Tepetlixpa, Malinalco y Chimalhuac\u00e1n.<\/p>\n<p>&nbsp;<\/p>\n<p><strong>\u00a0<\/strong><\/p>\n<p><strong>\u00a0<\/strong><\/p>\n","protected":false},"excerpt":{"rendered":"<p>Honran a pueblos originarios \u00a0 &nbsp; &nbsp; Toluca, Estado de M\u00e9xico.\u2013 Para reconocer y rendir un homenaje a las tradiciones y diversidad del Estado de M\u00e9xico, la gobernadora Delfina G\u00f3mez \u00c1lvarez inaugur\u00f3 la Ofrenda Monumental de D\u00eda de Muertos en el patio central de Palacio de Gobierno, la Casa del Pueblo. Un espacio lleno de [&hellip;]<\/p>\n","protected":false},"author":14,"featured_media":691159,"comment_status":"open","ping_status":"open","sticky":false,"template":"","format":"standard","meta":{"_monsterinsights_skip_tracking":false,"_monsterinsights_sitenote_active":false,"_monsterinsights_sitenote_note":"","_monsterinsights_sitenote_category":0,"footnotes":""},"categories":[5],"tags":[],"class_list":["post-691158","post","type-post","status-publish","format-standard","has-post-thumbnail","hentry","category-estado-de-mexico"],"_links":{"self":[{"href":"https:\/\/www.diarioimagen.net\/index.php?rest_route=\/wp\/v2\/posts\/691158","targetHints":{"allow":["GET"]}}],"collection":[{"href":"https:\/\/www.diarioimagen.net\/index.php?rest_route=\/wp\/v2\/posts"}],"about":[{"href":"https:\/\/www.diarioimagen.net\/index.php?rest_route=\/wp\/v2\/types\/post"}],"author":[{"embeddable":true,"href":"https:\/\/www.diarioimagen.net\/index.php?rest_route=\/wp\/v2\/users\/14"}],"replies":[{"embeddable":true,"href":"https:\/\/www.diarioimagen.net\/index.php?rest_route=%2Fwp%2Fv2%2Fcomments&post=691158"}],"version-history":[{"count":1,"href":"https:\/\/www.diarioimagen.net\/index.php?rest_route=\/wp\/v2\/posts\/691158\/revisions"}],"predecessor-version":[{"id":691160,"href":"https:\/\/www.diarioimagen.net\/index.php?rest_route=\/wp\/v2\/posts\/691158\/revisions\/691160"}],"wp:featuredmedia":[{"embeddable":true,"href":"https:\/\/www.diarioimagen.net\/index.php?rest_route=\/wp\/v2\/media\/691159"}],"wp:attachment":[{"href":"https:\/\/www.diarioimagen.net\/index.php?rest_route=%2Fwp%2Fv2%2Fmedia&parent=691158"}],"wp:term":[{"taxonomy":"category","embeddable":true,"href":"https:\/\/www.diarioimagen.net\/index.php?rest_route=%2Fwp%2Fv2%2Fcategories&post=691158"},{"taxonomy":"post_tag","embeddable":true,"href":"https:\/\/www.diarioimagen.net\/index.php?rest_route=%2Fwp%2Fv2%2Ftags&post=691158"}],"curies":[{"name":"wp","href":"https:\/\/api.w.org\/{rel}","templated":true}]}}