{"id":691167,"date":"2025-10-29T21:45:00","date_gmt":"2025-10-30T03:45:00","guid":{"rendered":"https:\/\/www.diarioimagen.net\/?p=691167"},"modified":"2025-10-29T21:45:00","modified_gmt":"2025-10-30T03:45:00","slug":"la-cineteca-nacional-chapultepec-rinde-homenaje-a-maria-felix","status":"publish","type":"post","link":"https:\/\/www.diarioimagen.net\/?p=691167","title":{"rendered":"LA CINETECA NACIONAL CHAPULTEPEC RINDE HOMENAJE A MAR\u00cdA F\u00c9LIX"},"content":{"rendered":"<p>&nbsp;<\/p>\n<p>&nbsp;<\/p>\n<ul>\n<li><strong>En los pasillos del recinto cinematogr\u00e1fico, se presentar\u00e1 la exposici\u00f3n \u201cUna diosa para una diosa. La Do\u00f1a\u201d <\/strong><\/li>\n<li><strong>Se proyectar\u00e1n los cl\u00e1sicos: <em>El pe\u00f1\u00f3n de las \u00c1nimas <\/em>(Miguel Zacar\u00edas, 1943), <em>Enamorada <\/em>(Emilio Fern\u00e1ndez, 1946), <em>R\u00edo escondido <\/em>(Emilio Fern\u00e1ndez, 1948) y <em>La diosa arrodillada <\/em>(Roberto Gavald\u00f3n, 1949)<\/strong><\/li>\n<li><strong>La programaci\u00f3n se complementa con la conferencia \u201cLa Do\u00f1a, la diva, el mito\u201d, a cargo del investigador y especialista Ignacio Dur\u00e1n<\/strong><\/li>\n<\/ul>\n<p><img loading=\"lazy\" decoding=\"async\" class=\"alignnone wp-image-691169 size-large\" src=\"https:\/\/www.diarioimagen.net\/wp-content\/uploads\/2025\/10\/MARIA-FELIX-288x270.jpeg\" alt=\"\" width=\"288\" height=\"270\" srcset=\"https:\/\/www.diarioimagen.net\/wp-content\/uploads\/2025\/10\/MARIA-FELIX-288x270.jpeg 288w, https:\/\/www.diarioimagen.net\/wp-content\/uploads\/2025\/10\/MARIA-FELIX-240x225.jpeg 240w, https:\/\/www.diarioimagen.net\/wp-content\/uploads\/2025\/10\/MARIA-FELIX-768x720.jpeg 768w, https:\/\/www.diarioimagen.net\/wp-content\/uploads\/2025\/10\/MARIA-FELIX-1536x1440.jpeg 1536w, https:\/\/www.diarioimagen.net\/wp-content\/uploads\/2025\/10\/MARIA-FELIX-2048x1920.jpeg 2048w\" sizes=\"auto, (max-width: 288px) 100vw, 288px\" \/><\/p>\n<p>La Cineteca Nacional Chapultepec, recinto de la Secretar\u00eda de Cultura del Gobierno de M\u00e9xico, recibe la exposici\u00f3n \u201cUna diosa para una diosa. La Do\u00f1a\u201d, que re\u00fane 58 im\u00e1genes de gran formato, un recorrido a la vida, la trayectoria art\u00edstica y el mito de Mar\u00eda F\u00e9lix, una de las figuras m\u00e1s reconocidas del cine mexicano del siglo XX.<\/p>\n<p>&nbsp;<\/p>\n<p>Despu\u00e9s de su paso por la 23\u00aa edici\u00f3n del Festival Internacional de Cine de Morelia, la muestra \u2013con curadur\u00eda de H\u00e9ctor Orozco\u2013 revela desde la fuerza indomable de <em>Do\u00f1a B\u00e1rbara <\/em>hasta la pasi\u00f3n de <em>Enamorada<\/em>, as\u00ed como los v\u00ednculos de la actriz con grandes personalidades del arte y la cultura, entre ellas Agust\u00edn Lara, Jorge Negrete, Emilio \u201cEl Indio\u201d Fern\u00e1ndez y el cinefot\u00f3grafo Gabriel Figueroa.<\/p>\n<p>&nbsp;<\/p>\n<p>El t\u00edtulo de la exposici\u00f3n remite a la frase que pronunci\u00f3, en 1989, Guillermo V\u00e1zquez Villalobos, presidente de Periodistas Cinematogr\u00e1ficos de M\u00e9xico (PECIME), al entregar a la actriz la Diosa de Plata por una trayectoria que abarc\u00f3 47 pel\u00edculas realizadas en Espa\u00f1a, Francia, Italia y M\u00e9xico.<\/p>\n<p>&nbsp;<\/p>\n<p>La exposici\u00f3n, que se muestra en los pasillos que conectan las salas de la Cineteca Nacional Chapultepec y que cuenta con apoyo de Fundaci\u00f3n Televisa, invita a redescubrir a La Do\u00f1a como un s\u00edmbolo de la mujer que construye su propio mito y que inspira a nuevas generaciones.<\/p>\n<p>&nbsp;<\/p>\n<p>&nbsp;<\/p>\n<p>Asimismo, como parte del homenaje, la Cineteca Nacional presenta un ciclo dedicado a la obra de la artista, considerada una de las mayores estrellas internacionales de la \u00c9poca de Oro del cine mexicano, se integra por:<\/p>\n<p>&nbsp;<\/p>\n<ul>\n<li><em>El pe\u00f1\u00f3n de las \u00c1nimas <\/em>(Miguel Zacar\u00edas, 1943) | 24 al 30 de octubre<\/li>\n<li><em>Enamorada <\/em>(Emilio Fern\u00e1ndez, 1946) | 31 de octubre al 6 de noviembre<\/li>\n<li><em>R\u00edo escondido <\/em>(Emilio Fern\u00e1ndez, 1948) | 7 al 13 de noviembre<\/li>\n<li><em>La diosa arrodillada <\/em>(Roberto Gavald\u00f3n, 1949) | 14 al 20 de noviembre<\/li>\n<\/ul>\n<p>&nbsp;<\/p>\n<p>Dichas pel\u00edculas ofrecen un recorrido por la fuerza interpretativa, el magnetismo y la presencia cinematogr\u00e1fica de La Do\u00f1a, cuyo legado art\u00edstico permanece como una referencia fundamental del cine mexicano.<\/p>\n<p>&nbsp;<\/p>\n<p>Para complementar la programaci\u00f3n, el investigador y especialista Ignacio Dur\u00e1n impartir\u00e1 la conferencia \u201cLa Do\u00f1a, la diva, el mito\u201d, un espacio de an\u00e1lisis y reflexi\u00f3n sobre Mar\u00eda Felix y su impacto en la cultura mexicana. La cita ser\u00e1 el pr\u00f3ximo s\u00e1bado 8 de noviembre a las 13 h en la Sala 6 del recinto de Chapultepec.<\/p>\n<p>&nbsp;<\/p>\n<p>Con dichas actividades, la Cineteca Nacional Chapultepec celebra la trayectoria, la presencia y la influencia de la actriz, figura ic\u00f3nica cuya personalidad y legado marcan la historia del cine y la cultura de M\u00e9xico.<\/p>\n","protected":false},"excerpt":{"rendered":"<p>&nbsp; &nbsp; En los pasillos del recinto cinematogr\u00e1fico, se presentar\u00e1 la exposici\u00f3n \u201cUna diosa para una diosa. La Do\u00f1a\u201d Se proyectar\u00e1n los cl\u00e1sicos: El pe\u00f1\u00f3n de las \u00c1nimas (Miguel Zacar\u00edas, 1943), Enamorada (Emilio Fern\u00e1ndez, 1946), R\u00edo escondido (Emilio Fern\u00e1ndez, 1948) y La diosa arrodillada (Roberto Gavald\u00f3n, 1949) La programaci\u00f3n se complementa con la conferencia \u201cLa [&hellip;]<\/p>\n","protected":false},"author":14,"featured_media":691169,"comment_status":"open","ping_status":"open","sticky":false,"template":"","format":"standard","meta":{"_monsterinsights_skip_tracking":false,"_monsterinsights_sitenote_active":false,"_monsterinsights_sitenote_note":"","_monsterinsights_sitenote_category":0,"footnotes":""},"categories":[12],"tags":[],"class_list":["post-691167","post","type-post","status-publish","format-standard","has-post-thumbnail","hentry","category-espectaculos"],"_links":{"self":[{"href":"https:\/\/www.diarioimagen.net\/index.php?rest_route=\/wp\/v2\/posts\/691167","targetHints":{"allow":["GET"]}}],"collection":[{"href":"https:\/\/www.diarioimagen.net\/index.php?rest_route=\/wp\/v2\/posts"}],"about":[{"href":"https:\/\/www.diarioimagen.net\/index.php?rest_route=\/wp\/v2\/types\/post"}],"author":[{"embeddable":true,"href":"https:\/\/www.diarioimagen.net\/index.php?rest_route=\/wp\/v2\/users\/14"}],"replies":[{"embeddable":true,"href":"https:\/\/www.diarioimagen.net\/index.php?rest_route=%2Fwp%2Fv2%2Fcomments&post=691167"}],"version-history":[{"count":1,"href":"https:\/\/www.diarioimagen.net\/index.php?rest_route=\/wp\/v2\/posts\/691167\/revisions"}],"predecessor-version":[{"id":691170,"href":"https:\/\/www.diarioimagen.net\/index.php?rest_route=\/wp\/v2\/posts\/691167\/revisions\/691170"}],"wp:featuredmedia":[{"embeddable":true,"href":"https:\/\/www.diarioimagen.net\/index.php?rest_route=\/wp\/v2\/media\/691169"}],"wp:attachment":[{"href":"https:\/\/www.diarioimagen.net\/index.php?rest_route=%2Fwp%2Fv2%2Fmedia&parent=691167"}],"wp:term":[{"taxonomy":"category","embeddable":true,"href":"https:\/\/www.diarioimagen.net\/index.php?rest_route=%2Fwp%2Fv2%2Fcategories&post=691167"},{"taxonomy":"post_tag","embeddable":true,"href":"https:\/\/www.diarioimagen.net\/index.php?rest_route=%2Fwp%2Fv2%2Ftags&post=691167"}],"curies":[{"name":"wp","href":"https:\/\/api.w.org\/{rel}","templated":true}]}}