{"id":691185,"date":"2025-10-29T21:53:54","date_gmt":"2025-10-30T03:53:54","guid":{"rendered":"https:\/\/www.diarioimagen.net\/?p=691185"},"modified":"2025-10-29T21:53:54","modified_gmt":"2025-10-30T03:53:54","slug":"cdmx-impulsa-el-financiamiento-al-turismo-rumbo-al-mundial-con-foro-de-financiamiento-al-sector-turistico","status":"publish","type":"post","link":"https:\/\/www.diarioimagen.net\/?p=691185","title":{"rendered":"CDMX impulsa el financiamiento  al turismo rumbo al Mundial con Foro  de Financiamiento al Sector Tur\u00edstico"},"content":{"rendered":"<ul>\n<li><strong>Nueva ruta de colaboraci\u00f3n<\/strong><\/li>\n<\/ul>\n<div id=\"attachment_691186\" style=\"width: 414px\" class=\"wp-caption alignnone\"><img loading=\"lazy\" decoding=\"async\" aria-describedby=\"caption-attachment-691186\" class=\"wp-image-691186 size-large\" src=\"https:\/\/www.diarioimagen.net\/wp-content\/uploads\/2025\/10\/SECTUR-CDMX-OK-404x270.jpg\" alt=\"\" width=\"404\" height=\"270\" srcset=\"https:\/\/www.diarioimagen.net\/wp-content\/uploads\/2025\/10\/SECTUR-CDMX-OK-404x270.jpg 404w, https:\/\/www.diarioimagen.net\/wp-content\/uploads\/2025\/10\/SECTUR-CDMX-OK-240x160.jpg 240w, https:\/\/www.diarioimagen.net\/wp-content\/uploads\/2025\/10\/SECTUR-CDMX-OK-768x513.jpg 768w, https:\/\/www.diarioimagen.net\/wp-content\/uploads\/2025\/10\/SECTUR-CDMX-OK.jpg 1500w\" sizes=\"auto, (max-width: 404px) 100vw, 404px\" \/><p id=\"caption-attachment-691186\" class=\"wp-caption-text\">La Secretar\u00eda de Turismo a trav\u00e9s del Fondo Mixto de Promoci\u00f3n Tur\u00edstica llev\u00f3 a cabo el Primer Foro de Financiamiento al Sector Tur\u00edstico de la Ciudad de M\u00e9xico, un encuentro que reuni\u00f3 a l\u00edderes del sector financiero, hotelero y tur\u00edstico.<\/p><\/div>\n<p>&nbsp;<\/p>\n<p>Con el prop\u00f3sito de fortalecer la base econ\u00f3mica y productiva del turismo en la capital, la Secretar\u00eda de Turismo a trav\u00e9s del Fondo Mixto de Promoci\u00f3n Tur\u00edstica (FMPT),\u00a0 llevaron a cabo el Primer Foro de Financiamiento al Sector Tur\u00edstico de la Ciudad de M\u00e9xico, un encuentro que reuni\u00f3 a l\u00edderes del sector financiero, hotelero y tur\u00edstico para trazar una nueva ruta de colaboraci\u00f3n, inversi\u00f3n y crecimiento sostenible.<\/p>\n<p>El foro nace como un espacio permanente de di\u00e1logo y cooperaci\u00f3n entre los sectores p\u00fablico y privado, orientado a facilitar el acceso al cr\u00e9dito, impulsar la innovaci\u00f3n empresarial y promover la formalizaci\u00f3n laboral. Con ello, la Ciudad de M\u00e9xico busca sentar las bases de un ecosistema tur\u00edstico m\u00e1s competitivo y resiliente, capaz de responder a los desaf\u00edos estructurales de la industria y de capitalizar las oportunidades que traer\u00e1 consigo la Copa Mundial de la FIFA 2026 como motor de modernizaci\u00f3n e inversi\u00f3n.<\/p>\n<p>Durante la inauguraci\u00f3n, en la que participaron el Secretario de Finanzas Juan Pablo DeBotton; Manola Zabalza Aldama, Secretaria de Desarrollo Econ\u00f3mico; Carlos Mart\u00ednez Vel\u00e1zquez, director general del Fondo Mixto de Promoci\u00f3n Tur\u00edstica, subray\u00f3 que este esfuerzo busca transformar la relaci\u00f3n entre la banca y la industria tur\u00edstica:<\/p>\n<p>\u201cEl 90% de las empresas tur\u00edsticas son MIPYMES y, con frecuencia, enfrentan obst\u00e1culos para acceder al cr\u00e9dito. Hoy queremos transformar esa realidad para que el financiamiento deje de ser una barrera y se convierta en una palanca de crecimiento, con productos pertinentes, tiempos razonables y acompa\u00f1amiento t\u00e9cnico\u201d, afirm\u00f3.<\/p>\n<p>Mart\u00ednez Vel\u00e1zquez enfatiz\u00f3 que el FMPT impulsa una agenda de largo plazo, centrada en innovaci\u00f3n, formalizaci\u00f3n y medici\u00f3n de impacto, para que la ciudad est\u00e9 lista no solo para el reto global del Mundial, sino para consolidar su liderazgo tur\u00edstico en la pr\u00f3xima d\u00e9cada.<\/p>\n<p>Por su parte, Alejandra Frausto Guerrero, secretaria de Turismo de la Ciudad de M\u00e9xico, durante la clausura del Foro dedicada a las acciones de la Ciudad de M\u00e9xico hacia el Mundial 2026 &#8211;en la que se cont\u00f3 con la presencia del Presidente de CANACO, Vicente Guti\u00e9rrez Camposeco\u00a0 y representantes de FIFA y HostCity&#8211;, reconoci\u00f3 que este esfuerzo conjunto representa un paso decisivo hacia la modernizaci\u00f3n del sector. \u201cEl verdadero legado del Mundial ser\u00e1 la ciudad que dejemos despu\u00e9s. La Ciudad de M\u00e9xico no solo ser\u00e1 una de las sedes m\u00e1s emblem\u00e1ticas del torneo, sino tambi\u00e9n un referente en la articulaci\u00f3n de esfuerzos p\u00fablicos y privados para que el turismo se convierta en un legado econ\u00f3mico, social y urbano de largo plazo. Con el programa de Regeneraci\u00f3n Urbana en el entorno del Estadio Banorte, que contempla 67 obras para mejorar el agua, drenaje y movilidad, buscamos construir una ciudad m\u00e1s habitable, moderna y sostenible, no solo para el Mundial, sino para todas y todos los que vivimos aqu\u00ed.\u201d, se\u00f1al\u00f3.<\/p>\n<p>&nbsp;<\/p>\n<p>&nbsp;<\/p>\n<p>Durante las mesas de di\u00e1logo se abordaron temas como \u201cLa ciudad como activo: inversi\u00f3n, turismo y crecimiento sostenible\u201d, \u201cInnovaci\u00f3n y digitalizaci\u00f3n para la experiencia tur\u00edstica\u201d, y \u201cFinanciamiento y turismo de cara al Mundial 2026\u201d, con la participaci\u00f3n de representantes de BIVA, Bitso, Host City CDMX, CLIP, Mifel, y Mexico Tech Week, entre otros.<\/p>\n<p>En el cierre del foro, Ricardo Galicia, Director Jur\u00eddico de FIFA M\u00e9xico, celebr\u00f3 el liderazgo de la capital en la preparaci\u00f3n rumbo a 2026.<\/p>\n<p>\u201cEl Mundial 2026 ser\u00e1 un acontecimiento hist\u00f3rico: M\u00e9xico ser\u00e1 el \u00fanico pa\u00eds en recibir una Copa del Mundo por tercera vez, y la Ciudad de M\u00e9xico ser\u00e1 sede de la inauguraci\u00f3n. Seremos escenario de los mejores equipos y ligas del planeta, y esperamos recibir m\u00e1s de 5.5 millones de aficionados a lo largo de 17 d\u00edas, lo que representa una oportunidad \u00fanica para proyectar al pa\u00eds y a su capital ante el mundo\u201d, asegur\u00f3.<\/p>\n<p>&nbsp;<\/p>\n<p>El evento concluy\u00f3 con mesas de atenci\u00f3n directa de Bancomext y Nafin, donde empresarios del sector hotelero, restaurantero y de servicios tur\u00edsticos pudieron conocer de primera mano los programas de cr\u00e9dito y financiamiento disponibles para fortalecer sus operaciones.<\/p>\n<p>&nbsp;<\/p>\n<p>&nbsp;<\/p>\n<p>&nbsp;<\/p>\n","protected":false},"excerpt":{"rendered":"<p>Nueva ruta de colaboraci\u00f3n &nbsp; Con el prop\u00f3sito de fortalecer la base econ\u00f3mica y productiva del turismo en la capital, la Secretar\u00eda de Turismo a trav\u00e9s del Fondo Mixto de Promoci\u00f3n Tur\u00edstica (FMPT),\u00a0 llevaron a cabo el Primer Foro de Financiamiento al Sector Tur\u00edstico de la Ciudad de M\u00e9xico, un encuentro que reuni\u00f3 a l\u00edderes [&hellip;]<\/p>\n","protected":false},"author":14,"featured_media":691186,"comment_status":"open","ping_status":"open","sticky":false,"template":"","format":"standard","meta":{"_monsterinsights_skip_tracking":false,"_monsterinsights_sitenote_active":false,"_monsterinsights_sitenote_note":"","_monsterinsights_sitenote_category":0,"footnotes":""},"categories":[6,11],"tags":[],"class_list":["post-691185","post","type-post","status-publish","format-standard","has-post-thumbnail","hentry","category-cd-de-mexico","category-turismo"],"_links":{"self":[{"href":"https:\/\/www.diarioimagen.net\/index.php?rest_route=\/wp\/v2\/posts\/691185","targetHints":{"allow":["GET"]}}],"collection":[{"href":"https:\/\/www.diarioimagen.net\/index.php?rest_route=\/wp\/v2\/posts"}],"about":[{"href":"https:\/\/www.diarioimagen.net\/index.php?rest_route=\/wp\/v2\/types\/post"}],"author":[{"embeddable":true,"href":"https:\/\/www.diarioimagen.net\/index.php?rest_route=\/wp\/v2\/users\/14"}],"replies":[{"embeddable":true,"href":"https:\/\/www.diarioimagen.net\/index.php?rest_route=%2Fwp%2Fv2%2Fcomments&post=691185"}],"version-history":[{"count":1,"href":"https:\/\/www.diarioimagen.net\/index.php?rest_route=\/wp\/v2\/posts\/691185\/revisions"}],"predecessor-version":[{"id":691187,"href":"https:\/\/www.diarioimagen.net\/index.php?rest_route=\/wp\/v2\/posts\/691185\/revisions\/691187"}],"wp:featuredmedia":[{"embeddable":true,"href":"https:\/\/www.diarioimagen.net\/index.php?rest_route=\/wp\/v2\/media\/691186"}],"wp:attachment":[{"href":"https:\/\/www.diarioimagen.net\/index.php?rest_route=%2Fwp%2Fv2%2Fmedia&parent=691185"}],"wp:term":[{"taxonomy":"category","embeddable":true,"href":"https:\/\/www.diarioimagen.net\/index.php?rest_route=%2Fwp%2Fv2%2Fcategories&post=691185"},{"taxonomy":"post_tag","embeddable":true,"href":"https:\/\/www.diarioimagen.net\/index.php?rest_route=%2Fwp%2Fv2%2Ftags&post=691185"}],"curies":[{"name":"wp","href":"https:\/\/api.w.org\/{rel}","templated":true}]}}